{"id":23667,"date":"2024-01-10T21:38:48","date_gmt":"2024-01-10T20:38:48","guid":{"rendered":"https:\/\/evertonfc.cz\/?post_type=news&#038;p=23667"},"modified":"2024-01-12T22:25:38","modified_gmt":"2024-01-12T21:25:38","slug":"nathalie-bjorn-odchazi","status":"publish","type":"news","link":"https:\/\/evertonfc.cz\/index.php\/news\/nathalie-bjorn-odchazi\/","title":{"rendered":"Nathalie Bj\u00f6rn odch\u00e1z\u00ed"},"content":{"rendered":"<p>Obr\u00e1nkyn\u011b EFC a \u0161v\u00e9dsk\u00e9ho reprezenta\u010dn\u00edho t\u00fdmu Nathalie Bj\u00f6rn p\u0159estoupila do Chelsea. Bj\u00f6rn p\u0159i\u0161la do EFC v l\u00e9t\u011b 2021 spolu s Annou Anveg\u00e5rd ze \u0161v\u00e9dsk\u00e9ho Roseng\u00e5rden. Zat\u00edmco Anveg\u00e5rd se po celkem nev\u00fdrazn\u00e9m roce vr\u00e1tila zp\u011bt do \u0160v\u00e9dska, Bj\u00f6rn z\u016fstala a vypracovala se ve velmi dobrou obr\u00e1nkyni schopnou zasko\u010dit i v z\u00e1loze. Byly to i jej\u00ed v\u00fdkony na mistrovstv\u00ed sv\u011bta v l\u00e9t\u011b 2023, kter\u00e9 ji dostaly do hled\u00e1\u010dku Realu Madrid. Kr\u00e1lovsk\u00fd klub se o n\u00ed uch\u00e1zel u\u017e po skon\u010den\u00ed mistrovstv\u00ed. Everton tehdy nab\u00eddku odm\u00edtl s t\u00edm, \u017ee nejprve mus\u00ed za Nathalii naj\u00edt n\u00e1hradu a o p\u0159estupu se bude jednat v lednu. N\u00e1hradu jsme nena\u0161li a Real nebyl ochoten zaplatit po\u017eadovanou sumu (neofici\u00e1ln\u011b se hovo\u0159\u00ed o 100 000 libr\u00e1ch). Zato po\u017eadovanou sumu byla ochotna zaplatit Chelsea, a tak se Bj\u00f6rn upsala na t\u0159i roky lond\u00fdnsk\u00fdm Blues. Jej\u00ed odchod je pro n\u00e1s velkou ztr\u00e1tou, ale stejn\u011b d\u011bkujeme za odveden\u00e9 slu\u017eby a p\u0159ejeme hodn\u011b \u0161t\u011bst\u00ed ve sv\u011bt\u011b opravdu velk\u00e9ho fotbalu. A t\u011b\u0161\u00edme se na dobu, kdy Everton pro schopn\u00e9 hr\u00e1\u010dky nebude jen p\u0159estupn\u00ed stanic\u00ed na cest\u011b za lep\u0161\u00edm.<\/p>\n","protected":false},"excerpt":{"rendered":"<p>Obr\u00e1nkyn\u011b EFC a \u0161v\u00e9dsk\u00e9ho reprezenta\u010dn\u00edho t\u00fdmu Nathalie Bj\u00f6rn p\u0159estoupila do Chelsea. Bj\u00f6rn p\u0159i\u0161la do EFC v l\u00e9t\u011b 2021 spolu s&hellip;<\/p>\n","protected":false},"author":26,"featured_media":0,"comment_status":"open","ping_status":"closed","template":"","tags":[],"news-category":[18],"yoast_head":"<!-- This site is optimized with the Yoast SEO plugin v23.4 - https:\/\/yoast.com\/wordpress\/plugins\/seo\/ -->\n<title>Nathalie Bj\u00f6rn odch\u00e1z\u00ed - Official Czech &amp; Slovak Everton Supporters&#039; Club<\/title>\n<meta name=\"robots\" content=\"index, follow, max-snippet:-1, max-image-preview:large, max-video-preview:-1\" \/>\n<link rel=\"canonical\" href=\"https:\/\/evertonfc.cz\/index.php\/news\/nathalie-bjorn-odchazi\/\" \/>\n<meta property=\"og:locale\" content=\"cs_CZ\" \/>\n<meta property=\"og:type\" content=\"article\" \/>\n<meta property=\"og:title\" content=\"Nathalie Bj\u00f6rn odch\u00e1z\u00ed - Official Czech &amp; Slovak Everton Supporters&#039; Club\" \/>\n<meta property=\"og:description\" content=\"Obr\u00e1nkyn\u011b EFC a \u0161v\u00e9dsk\u00e9ho reprezenta\u010dn\u00edho t\u00fdmu Nathalie Bj\u00f6rn p\u0159estoupila do Chelsea. Bj\u00f6rn p\u0159i\u0161la do EFC v l\u00e9t\u011b 2021 spolu s&hellip;\" \/>\n<meta property=\"og:url\" content=\"https:\/\/evertonfc.cz\/index.php\/news\/nathalie-bjorn-odchazi\/\" \/>\n<meta property=\"og:site_name\" content=\"Official Czech &amp; Slovak Everton Supporters&#039; Club\" \/>\n<meta property=\"article:publisher\" content=\"https:\/\/www.facebook.com\/everton.fans.cz.sk\" \/>\n<meta property=\"article:modified_time\" content=\"2024-01-12T21:25:38+00:00\" \/>\n<meta name=\"twitter:card\" content=\"summary_large_image\" \/>\n<meta name=\"twitter:label1\" content=\"Odhadovan\u00e1 doba \u010dten\u00ed\" \/>\n\t<meta name=\"twitter:data1\" content=\"1 minuta\" \/>\n<script type=\"application\/ld+json\" class=\"yoast-schema-graph\">{\"@context\":\"https:\/\/schema.org\",\"@graph\":[{\"@type\":\"WebPage\",\"@id\":\"https:\/\/evertonfc.cz\/index.php\/news\/nathalie-bjorn-odchazi\/\",\"url\":\"https:\/\/evertonfc.cz\/index.php\/news\/nathalie-bjorn-odchazi\/\",\"name\":\"Nathalie Bj\u00f6rn odch\u00e1z\u00ed - Official Czech &amp; Slovak Everton Supporters&#039; Club\",\"isPartOf\":{\"@id\":\"https:\/\/evertonfc.cz\/#website\"},\"datePublished\":\"2024-01-10T20:38:48+00:00\",\"dateModified\":\"2024-01-12T21:25:38+00:00\",\"breadcrumb\":{\"@id\":\"https:\/\/evertonfc.cz\/index.php\/news\/nathalie-bjorn-odchazi\/#breadcrumb\"},\"inLanguage\":\"cs\",\"potentialAction\":[{\"@type\":\"ReadAction\",\"target\":[\"https:\/\/evertonfc.cz\/index.php\/news\/nathalie-bjorn-odchazi\/\"]}]},{\"@type\":\"BreadcrumbList\",\"@id\":\"https:\/\/evertonfc.cz\/index.php\/news\/nathalie-bjorn-odchazi\/#breadcrumb\",\"itemListElement\":[{\"@type\":\"ListItem\",\"position\":1,\"name\":\"Home\",\"item\":\"https:\/\/evertonfc.cz\/\"},{\"@type\":\"ListItem\",\"position\":2,\"name\":\"News\",\"item\":\"https:\/\/evertonfc.cz\/index.php\/news\/\"},{\"@type\":\"ListItem\",\"position\":3,\"name\":\"Nathalie Bj\u00f6rn odch\u00e1z\u00ed\"}]},{\"@type\":\"WebSite\",\"@id\":\"https:\/\/evertonfc.cz\/#website\",\"url\":\"https:\/\/evertonfc.cz\/\",\"name\":\"Official Czech &amp; Slovak Everton Supporters&#039; Club\",\"description\":\"\",\"publisher\":{\"@id\":\"https:\/\/evertonfc.cz\/#organization\"},\"potentialAction\":[{\"@type\":\"SearchAction\",\"target\":{\"@type\":\"EntryPoint\",\"urlTemplate\":\"https:\/\/evertonfc.cz\/?s={search_term_string}\"},\"query-input\":{\"@type\":\"PropertyValueSpecification\",\"valueRequired\":true,\"valueName\":\"search_term_string\"}}],\"inLanguage\":\"cs\"},{\"@type\":\"Organization\",\"@id\":\"https:\/\/evertonfc.cz\/#organization\",\"name\":\"Official Czech & Slovak Everton Supporters' Club\",\"url\":\"https:\/\/evertonfc.cz\/\",\"logo\":{\"@type\":\"ImageObject\",\"inLanguage\":\"cs\",\"@id\":\"https:\/\/evertonfc.cz\/#\/schema\/logo\/image\/\",\"url\":\"https:\/\/evertonfc.cz\/wp-content\/uploads\/2019\/05\/logo.png\",\"contentUrl\":\"https:\/\/evertonfc.cz\/wp-content\/uploads\/2019\/05\/logo.png\",\"width\":112,\"height\":112,\"caption\":\"Official Czech & Slovak Everton Supporters' Club\"},\"image\":{\"@id\":\"https:\/\/evertonfc.cz\/#\/schema\/logo\/image\/\"},\"sameAs\":[\"https:\/\/www.facebook.com\/everton.fans.cz.sk\"]}]}<\/script>\n<!-- \/ Yoast SEO plugin. -->","yoast_head_json":{"title":"Nathalie Bj\u00f6rn odch\u00e1z\u00ed - Official Czech &amp; Slovak Everton Supporters&#039; Club","robots":{"index":"index","follow":"follow","max-snippet":"max-snippet:-1","max-image-preview":"max-image-preview:large","max-video-preview":"max-video-preview:-1"},"canonical":"https:\/\/evertonfc.cz\/index.php\/news\/nathalie-bjorn-odchazi\/","og_locale":"cs_CZ","og_type":"article","og_title":"Nathalie Bj\u00f6rn odch\u00e1z\u00ed - Official Czech &amp; Slovak Everton Supporters&#039; Club","og_description":"Obr\u00e1nkyn\u011b EFC a \u0161v\u00e9dsk\u00e9ho reprezenta\u010dn\u00edho t\u00fdmu Nathalie Bj\u00f6rn p\u0159estoupila do Chelsea. Bj\u00f6rn p\u0159i\u0161la do EFC v l\u00e9t\u011b 2021 spolu s&hellip;","og_url":"https:\/\/evertonfc.cz\/index.php\/news\/nathalie-bjorn-odchazi\/","og_site_name":"Official Czech &amp; Slovak Everton Supporters&#039; Club","article_publisher":"https:\/\/www.facebook.com\/everton.fans.cz.sk","article_modified_time":"2024-01-12T21:25:38+00:00","twitter_card":"summary_large_image","twitter_misc":{"Odhadovan\u00e1 doba \u010dten\u00ed":"1 minuta"},"schema":{"@context":"https:\/\/schema.org","@graph":[{"@type":"WebPage","@id":"https:\/\/evertonfc.cz\/index.php\/news\/nathalie-bjorn-odchazi\/","url":"https:\/\/evertonfc.cz\/index.php\/news\/nathalie-bjorn-odchazi\/","name":"Nathalie Bj\u00f6rn odch\u00e1z\u00ed - Official Czech &amp; Slovak Everton Supporters&#039; Club","isPartOf":{"@id":"https:\/\/evertonfc.cz\/#website"},"datePublished":"2024-01-10T20:38:48+00:00","dateModified":"2024-01-12T21:25:38+00:00","breadcrumb":{"@id":"https:\/\/evertonfc.cz\/index.php\/news\/nathalie-bjorn-odchazi\/#breadcrumb"},"inLanguage":"cs","potentialAction":[{"@type":"ReadAction","target":["https:\/\/evertonfc.cz\/index.php\/news\/nathalie-bjorn-odchazi\/"]}]},{"@type":"BreadcrumbList","@id":"https:\/\/evertonfc.cz\/index.php\/news\/nathalie-bjorn-odchazi\/#breadcrumb","itemListElement":[{"@type":"ListItem","position":1,"name":"Home","item":"https:\/\/evertonfc.cz\/"},{"@type":"ListItem","position":2,"name":"News","item":"https:\/\/evertonfc.cz\/index.php\/news\/"},{"@type":"ListItem","position":3,"name":"Nathalie Bj\u00f6rn odch\u00e1z\u00ed"}]},{"@type":"WebSite","@id":"https:\/\/evertonfc.cz\/#website","url":"https:\/\/evertonfc.cz\/","name":"Official Czech &amp; Slovak Everton Supporters&#039; Club","description":"","publisher":{"@id":"https:\/\/evertonfc.cz\/#organization"},"potentialAction":[{"@type":"SearchAction","target":{"@type":"EntryPoint","urlTemplate":"https:\/\/evertonfc.cz\/?s={search_term_string}"},"query-input":{"@type":"PropertyValueSpecification","valueRequired":true,"valueName":"search_term_string"}}],"inLanguage":"cs"},{"@type":"Organization","@id":"https:\/\/evertonfc.cz\/#organization","name":"Official Czech & Slovak Everton Supporters' Club","url":"https:\/\/evertonfc.cz\/","logo":{"@type":"ImageObject","inLanguage":"cs","@id":"https:\/\/evertonfc.cz\/#\/schema\/logo\/image\/","url":"https:\/\/evertonfc.cz\/wp-content\/uploads\/2019\/05\/logo.png","contentUrl":"https:\/\/evertonfc.cz\/wp-content\/uploads\/2019\/05\/logo.png","width":112,"height":112,"caption":"Official Czech & Slovak Everton Supporters' Club"},"image":{"@id":"https:\/\/evertonfc.cz\/#\/schema\/logo\/image\/"},"sameAs":["https:\/\/www.facebook.com\/everton.fans.cz.sk"]}]}},"_links":{"self":[{"href":"https:\/\/evertonfc.cz\/index.php\/wp-json\/wp\/v2\/news\/23667"}],"collection":[{"href":"https:\/\/evertonfc.cz\/index.php\/wp-json\/wp\/v2\/news"}],"about":[{"href":"https:\/\/evertonfc.cz\/index.php\/wp-json\/wp\/v2\/types\/news"}],"author":[{"embeddable":true,"href":"https:\/\/evertonfc.cz\/index.php\/wp-json\/wp\/v2\/users\/26"}],"replies":[{"embeddable":true,"href":"https:\/\/evertonfc.cz\/index.php\/wp-json\/wp\/v2\/comments?post=23667"}],"version-history":[{"count":2,"href":"https:\/\/evertonfc.cz\/index.php\/wp-json\/wp\/v2\/news\/23667\/revisions"}],"predecessor-version":[{"id":23676,"href":"https:\/\/evertonfc.cz\/index.php\/wp-json\/wp\/v2\/news\/23667\/revisions\/23676"}],"wp:attachment":[{"href":"https:\/\/evertonfc.cz\/index.php\/wp-json\/wp\/v2\/media?parent=23667"}],"wp:term":[{"taxonomy":"post_tag","embeddable":true,"href":"https:\/\/evertonfc.cz\/index.php\/wp-json\/wp\/v2\/tags?post=23667"},{"taxonomy":"news-category","embeddable":true,"href":"https:\/\/evertonfc.cz\/index.php\/wp-json\/wp\/v2\/news-category?post=23667"}],"curies":[{"name":"wp","href":"https:\/\/api.w.org\/{rel}","templated":true}]}}