{"id":23735,"date":"2024-01-18T19:58:51","date_gmt":"2024-01-18T18:58:51","guid":{"rendered":"https:\/\/evertonfc.cz\/?post_type=news&#038;p=23735"},"modified":"2024-01-18T19:58:51","modified_gmt":"2024-01-18T18:58:51","slug":"zapas-arsenal-w-everton-w-nebude-v-uk-vysilan-zive","status":"publish","type":"news","link":"https:\/\/evertonfc.cz\/index.php\/news\/zapas-arsenal-w-everton-w-nebude-v-uk-vysilan-zive\/","title":{"rendered":"Z\u00e1pas Arsenal W &#8211; Everton W nebude v UK vys\u00edl\u00e1n \u017eiv\u011b"},"content":{"rendered":"<p>Dle BBC nebude sobotn\u00ed z\u00e1pas mezi Arsenalem a Evertonem streamov\u00e1n \u017eiv\u011b na obvykl\u00e9 platform\u011b FA Player. D\u016fvodem je za\u010d\u00e1tek z\u00e1pasu v 15:00 m\u00edstn\u00edho \u010dasu, tedy v dob\u011b &#8222;Sobotn\u00edho odpoledn\u00edho blackoutu&#8220;, kter\u00fd zakazuje TV p\u0159enos fotbalov\u00fdch z\u00e1pas\u016f v sobotu mezi 14:25-17:25. Pravidlo poch\u00e1z\u00ed z r. 1960 a m\u00e1 zachr\u00e1nit n\u00e1v\u0161t\u011bvnost z\u00e1pas\u016f ni\u017e\u0161\u00edch fotbalov\u00fdch lig hran\u00fdch vesm\u011bs v tomto \u010dase a televiz\u00ed nep\u0159en\u00e1\u0161en\u00fdch. V zahrani\u010d\u00ed by \u017eiv\u00fd stream m\u011bl b\u00fdt k dispozici, nen\u00ed jist\u00e9, \u017ee to bude na FA Playeru.<\/p>\n","protected":false},"excerpt":{"rendered":"<p>Dle BBC nebude sobotn\u00ed z\u00e1pas mezi Arsenalem a Evertonem streamov\u00e1n \u017eiv\u011b na obvykl\u00e9 platform\u011b FA Player. D\u016fvodem je za\u010d\u00e1tek z\u00e1pasu&hellip;<\/p>\n","protected":false},"author":26,"featured_media":0,"comment_status":"open","ping_status":"closed","template":"","tags":[],"news-category":[18],"yoast_head":"<!-- This site is optimized with the Yoast SEO plugin v23.4 - https:\/\/yoast.com\/wordpress\/plugins\/seo\/ -->\n<title>Z\u00e1pas Arsenal W - Everton W nebude v UK vys\u00edl\u00e1n \u017eiv\u011b - Official Czech &amp; Slovak Everton Supporters&#039; Club<\/title>\n<meta name=\"robots\" content=\"index, follow, max-snippet:-1, max-image-preview:large, max-video-preview:-1\" \/>\n<link rel=\"canonical\" href=\"https:\/\/evertonfc.cz\/index.php\/news\/zapas-arsenal-w-everton-w-nebude-v-uk-vysilan-zive\/\" \/>\n<meta property=\"og:locale\" content=\"cs_CZ\" \/>\n<meta property=\"og:type\" content=\"article\" \/>\n<meta property=\"og:title\" content=\"Z\u00e1pas Arsenal W - Everton W nebude v UK vys\u00edl\u00e1n \u017eiv\u011b - Official Czech &amp; Slovak Everton Supporters&#039; Club\" \/>\n<meta property=\"og:description\" content=\"Dle BBC nebude sobotn\u00ed z\u00e1pas mezi Arsenalem a Evertonem streamov\u00e1n \u017eiv\u011b na obvykl\u00e9 platform\u011b FA Player. D\u016fvodem je za\u010d\u00e1tek z\u00e1pasu&hellip;\" \/>\n<meta property=\"og:url\" content=\"https:\/\/evertonfc.cz\/index.php\/news\/zapas-arsenal-w-everton-w-nebude-v-uk-vysilan-zive\/\" \/>\n<meta property=\"og:site_name\" content=\"Official Czech &amp; Slovak Everton Supporters&#039; Club\" \/>\n<meta property=\"article:publisher\" content=\"https:\/\/www.facebook.com\/everton.fans.cz.sk\" \/>\n<meta name=\"twitter:card\" content=\"summary_large_image\" \/>\n<meta name=\"twitter:label1\" content=\"Odhadovan\u00e1 doba \u010dten\u00ed\" \/>\n\t<meta name=\"twitter:data1\" content=\"1 minuta\" \/>\n<script type=\"application\/ld+json\" class=\"yoast-schema-graph\">{\"@context\":\"https:\/\/schema.org\",\"@graph\":[{\"@type\":\"WebPage\",\"@id\":\"https:\/\/evertonfc.cz\/index.php\/news\/zapas-arsenal-w-everton-w-nebude-v-uk-vysilan-zive\/\",\"url\":\"https:\/\/evertonfc.cz\/index.php\/news\/zapas-arsenal-w-everton-w-nebude-v-uk-vysilan-zive\/\",\"name\":\"Z\u00e1pas Arsenal W - Everton W nebude v UK vys\u00edl\u00e1n \u017eiv\u011b - Official Czech &amp; Slovak Everton Supporters&#039; Club\",\"isPartOf\":{\"@id\":\"https:\/\/evertonfc.cz\/#website\"},\"datePublished\":\"2024-01-18T18:58:51+00:00\",\"dateModified\":\"2024-01-18T18:58:51+00:00\",\"breadcrumb\":{\"@id\":\"https:\/\/evertonfc.cz\/index.php\/news\/zapas-arsenal-w-everton-w-nebude-v-uk-vysilan-zive\/#breadcrumb\"},\"inLanguage\":\"cs\",\"potentialAction\":[{\"@type\":\"ReadAction\",\"target\":[\"https:\/\/evertonfc.cz\/index.php\/news\/zapas-arsenal-w-everton-w-nebude-v-uk-vysilan-zive\/\"]}]},{\"@type\":\"BreadcrumbList\",\"@id\":\"https:\/\/evertonfc.cz\/index.php\/news\/zapas-arsenal-w-everton-w-nebude-v-uk-vysilan-zive\/#breadcrumb\",\"itemListElement\":[{\"@type\":\"ListItem\",\"position\":1,\"name\":\"Home\",\"item\":\"https:\/\/evertonfc.cz\/\"},{\"@type\":\"ListItem\",\"position\":2,\"name\":\"News\",\"item\":\"https:\/\/evertonfc.cz\/index.php\/news\/\"},{\"@type\":\"ListItem\",\"position\":3,\"name\":\"Z\u00e1pas Arsenal W &#8211; Everton W nebude v UK vys\u00edl\u00e1n \u017eiv\u011b\"}]},{\"@type\":\"WebSite\",\"@id\":\"https:\/\/evertonfc.cz\/#website\",\"url\":\"https:\/\/evertonfc.cz\/\",\"name\":\"Official Czech &amp; Slovak Everton Supporters&#039; Club\",\"description\":\"\",\"publisher\":{\"@id\":\"https:\/\/evertonfc.cz\/#organization\"},\"potentialAction\":[{\"@type\":\"SearchAction\",\"target\":{\"@type\":\"EntryPoint\",\"urlTemplate\":\"https:\/\/evertonfc.cz\/?s={search_term_string}\"},\"query-input\":{\"@type\":\"PropertyValueSpecification\",\"valueRequired\":true,\"valueName\":\"search_term_string\"}}],\"inLanguage\":\"cs\"},{\"@type\":\"Organization\",\"@id\":\"https:\/\/evertonfc.cz\/#organization\",\"name\":\"Official Czech & Slovak Everton Supporters' Club\",\"url\":\"https:\/\/evertonfc.cz\/\",\"logo\":{\"@type\":\"ImageObject\",\"inLanguage\":\"cs\",\"@id\":\"https:\/\/evertonfc.cz\/#\/schema\/logo\/image\/\",\"url\":\"https:\/\/evertonfc.cz\/wp-content\/uploads\/2019\/05\/logo.png\",\"contentUrl\":\"https:\/\/evertonfc.cz\/wp-content\/uploads\/2019\/05\/logo.png\",\"width\":112,\"height\":112,\"caption\":\"Official Czech & Slovak Everton Supporters' Club\"},\"image\":{\"@id\":\"https:\/\/evertonfc.cz\/#\/schema\/logo\/image\/\"},\"sameAs\":[\"https:\/\/www.facebook.com\/everton.fans.cz.sk\"]}]}<\/script>\n<!-- \/ Yoast SEO plugin. -->","yoast_head_json":{"title":"Z\u00e1pas Arsenal W - Everton W nebude v UK vys\u00edl\u00e1n \u017eiv\u011b - Official Czech &amp; Slovak Everton Supporters&#039; Club","robots":{"index":"index","follow":"follow","max-snippet":"max-snippet:-1","max-image-preview":"max-image-preview:large","max-video-preview":"max-video-preview:-1"},"canonical":"https:\/\/evertonfc.cz\/index.php\/news\/zapas-arsenal-w-everton-w-nebude-v-uk-vysilan-zive\/","og_locale":"cs_CZ","og_type":"article","og_title":"Z\u00e1pas Arsenal W - Everton W nebude v UK vys\u00edl\u00e1n \u017eiv\u011b - Official Czech &amp; Slovak Everton Supporters&#039; Club","og_description":"Dle BBC nebude sobotn\u00ed z\u00e1pas mezi Arsenalem a Evertonem streamov\u00e1n \u017eiv\u011b na obvykl\u00e9 platform\u011b FA Player. D\u016fvodem je za\u010d\u00e1tek z\u00e1pasu&hellip;","og_url":"https:\/\/evertonfc.cz\/index.php\/news\/zapas-arsenal-w-everton-w-nebude-v-uk-vysilan-zive\/","og_site_name":"Official Czech &amp; Slovak Everton Supporters&#039; Club","article_publisher":"https:\/\/www.facebook.com\/everton.fans.cz.sk","twitter_card":"summary_large_image","twitter_misc":{"Odhadovan\u00e1 doba \u010dten\u00ed":"1 minuta"},"schema":{"@context":"https:\/\/schema.org","@graph":[{"@type":"WebPage","@id":"https:\/\/evertonfc.cz\/index.php\/news\/zapas-arsenal-w-everton-w-nebude-v-uk-vysilan-zive\/","url":"https:\/\/evertonfc.cz\/index.php\/news\/zapas-arsenal-w-everton-w-nebude-v-uk-vysilan-zive\/","name":"Z\u00e1pas Arsenal W - Everton W nebude v UK vys\u00edl\u00e1n \u017eiv\u011b - Official Czech &amp; Slovak Everton Supporters&#039; Club","isPartOf":{"@id":"https:\/\/evertonfc.cz\/#website"},"datePublished":"2024-01-18T18:58:51+00:00","dateModified":"2024-01-18T18:58:51+00:00","breadcrumb":{"@id":"https:\/\/evertonfc.cz\/index.php\/news\/zapas-arsenal-w-everton-w-nebude-v-uk-vysilan-zive\/#breadcrumb"},"inLanguage":"cs","potentialAction":[{"@type":"ReadAction","target":["https:\/\/evertonfc.cz\/index.php\/news\/zapas-arsenal-w-everton-w-nebude-v-uk-vysilan-zive\/"]}]},{"@type":"BreadcrumbList","@id":"https:\/\/evertonfc.cz\/index.php\/news\/zapas-arsenal-w-everton-w-nebude-v-uk-vysilan-zive\/#breadcrumb","itemListElement":[{"@type":"ListItem","position":1,"name":"Home","item":"https:\/\/evertonfc.cz\/"},{"@type":"ListItem","position":2,"name":"News","item":"https:\/\/evertonfc.cz\/index.php\/news\/"},{"@type":"ListItem","position":3,"name":"Z\u00e1pas Arsenal W &#8211; Everton W nebude v UK vys\u00edl\u00e1n \u017eiv\u011b"}]},{"@type":"WebSite","@id":"https:\/\/evertonfc.cz\/#website","url":"https:\/\/evertonfc.cz\/","name":"Official Czech &amp; Slovak Everton Supporters&#039; Club","description":"","publisher":{"@id":"https:\/\/evertonfc.cz\/#organization"},"potentialAction":[{"@type":"SearchAction","target":{"@type":"EntryPoint","urlTemplate":"https:\/\/evertonfc.cz\/?s={search_term_string}"},"query-input":{"@type":"PropertyValueSpecification","valueRequired":true,"valueName":"search_term_string"}}],"inLanguage":"cs"},{"@type":"Organization","@id":"https:\/\/evertonfc.cz\/#organization","name":"Official Czech & Slovak Everton Supporters' Club","url":"https:\/\/evertonfc.cz\/","logo":{"@type":"ImageObject","inLanguage":"cs","@id":"https:\/\/evertonfc.cz\/#\/schema\/logo\/image\/","url":"https:\/\/evertonfc.cz\/wp-content\/uploads\/2019\/05\/logo.png","contentUrl":"https:\/\/evertonfc.cz\/wp-content\/uploads\/2019\/05\/logo.png","width":112,"height":112,"caption":"Official Czech & Slovak Everton Supporters' Club"},"image":{"@id":"https:\/\/evertonfc.cz\/#\/schema\/logo\/image\/"},"sameAs":["https:\/\/www.facebook.com\/everton.fans.cz.sk"]}]}},"_links":{"self":[{"href":"https:\/\/evertonfc.cz\/index.php\/wp-json\/wp\/v2\/news\/23735"}],"collection":[{"href":"https:\/\/evertonfc.cz\/index.php\/wp-json\/wp\/v2\/news"}],"about":[{"href":"https:\/\/evertonfc.cz\/index.php\/wp-json\/wp\/v2\/types\/news"}],"author":[{"embeddable":true,"href":"https:\/\/evertonfc.cz\/index.php\/wp-json\/wp\/v2\/users\/26"}],"replies":[{"embeddable":true,"href":"https:\/\/evertonfc.cz\/index.php\/wp-json\/wp\/v2\/comments?post=23735"}],"version-history":[{"count":2,"href":"https:\/\/evertonfc.cz\/index.php\/wp-json\/wp\/v2\/news\/23735\/revisions"}],"predecessor-version":[{"id":23738,"href":"https:\/\/evertonfc.cz\/index.php\/wp-json\/wp\/v2\/news\/23735\/revisions\/23738"}],"wp:attachment":[{"href":"https:\/\/evertonfc.cz\/index.php\/wp-json\/wp\/v2\/media?parent=23735"}],"wp:term":[{"taxonomy":"post_tag","embeddable":true,"href":"https:\/\/evertonfc.cz\/index.php\/wp-json\/wp\/v2\/tags?post=23735"},{"taxonomy":"news-category","embeddable":true,"href":"https:\/\/evertonfc.cz\/index.php\/wp-json\/wp\/v2\/news-category?post=23735"}],"curies":[{"name":"wp","href":"https:\/\/api.w.org\/{rel}","templated":true}]}}