{"id":23855,"date":"2024-02-02T12:31:14","date_gmt":"2024-02-02T11:31:14","guid":{"rendered":"https:\/\/evertonfc.cz\/?post_type=news&#038;p=23855"},"modified":"2024-02-02T12:31:14","modified_gmt":"2024-02-02T11:31:14","slug":"mcallister-pozicany-fergusonovi","status":"publish","type":"news","link":"https:\/\/evertonfc.cz\/index.php\/news\/mcallister-pozicany-fergusonovi\/","title":{"rendered":"McAllister po\u017ei\u010dan\u00fd Fergusonovi"},"content":{"rendered":"<p>Do konca sez\u00f3ny bude teda 21-ro\u010dn\u00fd stredopoliar p\u00f4sobi\u0165 v \u0161k\u00f3tskej druhej lige. Tam b\u00fdval\u00e1 ikona klubu Duncan Ferguson tr\u00e9nuje celok Inverness Caledonian Thistle. Aktu\u00e1lne s\u00fa na \u00f4smom mieste z desiatich. Sean McAllister bol v posledn\u00fdch t\u00fd\u017ed\u0148och za U21 v skvelej forme, ke\u010f v posledn\u00fdch \u0161iestich z\u00e1pasoch strelil p\u00e4\u0165 g\u00f3lov, hraj\u00fac na poz\u00edcii stredn\u00e9ho alebo ofenz\u00edvneho z\u00e1lo\u017en\u00edka.<\/p>\n<p>V t\u00edme Paula Taita \u010dasto pln\u00ed rolu kapit\u00e1na. Svoju v\u0161estrannos\u0165 uk\u00e1zal minul\u00fa sez\u00f3nu, ke\u010f p\u00f4sobil na r\u00f4znych postoch, vr\u00e1tane \u013eav\u00e9ho kr\u00eddla alebo aj prav\u00e9ho obrancu. McAllister, ktor\u00fd poch\u00e1dza Randalstownu v gr\u00f3fstve Antrim, sa pripojil k EFC z Dungannon Swifts v lete 2019 a je reprezentantom Severn\u00e9ho \u00cdrska do 19 rokov.<\/p>\n","protected":false},"excerpt":{"rendered":"<p>Do konca sez\u00f3ny bude teda 21-ro\u010dn\u00fd stredopoliar p\u00f4sobi\u0165 v \u0161k\u00f3tskej druhej lige. Tam b\u00fdval\u00e1 ikona klubu Duncan Ferguson tr\u00e9nuje celok&hellip;<\/p>\n","protected":false},"author":1,"featured_media":0,"comment_status":"open","ping_status":"closed","template":"","tags":[],"news-category":[18],"yoast_head":"<!-- This site is optimized with the Yoast SEO plugin v23.4 - https:\/\/yoast.com\/wordpress\/plugins\/seo\/ -->\n<title>McAllister po\u017ei\u010dan\u00fd Fergusonovi - Official Czech &amp; Slovak Everton Supporters&#039; Club<\/title>\n<meta name=\"robots\" content=\"index, follow, max-snippet:-1, max-image-preview:large, max-video-preview:-1\" \/>\n<link rel=\"canonical\" href=\"https:\/\/evertonfc.cz\/index.php\/news\/mcallister-pozicany-fergusonovi\/\" \/>\n<meta property=\"og:locale\" content=\"cs_CZ\" \/>\n<meta property=\"og:type\" content=\"article\" \/>\n<meta property=\"og:title\" content=\"McAllister po\u017ei\u010dan\u00fd Fergusonovi - Official Czech &amp; Slovak Everton Supporters&#039; Club\" \/>\n<meta property=\"og:description\" content=\"Do konca sez\u00f3ny bude teda 21-ro\u010dn\u00fd stredopoliar p\u00f4sobi\u0165 v \u0161k\u00f3tskej druhej lige. Tam b\u00fdval\u00e1 ikona klubu Duncan Ferguson tr\u00e9nuje celok&hellip;\" \/>\n<meta property=\"og:url\" content=\"https:\/\/evertonfc.cz\/index.php\/news\/mcallister-pozicany-fergusonovi\/\" \/>\n<meta property=\"og:site_name\" content=\"Official Czech &amp; Slovak Everton Supporters&#039; Club\" \/>\n<meta property=\"article:publisher\" content=\"https:\/\/www.facebook.com\/everton.fans.cz.sk\" \/>\n<meta name=\"twitter:card\" content=\"summary_large_image\" \/>\n<meta name=\"twitter:label1\" content=\"Odhadovan\u00e1 doba \u010dten\u00ed\" \/>\n\t<meta name=\"twitter:data1\" content=\"1 minuta\" \/>\n<script type=\"application\/ld+json\" class=\"yoast-schema-graph\">{\"@context\":\"https:\/\/schema.org\",\"@graph\":[{\"@type\":\"WebPage\",\"@id\":\"https:\/\/evertonfc.cz\/index.php\/news\/mcallister-pozicany-fergusonovi\/\",\"url\":\"https:\/\/evertonfc.cz\/index.php\/news\/mcallister-pozicany-fergusonovi\/\",\"name\":\"McAllister po\u017ei\u010dan\u00fd Fergusonovi - Official Czech &amp; Slovak Everton Supporters&#039; Club\",\"isPartOf\":{\"@id\":\"https:\/\/evertonfc.cz\/#website\"},\"datePublished\":\"2024-02-02T11:31:14+00:00\",\"dateModified\":\"2024-02-02T11:31:14+00:00\",\"breadcrumb\":{\"@id\":\"https:\/\/evertonfc.cz\/index.php\/news\/mcallister-pozicany-fergusonovi\/#breadcrumb\"},\"inLanguage\":\"cs\",\"potentialAction\":[{\"@type\":\"ReadAction\",\"target\":[\"https:\/\/evertonfc.cz\/index.php\/news\/mcallister-pozicany-fergusonovi\/\"]}]},{\"@type\":\"BreadcrumbList\",\"@id\":\"https:\/\/evertonfc.cz\/index.php\/news\/mcallister-pozicany-fergusonovi\/#breadcrumb\",\"itemListElement\":[{\"@type\":\"ListItem\",\"position\":1,\"name\":\"Home\",\"item\":\"https:\/\/evertonfc.cz\/\"},{\"@type\":\"ListItem\",\"position\":2,\"name\":\"News\",\"item\":\"https:\/\/evertonfc.cz\/index.php\/news\/\"},{\"@type\":\"ListItem\",\"position\":3,\"name\":\"McAllister po\u017ei\u010dan\u00fd Fergusonovi\"}]},{\"@type\":\"WebSite\",\"@id\":\"https:\/\/evertonfc.cz\/#website\",\"url\":\"https:\/\/evertonfc.cz\/\",\"name\":\"Official Czech &amp; Slovak Everton Supporters&#039; Club\",\"description\":\"\",\"publisher\":{\"@id\":\"https:\/\/evertonfc.cz\/#organization\"},\"potentialAction\":[{\"@type\":\"SearchAction\",\"target\":{\"@type\":\"EntryPoint\",\"urlTemplate\":\"https:\/\/evertonfc.cz\/?s={search_term_string}\"},\"query-input\":{\"@type\":\"PropertyValueSpecification\",\"valueRequired\":true,\"valueName\":\"search_term_string\"}}],\"inLanguage\":\"cs\"},{\"@type\":\"Organization\",\"@id\":\"https:\/\/evertonfc.cz\/#organization\",\"name\":\"Official Czech & Slovak Everton Supporters' Club\",\"url\":\"https:\/\/evertonfc.cz\/\",\"logo\":{\"@type\":\"ImageObject\",\"inLanguage\":\"cs\",\"@id\":\"https:\/\/evertonfc.cz\/#\/schema\/logo\/image\/\",\"url\":\"https:\/\/evertonfc.cz\/wp-content\/uploads\/2019\/05\/logo.png\",\"contentUrl\":\"https:\/\/evertonfc.cz\/wp-content\/uploads\/2019\/05\/logo.png\",\"width\":112,\"height\":112,\"caption\":\"Official Czech & Slovak Everton Supporters' Club\"},\"image\":{\"@id\":\"https:\/\/evertonfc.cz\/#\/schema\/logo\/image\/\"},\"sameAs\":[\"https:\/\/www.facebook.com\/everton.fans.cz.sk\"]}]}<\/script>\n<!-- \/ Yoast SEO plugin. -->","yoast_head_json":{"title":"McAllister po\u017ei\u010dan\u00fd Fergusonovi - Official Czech &amp; Slovak Everton Supporters&#039; Club","robots":{"index":"index","follow":"follow","max-snippet":"max-snippet:-1","max-image-preview":"max-image-preview:large","max-video-preview":"max-video-preview:-1"},"canonical":"https:\/\/evertonfc.cz\/index.php\/news\/mcallister-pozicany-fergusonovi\/","og_locale":"cs_CZ","og_type":"article","og_title":"McAllister po\u017ei\u010dan\u00fd Fergusonovi - Official Czech &amp; Slovak Everton Supporters&#039; Club","og_description":"Do konca sez\u00f3ny bude teda 21-ro\u010dn\u00fd stredopoliar p\u00f4sobi\u0165 v \u0161k\u00f3tskej druhej lige. Tam b\u00fdval\u00e1 ikona klubu Duncan Ferguson tr\u00e9nuje celok&hellip;","og_url":"https:\/\/evertonfc.cz\/index.php\/news\/mcallister-pozicany-fergusonovi\/","og_site_name":"Official Czech &amp; Slovak Everton Supporters&#039; Club","article_publisher":"https:\/\/www.facebook.com\/everton.fans.cz.sk","twitter_card":"summary_large_image","twitter_misc":{"Odhadovan\u00e1 doba \u010dten\u00ed":"1 minuta"},"schema":{"@context":"https:\/\/schema.org","@graph":[{"@type":"WebPage","@id":"https:\/\/evertonfc.cz\/index.php\/news\/mcallister-pozicany-fergusonovi\/","url":"https:\/\/evertonfc.cz\/index.php\/news\/mcallister-pozicany-fergusonovi\/","name":"McAllister po\u017ei\u010dan\u00fd Fergusonovi - Official Czech &amp; Slovak Everton Supporters&#039; Club","isPartOf":{"@id":"https:\/\/evertonfc.cz\/#website"},"datePublished":"2024-02-02T11:31:14+00:00","dateModified":"2024-02-02T11:31:14+00:00","breadcrumb":{"@id":"https:\/\/evertonfc.cz\/index.php\/news\/mcallister-pozicany-fergusonovi\/#breadcrumb"},"inLanguage":"cs","potentialAction":[{"@type":"ReadAction","target":["https:\/\/evertonfc.cz\/index.php\/news\/mcallister-pozicany-fergusonovi\/"]}]},{"@type":"BreadcrumbList","@id":"https:\/\/evertonfc.cz\/index.php\/news\/mcallister-pozicany-fergusonovi\/#breadcrumb","itemListElement":[{"@type":"ListItem","position":1,"name":"Home","item":"https:\/\/evertonfc.cz\/"},{"@type":"ListItem","position":2,"name":"News","item":"https:\/\/evertonfc.cz\/index.php\/news\/"},{"@type":"ListItem","position":3,"name":"McAllister po\u017ei\u010dan\u00fd Fergusonovi"}]},{"@type":"WebSite","@id":"https:\/\/evertonfc.cz\/#website","url":"https:\/\/evertonfc.cz\/","name":"Official Czech &amp; Slovak Everton Supporters&#039; Club","description":"","publisher":{"@id":"https:\/\/evertonfc.cz\/#organization"},"potentialAction":[{"@type":"SearchAction","target":{"@type":"EntryPoint","urlTemplate":"https:\/\/evertonfc.cz\/?s={search_term_string}"},"query-input":{"@type":"PropertyValueSpecification","valueRequired":true,"valueName":"search_term_string"}}],"inLanguage":"cs"},{"@type":"Organization","@id":"https:\/\/evertonfc.cz\/#organization","name":"Official Czech & Slovak Everton Supporters' Club","url":"https:\/\/evertonfc.cz\/","logo":{"@type":"ImageObject","inLanguage":"cs","@id":"https:\/\/evertonfc.cz\/#\/schema\/logo\/image\/","url":"https:\/\/evertonfc.cz\/wp-content\/uploads\/2019\/05\/logo.png","contentUrl":"https:\/\/evertonfc.cz\/wp-content\/uploads\/2019\/05\/logo.png","width":112,"height":112,"caption":"Official Czech & Slovak Everton Supporters' Club"},"image":{"@id":"https:\/\/evertonfc.cz\/#\/schema\/logo\/image\/"},"sameAs":["https:\/\/www.facebook.com\/everton.fans.cz.sk"]}]}},"_links":{"self":[{"href":"https:\/\/evertonfc.cz\/index.php\/wp-json\/wp\/v2\/news\/23855"}],"collection":[{"href":"https:\/\/evertonfc.cz\/index.php\/wp-json\/wp\/v2\/news"}],"about":[{"href":"https:\/\/evertonfc.cz\/index.php\/wp-json\/wp\/v2\/types\/news"}],"author":[{"embeddable":true,"href":"https:\/\/evertonfc.cz\/index.php\/wp-json\/wp\/v2\/users\/1"}],"replies":[{"embeddable":true,"href":"https:\/\/evertonfc.cz\/index.php\/wp-json\/wp\/v2\/comments?post=23855"}],"version-history":[{"count":2,"href":"https:\/\/evertonfc.cz\/index.php\/wp-json\/wp\/v2\/news\/23855\/revisions"}],"predecessor-version":[{"id":23857,"href":"https:\/\/evertonfc.cz\/index.php\/wp-json\/wp\/v2\/news\/23855\/revisions\/23857"}],"wp:attachment":[{"href":"https:\/\/evertonfc.cz\/index.php\/wp-json\/wp\/v2\/media?parent=23855"}],"wp:term":[{"taxonomy":"post_tag","embeddable":true,"href":"https:\/\/evertonfc.cz\/index.php\/wp-json\/wp\/v2\/tags?post=23855"},{"taxonomy":"news-category","embeddable":true,"href":"https:\/\/evertonfc.cz\/index.php\/wp-json\/wp\/v2\/news-category?post=23855"}],"curies":[{"name":"wp","href":"https:\/\/api.w.org\/{rel}","templated":true}]}}