{"id":23858,"date":"2024-02-02T12:54:07","date_gmt":"2024-02-02T11:54:07","guid":{"rendered":"https:\/\/evertonfc.cz\/?post_type=news&#038;p=23858"},"modified":"2024-02-02T12:54:30","modified_gmt":"2024-02-02T11:54:30","slug":"tretiu-ligu-vyskusa-campbell","status":"publish","type":"news","link":"https:\/\/evertonfc.cz\/index.php\/news\/tretiu-ligu-vyskusa-campbell\/","title":{"rendered":"Tretiu ligu vysk\u00fa\u0161a Campbell"},"content":{"rendered":"<p>A bude to rovno boj o\u00a0z\u00e1chranu, ke\u010f sa 19-ro\u010dn\u00fd stop\u00e9r alebo \u013eav\u00fd obranca oble\u010die na polroka do dresu Fleetwoodu Town. Elijah Campbell bol v minulej sez\u00f3ne pravideln\u00fdm hr\u00e1\u010dom v U21, odohral 23 z\u00e1pasov v Premier League 2 a trikr\u00e1t sa predstavil aj v EFL Trophy. Pre zranenie zme\u0161kal za\u010diatok tejto sez\u00f3ny, ale koncom septembra sa vr\u00e1til do t\u00edmu a r\u00fdchlo dohnal straten\u00fd \u010das. Hral 13 z posledn\u00fdch 14 z\u00e1pasov B t\u00edmu vo v\u0161etk\u00fdch s\u00fa\u0165a\u017eiach a bol kapit\u00e1nom vo v\u00e4\u010d\u0161ine t\u00fdchto z\u00e1pasov.<\/p>\n<p>Tento ve\u013emi talentovan\u00fd mlad\u00edk p\u00f4sob\u00ed na Finch Farm od svojich trin\u00e1stich rokov. T\u00fato sez\u00f3nu je aj pravideln\u00fdm \u00fa\u010dastn\u00edkom tr\u00e9ningov prv\u00e9ho t\u00edmu, a tak mu ni\u010d nebr\u00e1nilo, aby nabral v\u00e4\u010d\u0161ie sk\u00fasenosti. Tie mu poskytne b\u00fdval\u00fd z\u00e1lo\u017en\u00edk z Premier League v drese Stoke, Charlie Adam. Od decembra sa sna\u017e\u00ed narovna\u0165 kurz Ryb\u00e1rov, ktor\u00fdm ch\u00fdba k bezpe\u010dn\u00fdm vod\u00e1m v tabu\u013eke aktu\u00e1lne a\u017e 11 bodov.<\/p>\n","protected":false},"excerpt":{"rendered":"<p>A bude to rovno boj o\u00a0z\u00e1chranu, ke\u010f sa 19-ro\u010dn\u00fd stop\u00e9r alebo \u013eav\u00fd obranca oble\u010die na polroka do dresu Fleetwoodu Town.&hellip;<\/p>\n","protected":false},"author":1,"featured_media":0,"comment_status":"open","ping_status":"closed","template":"","tags":[],"news-category":[18],"yoast_head":"<!-- This site is optimized with the Yoast SEO plugin v23.4 - https:\/\/yoast.com\/wordpress\/plugins\/seo\/ -->\n<title>Tretiu ligu vysk\u00fa\u0161a Campbell - Official Czech &amp; Slovak Everton Supporters&#039; Club<\/title>\n<meta name=\"robots\" content=\"index, follow, max-snippet:-1, max-image-preview:large, max-video-preview:-1\" \/>\n<link rel=\"canonical\" href=\"https:\/\/evertonfc.cz\/index.php\/news\/tretiu-ligu-vyskusa-campbell\/\" \/>\n<meta property=\"og:locale\" content=\"cs_CZ\" \/>\n<meta property=\"og:type\" content=\"article\" \/>\n<meta property=\"og:title\" content=\"Tretiu ligu vysk\u00fa\u0161a Campbell - Official Czech &amp; Slovak Everton Supporters&#039; Club\" \/>\n<meta property=\"og:description\" content=\"A bude to rovno boj o\u00a0z\u00e1chranu, ke\u010f sa 19-ro\u010dn\u00fd stop\u00e9r alebo \u013eav\u00fd obranca oble\u010die na polroka do dresu Fleetwoodu Town.&hellip;\" \/>\n<meta property=\"og:url\" content=\"https:\/\/evertonfc.cz\/index.php\/news\/tretiu-ligu-vyskusa-campbell\/\" \/>\n<meta property=\"og:site_name\" content=\"Official Czech &amp; Slovak Everton Supporters&#039; Club\" \/>\n<meta property=\"article:publisher\" content=\"https:\/\/www.facebook.com\/everton.fans.cz.sk\" \/>\n<meta property=\"article:modified_time\" content=\"2024-02-02T11:54:30+00:00\" \/>\n<meta name=\"twitter:card\" content=\"summary_large_image\" \/>\n<meta name=\"twitter:label1\" content=\"Odhadovan\u00e1 doba \u010dten\u00ed\" \/>\n\t<meta name=\"twitter:data1\" content=\"1 minuta\" \/>\n<script type=\"application\/ld+json\" class=\"yoast-schema-graph\">{\"@context\":\"https:\/\/schema.org\",\"@graph\":[{\"@type\":\"WebPage\",\"@id\":\"https:\/\/evertonfc.cz\/index.php\/news\/tretiu-ligu-vyskusa-campbell\/\",\"url\":\"https:\/\/evertonfc.cz\/index.php\/news\/tretiu-ligu-vyskusa-campbell\/\",\"name\":\"Tretiu ligu vysk\u00fa\u0161a Campbell - Official Czech &amp; Slovak Everton Supporters&#039; Club\",\"isPartOf\":{\"@id\":\"https:\/\/evertonfc.cz\/#website\"},\"datePublished\":\"2024-02-02T11:54:07+00:00\",\"dateModified\":\"2024-02-02T11:54:30+00:00\",\"breadcrumb\":{\"@id\":\"https:\/\/evertonfc.cz\/index.php\/news\/tretiu-ligu-vyskusa-campbell\/#breadcrumb\"},\"inLanguage\":\"cs\",\"potentialAction\":[{\"@type\":\"ReadAction\",\"target\":[\"https:\/\/evertonfc.cz\/index.php\/news\/tretiu-ligu-vyskusa-campbell\/\"]}]},{\"@type\":\"BreadcrumbList\",\"@id\":\"https:\/\/evertonfc.cz\/index.php\/news\/tretiu-ligu-vyskusa-campbell\/#breadcrumb\",\"itemListElement\":[{\"@type\":\"ListItem\",\"position\":1,\"name\":\"Home\",\"item\":\"https:\/\/evertonfc.cz\/\"},{\"@type\":\"ListItem\",\"position\":2,\"name\":\"News\",\"item\":\"https:\/\/evertonfc.cz\/index.php\/news\/\"},{\"@type\":\"ListItem\",\"position\":3,\"name\":\"Tretiu ligu vysk\u00fa\u0161a Campbell\"}]},{\"@type\":\"WebSite\",\"@id\":\"https:\/\/evertonfc.cz\/#website\",\"url\":\"https:\/\/evertonfc.cz\/\",\"name\":\"Official Czech &amp; Slovak Everton Supporters&#039; Club\",\"description\":\"\",\"publisher\":{\"@id\":\"https:\/\/evertonfc.cz\/#organization\"},\"potentialAction\":[{\"@type\":\"SearchAction\",\"target\":{\"@type\":\"EntryPoint\",\"urlTemplate\":\"https:\/\/evertonfc.cz\/?s={search_term_string}\"},\"query-input\":{\"@type\":\"PropertyValueSpecification\",\"valueRequired\":true,\"valueName\":\"search_term_string\"}}],\"inLanguage\":\"cs\"},{\"@type\":\"Organization\",\"@id\":\"https:\/\/evertonfc.cz\/#organization\",\"name\":\"Official Czech & Slovak Everton Supporters' Club\",\"url\":\"https:\/\/evertonfc.cz\/\",\"logo\":{\"@type\":\"ImageObject\",\"inLanguage\":\"cs\",\"@id\":\"https:\/\/evertonfc.cz\/#\/schema\/logo\/image\/\",\"url\":\"https:\/\/evertonfc.cz\/wp-content\/uploads\/2019\/05\/logo.png\",\"contentUrl\":\"https:\/\/evertonfc.cz\/wp-content\/uploads\/2019\/05\/logo.png\",\"width\":112,\"height\":112,\"caption\":\"Official Czech & Slovak Everton Supporters' Club\"},\"image\":{\"@id\":\"https:\/\/evertonfc.cz\/#\/schema\/logo\/image\/\"},\"sameAs\":[\"https:\/\/www.facebook.com\/everton.fans.cz.sk\"]}]}<\/script>\n<!-- \/ Yoast SEO plugin. -->","yoast_head_json":{"title":"Tretiu ligu vysk\u00fa\u0161a Campbell - Official Czech &amp; Slovak Everton Supporters&#039; Club","robots":{"index":"index","follow":"follow","max-snippet":"max-snippet:-1","max-image-preview":"max-image-preview:large","max-video-preview":"max-video-preview:-1"},"canonical":"https:\/\/evertonfc.cz\/index.php\/news\/tretiu-ligu-vyskusa-campbell\/","og_locale":"cs_CZ","og_type":"article","og_title":"Tretiu ligu vysk\u00fa\u0161a Campbell - Official Czech &amp; Slovak Everton Supporters&#039; Club","og_description":"A bude to rovno boj o\u00a0z\u00e1chranu, ke\u010f sa 19-ro\u010dn\u00fd stop\u00e9r alebo \u013eav\u00fd obranca oble\u010die na polroka do dresu Fleetwoodu Town.&hellip;","og_url":"https:\/\/evertonfc.cz\/index.php\/news\/tretiu-ligu-vyskusa-campbell\/","og_site_name":"Official Czech &amp; Slovak Everton Supporters&#039; Club","article_publisher":"https:\/\/www.facebook.com\/everton.fans.cz.sk","article_modified_time":"2024-02-02T11:54:30+00:00","twitter_card":"summary_large_image","twitter_misc":{"Odhadovan\u00e1 doba \u010dten\u00ed":"1 minuta"},"schema":{"@context":"https:\/\/schema.org","@graph":[{"@type":"WebPage","@id":"https:\/\/evertonfc.cz\/index.php\/news\/tretiu-ligu-vyskusa-campbell\/","url":"https:\/\/evertonfc.cz\/index.php\/news\/tretiu-ligu-vyskusa-campbell\/","name":"Tretiu ligu vysk\u00fa\u0161a Campbell - Official Czech &amp; Slovak Everton Supporters&#039; Club","isPartOf":{"@id":"https:\/\/evertonfc.cz\/#website"},"datePublished":"2024-02-02T11:54:07+00:00","dateModified":"2024-02-02T11:54:30+00:00","breadcrumb":{"@id":"https:\/\/evertonfc.cz\/index.php\/news\/tretiu-ligu-vyskusa-campbell\/#breadcrumb"},"inLanguage":"cs","potentialAction":[{"@type":"ReadAction","target":["https:\/\/evertonfc.cz\/index.php\/news\/tretiu-ligu-vyskusa-campbell\/"]}]},{"@type":"BreadcrumbList","@id":"https:\/\/evertonfc.cz\/index.php\/news\/tretiu-ligu-vyskusa-campbell\/#breadcrumb","itemListElement":[{"@type":"ListItem","position":1,"name":"Home","item":"https:\/\/evertonfc.cz\/"},{"@type":"ListItem","position":2,"name":"News","item":"https:\/\/evertonfc.cz\/index.php\/news\/"},{"@type":"ListItem","position":3,"name":"Tretiu ligu vysk\u00fa\u0161a Campbell"}]},{"@type":"WebSite","@id":"https:\/\/evertonfc.cz\/#website","url":"https:\/\/evertonfc.cz\/","name":"Official Czech &amp; Slovak Everton Supporters&#039; Club","description":"","publisher":{"@id":"https:\/\/evertonfc.cz\/#organization"},"potentialAction":[{"@type":"SearchAction","target":{"@type":"EntryPoint","urlTemplate":"https:\/\/evertonfc.cz\/?s={search_term_string}"},"query-input":{"@type":"PropertyValueSpecification","valueRequired":true,"valueName":"search_term_string"}}],"inLanguage":"cs"},{"@type":"Organization","@id":"https:\/\/evertonfc.cz\/#organization","name":"Official Czech & Slovak Everton Supporters' Club","url":"https:\/\/evertonfc.cz\/","logo":{"@type":"ImageObject","inLanguage":"cs","@id":"https:\/\/evertonfc.cz\/#\/schema\/logo\/image\/","url":"https:\/\/evertonfc.cz\/wp-content\/uploads\/2019\/05\/logo.png","contentUrl":"https:\/\/evertonfc.cz\/wp-content\/uploads\/2019\/05\/logo.png","width":112,"height":112,"caption":"Official Czech & Slovak Everton Supporters' Club"},"image":{"@id":"https:\/\/evertonfc.cz\/#\/schema\/logo\/image\/"},"sameAs":["https:\/\/www.facebook.com\/everton.fans.cz.sk"]}]}},"_links":{"self":[{"href":"https:\/\/evertonfc.cz\/index.php\/wp-json\/wp\/v2\/news\/23858"}],"collection":[{"href":"https:\/\/evertonfc.cz\/index.php\/wp-json\/wp\/v2\/news"}],"about":[{"href":"https:\/\/evertonfc.cz\/index.php\/wp-json\/wp\/v2\/types\/news"}],"author":[{"embeddable":true,"href":"https:\/\/evertonfc.cz\/index.php\/wp-json\/wp\/v2\/users\/1"}],"replies":[{"embeddable":true,"href":"https:\/\/evertonfc.cz\/index.php\/wp-json\/wp\/v2\/comments?post=23858"}],"version-history":[{"count":2,"href":"https:\/\/evertonfc.cz\/index.php\/wp-json\/wp\/v2\/news\/23858\/revisions"}],"predecessor-version":[{"id":23860,"href":"https:\/\/evertonfc.cz\/index.php\/wp-json\/wp\/v2\/news\/23858\/revisions\/23860"}],"wp:attachment":[{"href":"https:\/\/evertonfc.cz\/index.php\/wp-json\/wp\/v2\/media?parent=23858"}],"wp:term":[{"taxonomy":"post_tag","embeddable":true,"href":"https:\/\/evertonfc.cz\/index.php\/wp-json\/wp\/v2\/tags?post=23858"},{"taxonomy":"news-category","embeddable":true,"href":"https:\/\/evertonfc.cz\/index.php\/wp-json\/wp\/v2\/news-category?post=23858"}],"curies":[{"name":"wp","href":"https:\/\/api.w.org\/{rel}","templated":true}]}}