{"id":24285,"date":"2024-04-18T21:54:59","date_gmt":"2024-04-18T19:54:59","guid":{"rendered":"https:\/\/evertonfc.cz\/?post_type=news&#038;p=24285"},"modified":"2024-04-18T21:54:59","modified_gmt":"2024-04-18T19:54:59","slug":"sorensen-prodlouzil","status":"publish","type":"news","link":"https:\/\/evertonfc.cz\/index.php\/news\/sorensen-prodlouzil\/","title":{"rendered":"S\u00f8rensen prodlou\u017eil"},"content":{"rendered":"<p>Mana\u017eer \u017eensk\u00e9ho evertonsk\u00e9ho t\u00fdmu Brian S\u00f8rensen prodlou\u017eil smlouvu s Klubem do konce roku 2026. Spole\u010dn\u011b s n\u00edm extendoval svoj\u00ed smlouvu i asistent Stephen Neligan. D\u00e1nsk\u00fd lodivod p\u0159i\u0161el do Evertonu v roce 2022 z Fortuny Hj\u00f8rring a poda\u0159ilo se mu (i za v\u00fdrazn\u00e9ho p\u0159isp\u011bn\u00ed akvizic hr\u00e1\u010dek, kter\u00e9 znal ze sv\u00e9ho skandin\u00e1vsk\u00e9ho p\u016fsoben\u00ed) kabinu rozkl\u00ed\u017eenou francouzsk\u00fdm hoch\u0161taplerem Vasseurem d\u00e1t nejen dohromady, ale i vytvo\u0159it mlad\u00fd perspektivn\u00ed t\u00fdm vyztu\u017een\u00fd zku\u0161en\u00fdmi bojovnicemi. Bohu\u017eel po prakticky ka\u017ed\u00e9m p\u0159estupov\u00e9m obdob\u00ed p\u0159i\u0161el o n\u011bkolik opor a vzhledem k velmi omezen\u00fdm financ\u00edm a vzhledem k um\u00edst\u011bn\u00ed Evertonu v doln\u00ed p\u016fli tabulky se je neda\u0159\u00ed\u00a0 plnohodnotn\u011b nahradit. S\u00f8rensenovo sna\u017een\u00ed tak trochu p\u0159ipom\u00edn\u00e1 kon\u00e1n\u00ed jist\u00e9ho Sisyfa. S\u00e1m mana\u017eer se nechal sly\u0161et, \u017ee je v klubu spokojen\u00fd, vych\u00e1zi dob\u0159e se z\u00e1stupci klubu, s hr\u00e1\u010dkami i s fanou\u0161ky a budoucnost \u017eensk\u00e9ho t\u00fdmu vid\u00ed optimisticky. Nezb\u00fdv\u00e1, ne\u017e jeho pr\u00e1ci ocenit a dr\u017eet mu (i n\u00e1m) palce do dala\u0161\u00edch let. <strong><span style=\"color: #0000ff;\">COYB!<\/span><\/strong><\/p>\n","protected":false},"excerpt":{"rendered":"<p>Mana\u017eer \u017eensk\u00e9ho evertonsk\u00e9ho t\u00fdmu Brian S\u00f8rensen prodlou\u017eil smlouvu s Klubem do konce roku 2026. Spole\u010dn\u011b s n\u00edm extendoval svoj\u00ed smlouvu&hellip;<\/p>\n","protected":false},"author":26,"featured_media":0,"comment_status":"open","ping_status":"closed","template":"","tags":[],"news-category":[18],"yoast_head":"<!-- This site is optimized with the Yoast SEO plugin v23.4 - https:\/\/yoast.com\/wordpress\/plugins\/seo\/ -->\n<title>S\u00f8rensen prodlou\u017eil - Official Czech &amp; Slovak Everton Supporters&#039; Club<\/title>\n<meta name=\"robots\" content=\"index, follow, max-snippet:-1, max-image-preview:large, max-video-preview:-1\" \/>\n<link rel=\"canonical\" href=\"https:\/\/evertonfc.cz\/index.php\/news\/sorensen-prodlouzil\/\" \/>\n<meta property=\"og:locale\" content=\"cs_CZ\" \/>\n<meta property=\"og:type\" content=\"article\" \/>\n<meta property=\"og:title\" content=\"S\u00f8rensen prodlou\u017eil - Official Czech &amp; Slovak Everton Supporters&#039; Club\" \/>\n<meta property=\"og:description\" content=\"Mana\u017eer \u017eensk\u00e9ho evertonsk\u00e9ho t\u00fdmu Brian S\u00f8rensen prodlou\u017eil smlouvu s Klubem do konce roku 2026. Spole\u010dn\u011b s n\u00edm extendoval svoj\u00ed smlouvu&hellip;\" \/>\n<meta property=\"og:url\" content=\"https:\/\/evertonfc.cz\/index.php\/news\/sorensen-prodlouzil\/\" \/>\n<meta property=\"og:site_name\" content=\"Official Czech &amp; Slovak Everton Supporters&#039; Club\" \/>\n<meta property=\"article:publisher\" content=\"https:\/\/www.facebook.com\/everton.fans.cz.sk\" \/>\n<meta name=\"twitter:card\" content=\"summary_large_image\" \/>\n<meta name=\"twitter:label1\" content=\"Odhadovan\u00e1 doba \u010dten\u00ed\" \/>\n\t<meta name=\"twitter:data1\" content=\"1 minuta\" \/>\n<script type=\"application\/ld+json\" class=\"yoast-schema-graph\">{\"@context\":\"https:\/\/schema.org\",\"@graph\":[{\"@type\":\"WebPage\",\"@id\":\"https:\/\/evertonfc.cz\/index.php\/news\/sorensen-prodlouzil\/\",\"url\":\"https:\/\/evertonfc.cz\/index.php\/news\/sorensen-prodlouzil\/\",\"name\":\"S\u00f8rensen prodlou\u017eil - Official Czech &amp; Slovak Everton Supporters&#039; Club\",\"isPartOf\":{\"@id\":\"https:\/\/evertonfc.cz\/#website\"},\"datePublished\":\"2024-04-18T19:54:59+00:00\",\"dateModified\":\"2024-04-18T19:54:59+00:00\",\"breadcrumb\":{\"@id\":\"https:\/\/evertonfc.cz\/index.php\/news\/sorensen-prodlouzil\/#breadcrumb\"},\"inLanguage\":\"cs\",\"potentialAction\":[{\"@type\":\"ReadAction\",\"target\":[\"https:\/\/evertonfc.cz\/index.php\/news\/sorensen-prodlouzil\/\"]}]},{\"@type\":\"BreadcrumbList\",\"@id\":\"https:\/\/evertonfc.cz\/index.php\/news\/sorensen-prodlouzil\/#breadcrumb\",\"itemListElement\":[{\"@type\":\"ListItem\",\"position\":1,\"name\":\"Home\",\"item\":\"https:\/\/evertonfc.cz\/\"},{\"@type\":\"ListItem\",\"position\":2,\"name\":\"News\",\"item\":\"https:\/\/evertonfc.cz\/index.php\/news\/\"},{\"@type\":\"ListItem\",\"position\":3,\"name\":\"S\u00f8rensen prodlou\u017eil\"}]},{\"@type\":\"WebSite\",\"@id\":\"https:\/\/evertonfc.cz\/#website\",\"url\":\"https:\/\/evertonfc.cz\/\",\"name\":\"Official Czech &amp; Slovak Everton Supporters&#039; Club\",\"description\":\"\",\"publisher\":{\"@id\":\"https:\/\/evertonfc.cz\/#organization\"},\"potentialAction\":[{\"@type\":\"SearchAction\",\"target\":{\"@type\":\"EntryPoint\",\"urlTemplate\":\"https:\/\/evertonfc.cz\/?s={search_term_string}\"},\"query-input\":{\"@type\":\"PropertyValueSpecification\",\"valueRequired\":true,\"valueName\":\"search_term_string\"}}],\"inLanguage\":\"cs\"},{\"@type\":\"Organization\",\"@id\":\"https:\/\/evertonfc.cz\/#organization\",\"name\":\"Official Czech & Slovak Everton Supporters' Club\",\"url\":\"https:\/\/evertonfc.cz\/\",\"logo\":{\"@type\":\"ImageObject\",\"inLanguage\":\"cs\",\"@id\":\"https:\/\/evertonfc.cz\/#\/schema\/logo\/image\/\",\"url\":\"https:\/\/evertonfc.cz\/wp-content\/uploads\/2019\/05\/logo.png\",\"contentUrl\":\"https:\/\/evertonfc.cz\/wp-content\/uploads\/2019\/05\/logo.png\",\"width\":112,\"height\":112,\"caption\":\"Official Czech & Slovak Everton Supporters' Club\"},\"image\":{\"@id\":\"https:\/\/evertonfc.cz\/#\/schema\/logo\/image\/\"},\"sameAs\":[\"https:\/\/www.facebook.com\/everton.fans.cz.sk\"]}]}<\/script>\n<!-- \/ Yoast SEO plugin. -->","yoast_head_json":{"title":"S\u00f8rensen prodlou\u017eil - Official Czech &amp; Slovak Everton Supporters&#039; Club","robots":{"index":"index","follow":"follow","max-snippet":"max-snippet:-1","max-image-preview":"max-image-preview:large","max-video-preview":"max-video-preview:-1"},"canonical":"https:\/\/evertonfc.cz\/index.php\/news\/sorensen-prodlouzil\/","og_locale":"cs_CZ","og_type":"article","og_title":"S\u00f8rensen prodlou\u017eil - Official Czech &amp; Slovak Everton Supporters&#039; Club","og_description":"Mana\u017eer \u017eensk\u00e9ho evertonsk\u00e9ho t\u00fdmu Brian S\u00f8rensen prodlou\u017eil smlouvu s Klubem do konce roku 2026. Spole\u010dn\u011b s n\u00edm extendoval svoj\u00ed smlouvu&hellip;","og_url":"https:\/\/evertonfc.cz\/index.php\/news\/sorensen-prodlouzil\/","og_site_name":"Official Czech &amp; Slovak Everton Supporters&#039; Club","article_publisher":"https:\/\/www.facebook.com\/everton.fans.cz.sk","twitter_card":"summary_large_image","twitter_misc":{"Odhadovan\u00e1 doba \u010dten\u00ed":"1 minuta"},"schema":{"@context":"https:\/\/schema.org","@graph":[{"@type":"WebPage","@id":"https:\/\/evertonfc.cz\/index.php\/news\/sorensen-prodlouzil\/","url":"https:\/\/evertonfc.cz\/index.php\/news\/sorensen-prodlouzil\/","name":"S\u00f8rensen prodlou\u017eil - Official Czech &amp; Slovak Everton Supporters&#039; Club","isPartOf":{"@id":"https:\/\/evertonfc.cz\/#website"},"datePublished":"2024-04-18T19:54:59+00:00","dateModified":"2024-04-18T19:54:59+00:00","breadcrumb":{"@id":"https:\/\/evertonfc.cz\/index.php\/news\/sorensen-prodlouzil\/#breadcrumb"},"inLanguage":"cs","potentialAction":[{"@type":"ReadAction","target":["https:\/\/evertonfc.cz\/index.php\/news\/sorensen-prodlouzil\/"]}]},{"@type":"BreadcrumbList","@id":"https:\/\/evertonfc.cz\/index.php\/news\/sorensen-prodlouzil\/#breadcrumb","itemListElement":[{"@type":"ListItem","position":1,"name":"Home","item":"https:\/\/evertonfc.cz\/"},{"@type":"ListItem","position":2,"name":"News","item":"https:\/\/evertonfc.cz\/index.php\/news\/"},{"@type":"ListItem","position":3,"name":"S\u00f8rensen prodlou\u017eil"}]},{"@type":"WebSite","@id":"https:\/\/evertonfc.cz\/#website","url":"https:\/\/evertonfc.cz\/","name":"Official Czech &amp; Slovak Everton Supporters&#039; Club","description":"","publisher":{"@id":"https:\/\/evertonfc.cz\/#organization"},"potentialAction":[{"@type":"SearchAction","target":{"@type":"EntryPoint","urlTemplate":"https:\/\/evertonfc.cz\/?s={search_term_string}"},"query-input":{"@type":"PropertyValueSpecification","valueRequired":true,"valueName":"search_term_string"}}],"inLanguage":"cs"},{"@type":"Organization","@id":"https:\/\/evertonfc.cz\/#organization","name":"Official Czech & Slovak Everton Supporters' Club","url":"https:\/\/evertonfc.cz\/","logo":{"@type":"ImageObject","inLanguage":"cs","@id":"https:\/\/evertonfc.cz\/#\/schema\/logo\/image\/","url":"https:\/\/evertonfc.cz\/wp-content\/uploads\/2019\/05\/logo.png","contentUrl":"https:\/\/evertonfc.cz\/wp-content\/uploads\/2019\/05\/logo.png","width":112,"height":112,"caption":"Official Czech & Slovak Everton Supporters' Club"},"image":{"@id":"https:\/\/evertonfc.cz\/#\/schema\/logo\/image\/"},"sameAs":["https:\/\/www.facebook.com\/everton.fans.cz.sk"]}]}},"_links":{"self":[{"href":"https:\/\/evertonfc.cz\/index.php\/wp-json\/wp\/v2\/news\/24285"}],"collection":[{"href":"https:\/\/evertonfc.cz\/index.php\/wp-json\/wp\/v2\/news"}],"about":[{"href":"https:\/\/evertonfc.cz\/index.php\/wp-json\/wp\/v2\/types\/news"}],"author":[{"embeddable":true,"href":"https:\/\/evertonfc.cz\/index.php\/wp-json\/wp\/v2\/users\/26"}],"replies":[{"embeddable":true,"href":"https:\/\/evertonfc.cz\/index.php\/wp-json\/wp\/v2\/comments?post=24285"}],"version-history":[{"count":1,"href":"https:\/\/evertonfc.cz\/index.php\/wp-json\/wp\/v2\/news\/24285\/revisions"}],"predecessor-version":[{"id":24288,"href":"https:\/\/evertonfc.cz\/index.php\/wp-json\/wp\/v2\/news\/24285\/revisions\/24288"}],"wp:attachment":[{"href":"https:\/\/evertonfc.cz\/index.php\/wp-json\/wp\/v2\/media?parent=24285"}],"wp:term":[{"taxonomy":"post_tag","embeddable":true,"href":"https:\/\/evertonfc.cz\/index.php\/wp-json\/wp\/v2\/tags?post=24285"},{"taxonomy":"news-category","embeddable":true,"href":"https:\/\/evertonfc.cz\/index.php\/wp-json\/wp\/v2\/news-category?post=24285"}],"curies":[{"name":"wp","href":"https:\/\/api.w.org\/{rel}","templated":true}]}}