{"id":24463,"date":"2024-05-13T21:36:49","date_gmt":"2024-05-13T19:36:49","guid":{"rendered":"https:\/\/evertonfc.cz\/?post_type=news&#038;p=24463"},"modified":"2024-05-14T11:13:52","modified_gmt":"2024-05-14T09:13:52","slug":"sorensen-manazerem-mesice","status":"publish","type":"news","link":"https:\/\/evertonfc.cz\/index.php\/news\/sorensen-manazerem-mesice\/","title":{"rendered":"S\u00f8rensen mana\u017eerem m\u011bs\u00edce"},"content":{"rendered":"<p>Brian S\u00f8rensen se stal mana\u017eerem m\u011bs\u00edce dubna ve WSL. Impozantn\u00ed m\u011bs\u00edc pro \u017eensk\u00e9 Karamelky, kdy Sorensen\u016fv t\u00fdm <a href=\"https:\/\/evertonfc.cz\/index.php\/2024\/04\/25\/brighton-hove-albion-w-everton-w-12\/\"><strong>porazil Brighton &amp; Hove Albion 2:1<\/strong><\/a>, a zajistil si bod proti vysoce postaven\u00e9mu <strong><a href=\"https:\/\/evertonfc.cz\/index.php\/2024\/05\/03\/everton-w-arsenal-w-11\/\">Arsenalu za rem\u00edzu 1:1<\/a><\/strong> minul\u00fd m\u011bs\u00edc. P\u0159ipojil se tak k Seanu Dycheovi, kter\u00fd z\u00edskal <a href=\"https:\/\/evertonfc.cz\/index.php\/news\/dyche-manazerom-mesiaca\/\"><strong>stejn\u00e9 ocen\u011bn\u00ed v Premier League.<\/strong><\/a> S\u00f8rensen t\u00edmto \u00fasp\u011bchem p\u011bkn\u011b doplnil ned\u00e1vn\u00e9 <strong><a href=\"https:\/\/evertonfc.cz\/index.php\/news\/sorensen-prodlouzil\/\">prodlou\u017een\u00ed sv\u00e9ho kontraktu<\/a><\/strong> na Walton Hall Park.<\/p>\n","protected":false},"excerpt":{"rendered":"<p>Brian S\u00f8rensen se stal mana\u017eerem m\u011bs\u00edce dubna ve WSL. Impozantn\u00ed m\u011bs\u00edc pro \u017eensk\u00e9 Karamelky, kdy Sorensen\u016fv t\u00fdm porazil Brighton &amp;&hellip;<\/p>\n","protected":false},"author":26,"featured_media":0,"comment_status":"open","ping_status":"closed","template":"","tags":[],"news-category":[18],"yoast_head":"<!-- This site is optimized with the Yoast SEO plugin v23.4 - https:\/\/yoast.com\/wordpress\/plugins\/seo\/ -->\n<title>S\u00f8rensen mana\u017eerem m\u011bs\u00edce - Official Czech &amp; Slovak Everton Supporters&#039; Club<\/title>\n<meta name=\"robots\" content=\"index, follow, max-snippet:-1, max-image-preview:large, max-video-preview:-1\" \/>\n<link rel=\"canonical\" href=\"https:\/\/evertonfc.cz\/index.php\/news\/sorensen-manazerem-mesice\/\" \/>\n<meta property=\"og:locale\" content=\"cs_CZ\" \/>\n<meta property=\"og:type\" content=\"article\" \/>\n<meta property=\"og:title\" content=\"S\u00f8rensen mana\u017eerem m\u011bs\u00edce - Official Czech &amp; Slovak Everton Supporters&#039; Club\" \/>\n<meta property=\"og:description\" content=\"Brian S\u00f8rensen se stal mana\u017eerem m\u011bs\u00edce dubna ve WSL. Impozantn\u00ed m\u011bs\u00edc pro \u017eensk\u00e9 Karamelky, kdy Sorensen\u016fv t\u00fdm porazil Brighton &amp;&hellip;\" \/>\n<meta property=\"og:url\" content=\"https:\/\/evertonfc.cz\/index.php\/news\/sorensen-manazerem-mesice\/\" \/>\n<meta property=\"og:site_name\" content=\"Official Czech &amp; Slovak Everton Supporters&#039; Club\" \/>\n<meta property=\"article:publisher\" content=\"https:\/\/www.facebook.com\/everton.fans.cz.sk\" \/>\n<meta property=\"article:modified_time\" content=\"2024-05-14T09:13:52+00:00\" \/>\n<meta name=\"twitter:card\" content=\"summary_large_image\" \/>\n<meta name=\"twitter:label1\" content=\"Odhadovan\u00e1 doba \u010dten\u00ed\" \/>\n\t<meta name=\"twitter:data1\" content=\"1 minuta\" \/>\n<script type=\"application\/ld+json\" class=\"yoast-schema-graph\">{\"@context\":\"https:\/\/schema.org\",\"@graph\":[{\"@type\":\"WebPage\",\"@id\":\"https:\/\/evertonfc.cz\/index.php\/news\/sorensen-manazerem-mesice\/\",\"url\":\"https:\/\/evertonfc.cz\/index.php\/news\/sorensen-manazerem-mesice\/\",\"name\":\"S\u00f8rensen mana\u017eerem m\u011bs\u00edce - Official Czech &amp; Slovak Everton Supporters&#039; Club\",\"isPartOf\":{\"@id\":\"https:\/\/evertonfc.cz\/#website\"},\"datePublished\":\"2024-05-13T19:36:49+00:00\",\"dateModified\":\"2024-05-14T09:13:52+00:00\",\"breadcrumb\":{\"@id\":\"https:\/\/evertonfc.cz\/index.php\/news\/sorensen-manazerem-mesice\/#breadcrumb\"},\"inLanguage\":\"cs\",\"potentialAction\":[{\"@type\":\"ReadAction\",\"target\":[\"https:\/\/evertonfc.cz\/index.php\/news\/sorensen-manazerem-mesice\/\"]}]},{\"@type\":\"BreadcrumbList\",\"@id\":\"https:\/\/evertonfc.cz\/index.php\/news\/sorensen-manazerem-mesice\/#breadcrumb\",\"itemListElement\":[{\"@type\":\"ListItem\",\"position\":1,\"name\":\"Home\",\"item\":\"https:\/\/evertonfc.cz\/\"},{\"@type\":\"ListItem\",\"position\":2,\"name\":\"News\",\"item\":\"https:\/\/evertonfc.cz\/index.php\/news\/\"},{\"@type\":\"ListItem\",\"position\":3,\"name\":\"S\u00f8rensen mana\u017eerem m\u011bs\u00edce\"}]},{\"@type\":\"WebSite\",\"@id\":\"https:\/\/evertonfc.cz\/#website\",\"url\":\"https:\/\/evertonfc.cz\/\",\"name\":\"Official Czech &amp; Slovak Everton Supporters&#039; Club\",\"description\":\"\",\"publisher\":{\"@id\":\"https:\/\/evertonfc.cz\/#organization\"},\"potentialAction\":[{\"@type\":\"SearchAction\",\"target\":{\"@type\":\"EntryPoint\",\"urlTemplate\":\"https:\/\/evertonfc.cz\/?s={search_term_string}\"},\"query-input\":{\"@type\":\"PropertyValueSpecification\",\"valueRequired\":true,\"valueName\":\"search_term_string\"}}],\"inLanguage\":\"cs\"},{\"@type\":\"Organization\",\"@id\":\"https:\/\/evertonfc.cz\/#organization\",\"name\":\"Official Czech & Slovak Everton Supporters' Club\",\"url\":\"https:\/\/evertonfc.cz\/\",\"logo\":{\"@type\":\"ImageObject\",\"inLanguage\":\"cs\",\"@id\":\"https:\/\/evertonfc.cz\/#\/schema\/logo\/image\/\",\"url\":\"https:\/\/evertonfc.cz\/wp-content\/uploads\/2019\/05\/logo.png\",\"contentUrl\":\"https:\/\/evertonfc.cz\/wp-content\/uploads\/2019\/05\/logo.png\",\"width\":112,\"height\":112,\"caption\":\"Official Czech & Slovak Everton Supporters' Club\"},\"image\":{\"@id\":\"https:\/\/evertonfc.cz\/#\/schema\/logo\/image\/\"},\"sameAs\":[\"https:\/\/www.facebook.com\/everton.fans.cz.sk\"]}]}<\/script>\n<!-- \/ Yoast SEO plugin. -->","yoast_head_json":{"title":"S\u00f8rensen mana\u017eerem m\u011bs\u00edce - Official Czech &amp; Slovak Everton Supporters&#039; Club","robots":{"index":"index","follow":"follow","max-snippet":"max-snippet:-1","max-image-preview":"max-image-preview:large","max-video-preview":"max-video-preview:-1"},"canonical":"https:\/\/evertonfc.cz\/index.php\/news\/sorensen-manazerem-mesice\/","og_locale":"cs_CZ","og_type":"article","og_title":"S\u00f8rensen mana\u017eerem m\u011bs\u00edce - Official Czech &amp; Slovak Everton Supporters&#039; Club","og_description":"Brian S\u00f8rensen se stal mana\u017eerem m\u011bs\u00edce dubna ve WSL. Impozantn\u00ed m\u011bs\u00edc pro \u017eensk\u00e9 Karamelky, kdy Sorensen\u016fv t\u00fdm porazil Brighton &amp;&hellip;","og_url":"https:\/\/evertonfc.cz\/index.php\/news\/sorensen-manazerem-mesice\/","og_site_name":"Official Czech &amp; Slovak Everton Supporters&#039; Club","article_publisher":"https:\/\/www.facebook.com\/everton.fans.cz.sk","article_modified_time":"2024-05-14T09:13:52+00:00","twitter_card":"summary_large_image","twitter_misc":{"Odhadovan\u00e1 doba \u010dten\u00ed":"1 minuta"},"schema":{"@context":"https:\/\/schema.org","@graph":[{"@type":"WebPage","@id":"https:\/\/evertonfc.cz\/index.php\/news\/sorensen-manazerem-mesice\/","url":"https:\/\/evertonfc.cz\/index.php\/news\/sorensen-manazerem-mesice\/","name":"S\u00f8rensen mana\u017eerem m\u011bs\u00edce - Official Czech &amp; Slovak Everton Supporters&#039; Club","isPartOf":{"@id":"https:\/\/evertonfc.cz\/#website"},"datePublished":"2024-05-13T19:36:49+00:00","dateModified":"2024-05-14T09:13:52+00:00","breadcrumb":{"@id":"https:\/\/evertonfc.cz\/index.php\/news\/sorensen-manazerem-mesice\/#breadcrumb"},"inLanguage":"cs","potentialAction":[{"@type":"ReadAction","target":["https:\/\/evertonfc.cz\/index.php\/news\/sorensen-manazerem-mesice\/"]}]},{"@type":"BreadcrumbList","@id":"https:\/\/evertonfc.cz\/index.php\/news\/sorensen-manazerem-mesice\/#breadcrumb","itemListElement":[{"@type":"ListItem","position":1,"name":"Home","item":"https:\/\/evertonfc.cz\/"},{"@type":"ListItem","position":2,"name":"News","item":"https:\/\/evertonfc.cz\/index.php\/news\/"},{"@type":"ListItem","position":3,"name":"S\u00f8rensen mana\u017eerem m\u011bs\u00edce"}]},{"@type":"WebSite","@id":"https:\/\/evertonfc.cz\/#website","url":"https:\/\/evertonfc.cz\/","name":"Official Czech &amp; Slovak Everton Supporters&#039; Club","description":"","publisher":{"@id":"https:\/\/evertonfc.cz\/#organization"},"potentialAction":[{"@type":"SearchAction","target":{"@type":"EntryPoint","urlTemplate":"https:\/\/evertonfc.cz\/?s={search_term_string}"},"query-input":{"@type":"PropertyValueSpecification","valueRequired":true,"valueName":"search_term_string"}}],"inLanguage":"cs"},{"@type":"Organization","@id":"https:\/\/evertonfc.cz\/#organization","name":"Official Czech & Slovak Everton Supporters' Club","url":"https:\/\/evertonfc.cz\/","logo":{"@type":"ImageObject","inLanguage":"cs","@id":"https:\/\/evertonfc.cz\/#\/schema\/logo\/image\/","url":"https:\/\/evertonfc.cz\/wp-content\/uploads\/2019\/05\/logo.png","contentUrl":"https:\/\/evertonfc.cz\/wp-content\/uploads\/2019\/05\/logo.png","width":112,"height":112,"caption":"Official Czech & Slovak Everton Supporters' Club"},"image":{"@id":"https:\/\/evertonfc.cz\/#\/schema\/logo\/image\/"},"sameAs":["https:\/\/www.facebook.com\/everton.fans.cz.sk"]}]}},"_links":{"self":[{"href":"https:\/\/evertonfc.cz\/index.php\/wp-json\/wp\/v2\/news\/24463"}],"collection":[{"href":"https:\/\/evertonfc.cz\/index.php\/wp-json\/wp\/v2\/news"}],"about":[{"href":"https:\/\/evertonfc.cz\/index.php\/wp-json\/wp\/v2\/types\/news"}],"author":[{"embeddable":true,"href":"https:\/\/evertonfc.cz\/index.php\/wp-json\/wp\/v2\/users\/26"}],"replies":[{"embeddable":true,"href":"https:\/\/evertonfc.cz\/index.php\/wp-json\/wp\/v2\/comments?post=24463"}],"version-history":[{"count":3,"href":"https:\/\/evertonfc.cz\/index.php\/wp-json\/wp\/v2\/news\/24463\/revisions"}],"predecessor-version":[{"id":24467,"href":"https:\/\/evertonfc.cz\/index.php\/wp-json\/wp\/v2\/news\/24463\/revisions\/24467"}],"wp:attachment":[{"href":"https:\/\/evertonfc.cz\/index.php\/wp-json\/wp\/v2\/media?parent=24463"}],"wp:term":[{"taxonomy":"post_tag","embeddable":true,"href":"https:\/\/evertonfc.cz\/index.php\/wp-json\/wp\/v2\/tags?post=24463"},{"taxonomy":"news-category","embeddable":true,"href":"https:\/\/evertonfc.cz\/index.php\/wp-json\/wp\/v2\/news-category?post=24463"}],"curies":[{"name":"wp","href":"https:\/\/api.w.org\/{rel}","templated":true}]}}