{"id":24667,"date":"2024-07-03T19:55:23","date_gmt":"2024-07-03T17:55:23","guid":{"rendered":"https:\/\/evertonfc.cz\/?post_type=news&#038;p=24667"},"modified":"2024-07-04T11:48:44","modified_gmt":"2024-07-04T09:48:44","slug":"odchazi-hanna-bennison","status":"publish","type":"news","link":"https:\/\/evertonfc.cz\/index.php\/news\/odchazi-hanna-bennison\/","title":{"rendered":"Odch\u00e1z\u00ed Hanna Bennison"},"content":{"rendered":"<p>21let\u00e1 Hanna Bennison odch\u00e1z\u00ed rok p\u0159ed koncem smlouvy do italsk\u00e9ho Juventusu. Na Walton Hall Park p\u0159i\u0161la v roce 2021 za 150 000 liber z FC Roseng\u00e5rd ve v\u00fdhodn\u00e9m bal\u00ed\u010dku s Nathali\u00ed Bj\u00f6rn a ob\u011b se rychle staly oporami t\u00fdmu. I kdy\u017e Bennison nebyla tak g\u00f3lov\u00e1, jak se ze \u0161v\u00e9dsk\u00fdch statistik mohlo zd\u00e1t, tak vyst\u0159elit um\u011bla a za svou kari\u00e9ru v Evertonu (77 z\u00e1pas\u016f) sk\u00f3rovala 8 kr\u00e1t. S jej\u00edm odchodem ale hlavn\u011b p\u0159ich\u00e1z\u00edme o technicky nadanou hr\u00e1\u010dku, kter\u00e1 byla sou\u010d\u00e1st\u00ed z\u00e1kladn\u00ed jeden\u00e1ctky, kter\u00e1 nevypustila jedin\u00fd z\u00e1pas a o zejm\u00e9na tv\u016frkyni na\u0161\u00ed hry. Nebude snadn\u00e9, tuhle d\u00edru po Bennison zacelit. D\u00edky za v\u0161e a hodn\u011b \u0161t\u011bst\u00ed u bianconeri!<\/p>\n","protected":false},"excerpt":{"rendered":"<p>21let\u00e1 Hanna Bennison odch\u00e1z\u00ed rok p\u0159ed koncem smlouvy do italsk\u00e9ho Juventusu. Na Walton Hall Park p\u0159i\u0161la v roce 2021 za&hellip;<\/p>\n","protected":false},"author":26,"featured_media":0,"comment_status":"open","ping_status":"closed","template":"","tags":[],"news-category":[18],"yoast_head":"<!-- This site is optimized with the Yoast SEO plugin v23.4 - https:\/\/yoast.com\/wordpress\/plugins\/seo\/ -->\n<title>Odch\u00e1z\u00ed Hanna Bennison - Official Czech &amp; Slovak Everton Supporters&#039; Club<\/title>\n<meta name=\"robots\" content=\"index, follow, max-snippet:-1, max-image-preview:large, max-video-preview:-1\" \/>\n<link rel=\"canonical\" href=\"https:\/\/evertonfc.cz\/index.php\/news\/odchazi-hanna-bennison\/\" \/>\n<meta property=\"og:locale\" content=\"cs_CZ\" \/>\n<meta property=\"og:type\" content=\"article\" \/>\n<meta property=\"og:title\" content=\"Odch\u00e1z\u00ed Hanna Bennison - Official Czech &amp; Slovak Everton Supporters&#039; Club\" \/>\n<meta property=\"og:description\" content=\"21let\u00e1 Hanna Bennison odch\u00e1z\u00ed rok p\u0159ed koncem smlouvy do italsk\u00e9ho Juventusu. Na Walton Hall Park p\u0159i\u0161la v roce 2021 za&hellip;\" \/>\n<meta property=\"og:url\" content=\"https:\/\/evertonfc.cz\/index.php\/news\/odchazi-hanna-bennison\/\" \/>\n<meta property=\"og:site_name\" content=\"Official Czech &amp; Slovak Everton Supporters&#039; Club\" \/>\n<meta property=\"article:publisher\" content=\"https:\/\/www.facebook.com\/everton.fans.cz.sk\" \/>\n<meta property=\"article:modified_time\" content=\"2024-07-04T09:48:44+00:00\" \/>\n<meta name=\"twitter:card\" content=\"summary_large_image\" \/>\n<meta name=\"twitter:label1\" content=\"Odhadovan\u00e1 doba \u010dten\u00ed\" \/>\n\t<meta name=\"twitter:data1\" content=\"1 minuta\" \/>\n<script type=\"application\/ld+json\" class=\"yoast-schema-graph\">{\"@context\":\"https:\/\/schema.org\",\"@graph\":[{\"@type\":\"WebPage\",\"@id\":\"https:\/\/evertonfc.cz\/index.php\/news\/odchazi-hanna-bennison\/\",\"url\":\"https:\/\/evertonfc.cz\/index.php\/news\/odchazi-hanna-bennison\/\",\"name\":\"Odch\u00e1z\u00ed Hanna Bennison - Official Czech &amp; Slovak Everton Supporters&#039; Club\",\"isPartOf\":{\"@id\":\"https:\/\/evertonfc.cz\/#website\"},\"datePublished\":\"2024-07-03T17:55:23+00:00\",\"dateModified\":\"2024-07-04T09:48:44+00:00\",\"breadcrumb\":{\"@id\":\"https:\/\/evertonfc.cz\/index.php\/news\/odchazi-hanna-bennison\/#breadcrumb\"},\"inLanguage\":\"cs\",\"potentialAction\":[{\"@type\":\"ReadAction\",\"target\":[\"https:\/\/evertonfc.cz\/index.php\/news\/odchazi-hanna-bennison\/\"]}]},{\"@type\":\"BreadcrumbList\",\"@id\":\"https:\/\/evertonfc.cz\/index.php\/news\/odchazi-hanna-bennison\/#breadcrumb\",\"itemListElement\":[{\"@type\":\"ListItem\",\"position\":1,\"name\":\"Home\",\"item\":\"https:\/\/evertonfc.cz\/\"},{\"@type\":\"ListItem\",\"position\":2,\"name\":\"News\",\"item\":\"https:\/\/evertonfc.cz\/index.php\/news\/\"},{\"@type\":\"ListItem\",\"position\":3,\"name\":\"Odch\u00e1z\u00ed Hanna Bennison\"}]},{\"@type\":\"WebSite\",\"@id\":\"https:\/\/evertonfc.cz\/#website\",\"url\":\"https:\/\/evertonfc.cz\/\",\"name\":\"Official Czech &amp; Slovak Everton Supporters&#039; Club\",\"description\":\"\",\"publisher\":{\"@id\":\"https:\/\/evertonfc.cz\/#organization\"},\"potentialAction\":[{\"@type\":\"SearchAction\",\"target\":{\"@type\":\"EntryPoint\",\"urlTemplate\":\"https:\/\/evertonfc.cz\/?s={search_term_string}\"},\"query-input\":{\"@type\":\"PropertyValueSpecification\",\"valueRequired\":true,\"valueName\":\"search_term_string\"}}],\"inLanguage\":\"cs\"},{\"@type\":\"Organization\",\"@id\":\"https:\/\/evertonfc.cz\/#organization\",\"name\":\"Official Czech & Slovak Everton Supporters' Club\",\"url\":\"https:\/\/evertonfc.cz\/\",\"logo\":{\"@type\":\"ImageObject\",\"inLanguage\":\"cs\",\"@id\":\"https:\/\/evertonfc.cz\/#\/schema\/logo\/image\/\",\"url\":\"https:\/\/evertonfc.cz\/wp-content\/uploads\/2019\/05\/logo.png\",\"contentUrl\":\"https:\/\/evertonfc.cz\/wp-content\/uploads\/2019\/05\/logo.png\",\"width\":112,\"height\":112,\"caption\":\"Official Czech & Slovak Everton Supporters' Club\"},\"image\":{\"@id\":\"https:\/\/evertonfc.cz\/#\/schema\/logo\/image\/\"},\"sameAs\":[\"https:\/\/www.facebook.com\/everton.fans.cz.sk\"]}]}<\/script>\n<!-- \/ Yoast SEO plugin. -->","yoast_head_json":{"title":"Odch\u00e1z\u00ed Hanna Bennison - Official Czech &amp; Slovak Everton Supporters&#039; Club","robots":{"index":"index","follow":"follow","max-snippet":"max-snippet:-1","max-image-preview":"max-image-preview:large","max-video-preview":"max-video-preview:-1"},"canonical":"https:\/\/evertonfc.cz\/index.php\/news\/odchazi-hanna-bennison\/","og_locale":"cs_CZ","og_type":"article","og_title":"Odch\u00e1z\u00ed Hanna Bennison - Official Czech &amp; Slovak Everton Supporters&#039; Club","og_description":"21let\u00e1 Hanna Bennison odch\u00e1z\u00ed rok p\u0159ed koncem smlouvy do italsk\u00e9ho Juventusu. Na Walton Hall Park p\u0159i\u0161la v roce 2021 za&hellip;","og_url":"https:\/\/evertonfc.cz\/index.php\/news\/odchazi-hanna-bennison\/","og_site_name":"Official Czech &amp; Slovak Everton Supporters&#039; Club","article_publisher":"https:\/\/www.facebook.com\/everton.fans.cz.sk","article_modified_time":"2024-07-04T09:48:44+00:00","twitter_card":"summary_large_image","twitter_misc":{"Odhadovan\u00e1 doba \u010dten\u00ed":"1 minuta"},"schema":{"@context":"https:\/\/schema.org","@graph":[{"@type":"WebPage","@id":"https:\/\/evertonfc.cz\/index.php\/news\/odchazi-hanna-bennison\/","url":"https:\/\/evertonfc.cz\/index.php\/news\/odchazi-hanna-bennison\/","name":"Odch\u00e1z\u00ed Hanna Bennison - Official Czech &amp; Slovak Everton Supporters&#039; Club","isPartOf":{"@id":"https:\/\/evertonfc.cz\/#website"},"datePublished":"2024-07-03T17:55:23+00:00","dateModified":"2024-07-04T09:48:44+00:00","breadcrumb":{"@id":"https:\/\/evertonfc.cz\/index.php\/news\/odchazi-hanna-bennison\/#breadcrumb"},"inLanguage":"cs","potentialAction":[{"@type":"ReadAction","target":["https:\/\/evertonfc.cz\/index.php\/news\/odchazi-hanna-bennison\/"]}]},{"@type":"BreadcrumbList","@id":"https:\/\/evertonfc.cz\/index.php\/news\/odchazi-hanna-bennison\/#breadcrumb","itemListElement":[{"@type":"ListItem","position":1,"name":"Home","item":"https:\/\/evertonfc.cz\/"},{"@type":"ListItem","position":2,"name":"News","item":"https:\/\/evertonfc.cz\/index.php\/news\/"},{"@type":"ListItem","position":3,"name":"Odch\u00e1z\u00ed Hanna Bennison"}]},{"@type":"WebSite","@id":"https:\/\/evertonfc.cz\/#website","url":"https:\/\/evertonfc.cz\/","name":"Official Czech &amp; Slovak Everton Supporters&#039; Club","description":"","publisher":{"@id":"https:\/\/evertonfc.cz\/#organization"},"potentialAction":[{"@type":"SearchAction","target":{"@type":"EntryPoint","urlTemplate":"https:\/\/evertonfc.cz\/?s={search_term_string}"},"query-input":{"@type":"PropertyValueSpecification","valueRequired":true,"valueName":"search_term_string"}}],"inLanguage":"cs"},{"@type":"Organization","@id":"https:\/\/evertonfc.cz\/#organization","name":"Official Czech & Slovak Everton Supporters' Club","url":"https:\/\/evertonfc.cz\/","logo":{"@type":"ImageObject","inLanguage":"cs","@id":"https:\/\/evertonfc.cz\/#\/schema\/logo\/image\/","url":"https:\/\/evertonfc.cz\/wp-content\/uploads\/2019\/05\/logo.png","contentUrl":"https:\/\/evertonfc.cz\/wp-content\/uploads\/2019\/05\/logo.png","width":112,"height":112,"caption":"Official Czech & Slovak Everton Supporters' Club"},"image":{"@id":"https:\/\/evertonfc.cz\/#\/schema\/logo\/image\/"},"sameAs":["https:\/\/www.facebook.com\/everton.fans.cz.sk"]}]}},"_links":{"self":[{"href":"https:\/\/evertonfc.cz\/index.php\/wp-json\/wp\/v2\/news\/24667"}],"collection":[{"href":"https:\/\/evertonfc.cz\/index.php\/wp-json\/wp\/v2\/news"}],"about":[{"href":"https:\/\/evertonfc.cz\/index.php\/wp-json\/wp\/v2\/types\/news"}],"author":[{"embeddable":true,"href":"https:\/\/evertonfc.cz\/index.php\/wp-json\/wp\/v2\/users\/26"}],"replies":[{"embeddable":true,"href":"https:\/\/evertonfc.cz\/index.php\/wp-json\/wp\/v2\/comments?post=24667"}],"version-history":[{"count":4,"href":"https:\/\/evertonfc.cz\/index.php\/wp-json\/wp\/v2\/news\/24667\/revisions"}],"predecessor-version":[{"id":24678,"href":"https:\/\/evertonfc.cz\/index.php\/wp-json\/wp\/v2\/news\/24667\/revisions\/24678"}],"wp:attachment":[{"href":"https:\/\/evertonfc.cz\/index.php\/wp-json\/wp\/v2\/media?parent=24667"}],"wp:term":[{"taxonomy":"post_tag","embeddable":true,"href":"https:\/\/evertonfc.cz\/index.php\/wp-json\/wp\/v2\/tags?post=24667"},{"taxonomy":"news-category","embeddable":true,"href":"https:\/\/evertonfc.cz\/index.php\/wp-json\/wp\/v2\/news-category?post=24667"}],"curies":[{"name":"wp","href":"https:\/\/api.w.org\/{rel}","templated":true}]}}