{"id":24688,"date":"2024-07-09T11:50:20","date_gmt":"2024-07-09T09:50:20","guid":{"rendered":"https:\/\/evertonfc.cz\/?post_type=news&#038;p=24688"},"modified":"2024-07-09T11:50:20","modified_gmt":"2024-07-09T09:50:20","slug":"dele-alli-znovu-trenuje-s-efc","status":"publish","type":"news","link":"https:\/\/evertonfc.cz\/index.php\/news\/dele-alli-znovu-trenuje-s-efc\/","title":{"rendered":"Dele Alli znovu tr\u00e9nuje s EFC"},"content":{"rendered":"<p>28-ro\u010dn\u00fd anglick\u00fd z\u00e1lo\u017en\u00edk, ktor\u00e9ho do klubu priviedol Frank Lampard za komplikovan\u00fdch zmluvn\u00fdch okolnost\u00ed, vyu\u017eil po vypr\u0161an\u00ed kontraktu s Evertonom mo\u017enos\u0165, ktor\u00fa mu klub pon\u00fakol. V\u010dera sa preto pripojil k prv\u00e9mu t\u00edmu na predsez\u00f3nnu pr\u00edpravu, a pokra\u010duje tak vo svojej rehabilit\u00e1cii na Finch Farm. Zatia\u013e nie je jasn\u00e9, \u010di samotn\u00fd hr\u00e1\u010d, alebo aj klub, m\u00e1 z\u00e1ujem obnovi\u0165 zmluvn\u00fa spolupr\u00e1cu na ihrisku. Alli s\u00fa\u0165a\u017ene nehral u\u017e vy\u0161e roka.<\/p>\n<p>Pod\u013ea medializovan\u00fdch inform\u00e1cii dostal Dele rovnak\u00fa ponuku na letn\u00fa pr\u00edpravu aj od svojho b\u00fdval\u00e9ho zamestn\u00e1vate\u013ea, Tottenhamu Hotspur. Po\u010das j\u00fana tr\u00e9noval aj samostatne s\u00a0kondi\u010dn\u00fdm tr\u00e9nerom v\u00a0spolo\u010dnosti viacer\u00fdch in\u00fdch hr\u00e1\u010dov ako Dominic Solanke, \u010di Nathan Chalobah v Lond\u00fdne a\u00a0aj Portugalsku.<\/p>\n","protected":false},"excerpt":{"rendered":"<p>28-ro\u010dn\u00fd anglick\u00fd z\u00e1lo\u017en\u00edk, ktor\u00e9ho do klubu priviedol Frank Lampard za komplikovan\u00fdch zmluvn\u00fdch okolnost\u00ed, vyu\u017eil po vypr\u0161an\u00ed kontraktu s Evertonom mo\u017enos\u0165,&hellip;<\/p>\n","protected":false},"author":1,"featured_media":0,"comment_status":"open","ping_status":"closed","template":"","tags":[],"news-category":[18],"yoast_head":"<!-- This site is optimized with the Yoast SEO plugin v23.4 - https:\/\/yoast.com\/wordpress\/plugins\/seo\/ -->\n<title>Dele Alli znovu tr\u00e9nuje s EFC - Official Czech &amp; Slovak Everton Supporters&#039; Club<\/title>\n<meta name=\"robots\" content=\"index, follow, max-snippet:-1, max-image-preview:large, max-video-preview:-1\" \/>\n<link rel=\"canonical\" href=\"https:\/\/evertonfc.cz\/index.php\/news\/dele-alli-znovu-trenuje-s-efc\/\" \/>\n<meta property=\"og:locale\" content=\"cs_CZ\" \/>\n<meta property=\"og:type\" content=\"article\" \/>\n<meta property=\"og:title\" content=\"Dele Alli znovu tr\u00e9nuje s EFC - Official Czech &amp; Slovak Everton Supporters&#039; Club\" \/>\n<meta property=\"og:description\" content=\"28-ro\u010dn\u00fd anglick\u00fd z\u00e1lo\u017en\u00edk, ktor\u00e9ho do klubu priviedol Frank Lampard za komplikovan\u00fdch zmluvn\u00fdch okolnost\u00ed, vyu\u017eil po vypr\u0161an\u00ed kontraktu s Evertonom mo\u017enos\u0165,&hellip;\" \/>\n<meta property=\"og:url\" content=\"https:\/\/evertonfc.cz\/index.php\/news\/dele-alli-znovu-trenuje-s-efc\/\" \/>\n<meta property=\"og:site_name\" content=\"Official Czech &amp; Slovak Everton Supporters&#039; Club\" \/>\n<meta property=\"article:publisher\" content=\"https:\/\/www.facebook.com\/everton.fans.cz.sk\" \/>\n<meta name=\"twitter:card\" content=\"summary_large_image\" \/>\n<meta name=\"twitter:label1\" content=\"Odhadovan\u00e1 doba \u010dten\u00ed\" \/>\n\t<meta name=\"twitter:data1\" content=\"1 minuta\" \/>\n<script type=\"application\/ld+json\" class=\"yoast-schema-graph\">{\"@context\":\"https:\/\/schema.org\",\"@graph\":[{\"@type\":\"WebPage\",\"@id\":\"https:\/\/evertonfc.cz\/index.php\/news\/dele-alli-znovu-trenuje-s-efc\/\",\"url\":\"https:\/\/evertonfc.cz\/index.php\/news\/dele-alli-znovu-trenuje-s-efc\/\",\"name\":\"Dele Alli znovu tr\u00e9nuje s EFC - Official Czech &amp; Slovak Everton Supporters&#039; Club\",\"isPartOf\":{\"@id\":\"https:\/\/evertonfc.cz\/#website\"},\"datePublished\":\"2024-07-09T09:50:20+00:00\",\"dateModified\":\"2024-07-09T09:50:20+00:00\",\"breadcrumb\":{\"@id\":\"https:\/\/evertonfc.cz\/index.php\/news\/dele-alli-znovu-trenuje-s-efc\/#breadcrumb\"},\"inLanguage\":\"cs\",\"potentialAction\":[{\"@type\":\"ReadAction\",\"target\":[\"https:\/\/evertonfc.cz\/index.php\/news\/dele-alli-znovu-trenuje-s-efc\/\"]}]},{\"@type\":\"BreadcrumbList\",\"@id\":\"https:\/\/evertonfc.cz\/index.php\/news\/dele-alli-znovu-trenuje-s-efc\/#breadcrumb\",\"itemListElement\":[{\"@type\":\"ListItem\",\"position\":1,\"name\":\"Home\",\"item\":\"https:\/\/evertonfc.cz\/\"},{\"@type\":\"ListItem\",\"position\":2,\"name\":\"News\",\"item\":\"https:\/\/evertonfc.cz\/index.php\/news\/\"},{\"@type\":\"ListItem\",\"position\":3,\"name\":\"Dele Alli znovu tr\u00e9nuje s EFC\"}]},{\"@type\":\"WebSite\",\"@id\":\"https:\/\/evertonfc.cz\/#website\",\"url\":\"https:\/\/evertonfc.cz\/\",\"name\":\"Official Czech &amp; Slovak Everton Supporters&#039; Club\",\"description\":\"\",\"publisher\":{\"@id\":\"https:\/\/evertonfc.cz\/#organization\"},\"potentialAction\":[{\"@type\":\"SearchAction\",\"target\":{\"@type\":\"EntryPoint\",\"urlTemplate\":\"https:\/\/evertonfc.cz\/?s={search_term_string}\"},\"query-input\":{\"@type\":\"PropertyValueSpecification\",\"valueRequired\":true,\"valueName\":\"search_term_string\"}}],\"inLanguage\":\"cs\"},{\"@type\":\"Organization\",\"@id\":\"https:\/\/evertonfc.cz\/#organization\",\"name\":\"Official Czech & Slovak Everton Supporters' Club\",\"url\":\"https:\/\/evertonfc.cz\/\",\"logo\":{\"@type\":\"ImageObject\",\"inLanguage\":\"cs\",\"@id\":\"https:\/\/evertonfc.cz\/#\/schema\/logo\/image\/\",\"url\":\"https:\/\/evertonfc.cz\/wp-content\/uploads\/2019\/05\/logo.png\",\"contentUrl\":\"https:\/\/evertonfc.cz\/wp-content\/uploads\/2019\/05\/logo.png\",\"width\":112,\"height\":112,\"caption\":\"Official Czech & Slovak Everton Supporters' Club\"},\"image\":{\"@id\":\"https:\/\/evertonfc.cz\/#\/schema\/logo\/image\/\"},\"sameAs\":[\"https:\/\/www.facebook.com\/everton.fans.cz.sk\"]}]}<\/script>\n<!-- \/ Yoast SEO plugin. -->","yoast_head_json":{"title":"Dele Alli znovu tr\u00e9nuje s EFC - Official Czech &amp; Slovak Everton Supporters&#039; Club","robots":{"index":"index","follow":"follow","max-snippet":"max-snippet:-1","max-image-preview":"max-image-preview:large","max-video-preview":"max-video-preview:-1"},"canonical":"https:\/\/evertonfc.cz\/index.php\/news\/dele-alli-znovu-trenuje-s-efc\/","og_locale":"cs_CZ","og_type":"article","og_title":"Dele Alli znovu tr\u00e9nuje s EFC - Official Czech &amp; Slovak Everton Supporters&#039; Club","og_description":"28-ro\u010dn\u00fd anglick\u00fd z\u00e1lo\u017en\u00edk, ktor\u00e9ho do klubu priviedol Frank Lampard za komplikovan\u00fdch zmluvn\u00fdch okolnost\u00ed, vyu\u017eil po vypr\u0161an\u00ed kontraktu s Evertonom mo\u017enos\u0165,&hellip;","og_url":"https:\/\/evertonfc.cz\/index.php\/news\/dele-alli-znovu-trenuje-s-efc\/","og_site_name":"Official Czech &amp; Slovak Everton Supporters&#039; Club","article_publisher":"https:\/\/www.facebook.com\/everton.fans.cz.sk","twitter_card":"summary_large_image","twitter_misc":{"Odhadovan\u00e1 doba \u010dten\u00ed":"1 minuta"},"schema":{"@context":"https:\/\/schema.org","@graph":[{"@type":"WebPage","@id":"https:\/\/evertonfc.cz\/index.php\/news\/dele-alli-znovu-trenuje-s-efc\/","url":"https:\/\/evertonfc.cz\/index.php\/news\/dele-alli-znovu-trenuje-s-efc\/","name":"Dele Alli znovu tr\u00e9nuje s EFC - Official Czech &amp; Slovak Everton Supporters&#039; Club","isPartOf":{"@id":"https:\/\/evertonfc.cz\/#website"},"datePublished":"2024-07-09T09:50:20+00:00","dateModified":"2024-07-09T09:50:20+00:00","breadcrumb":{"@id":"https:\/\/evertonfc.cz\/index.php\/news\/dele-alli-znovu-trenuje-s-efc\/#breadcrumb"},"inLanguage":"cs","potentialAction":[{"@type":"ReadAction","target":["https:\/\/evertonfc.cz\/index.php\/news\/dele-alli-znovu-trenuje-s-efc\/"]}]},{"@type":"BreadcrumbList","@id":"https:\/\/evertonfc.cz\/index.php\/news\/dele-alli-znovu-trenuje-s-efc\/#breadcrumb","itemListElement":[{"@type":"ListItem","position":1,"name":"Home","item":"https:\/\/evertonfc.cz\/"},{"@type":"ListItem","position":2,"name":"News","item":"https:\/\/evertonfc.cz\/index.php\/news\/"},{"@type":"ListItem","position":3,"name":"Dele Alli znovu tr\u00e9nuje s EFC"}]},{"@type":"WebSite","@id":"https:\/\/evertonfc.cz\/#website","url":"https:\/\/evertonfc.cz\/","name":"Official Czech &amp; Slovak Everton Supporters&#039; Club","description":"","publisher":{"@id":"https:\/\/evertonfc.cz\/#organization"},"potentialAction":[{"@type":"SearchAction","target":{"@type":"EntryPoint","urlTemplate":"https:\/\/evertonfc.cz\/?s={search_term_string}"},"query-input":{"@type":"PropertyValueSpecification","valueRequired":true,"valueName":"search_term_string"}}],"inLanguage":"cs"},{"@type":"Organization","@id":"https:\/\/evertonfc.cz\/#organization","name":"Official Czech & Slovak Everton Supporters' Club","url":"https:\/\/evertonfc.cz\/","logo":{"@type":"ImageObject","inLanguage":"cs","@id":"https:\/\/evertonfc.cz\/#\/schema\/logo\/image\/","url":"https:\/\/evertonfc.cz\/wp-content\/uploads\/2019\/05\/logo.png","contentUrl":"https:\/\/evertonfc.cz\/wp-content\/uploads\/2019\/05\/logo.png","width":112,"height":112,"caption":"Official Czech & Slovak Everton Supporters' Club"},"image":{"@id":"https:\/\/evertonfc.cz\/#\/schema\/logo\/image\/"},"sameAs":["https:\/\/www.facebook.com\/everton.fans.cz.sk"]}]}},"_links":{"self":[{"href":"https:\/\/evertonfc.cz\/index.php\/wp-json\/wp\/v2\/news\/24688"}],"collection":[{"href":"https:\/\/evertonfc.cz\/index.php\/wp-json\/wp\/v2\/news"}],"about":[{"href":"https:\/\/evertonfc.cz\/index.php\/wp-json\/wp\/v2\/types\/news"}],"author":[{"embeddable":true,"href":"https:\/\/evertonfc.cz\/index.php\/wp-json\/wp\/v2\/users\/1"}],"replies":[{"embeddable":true,"href":"https:\/\/evertonfc.cz\/index.php\/wp-json\/wp\/v2\/comments?post=24688"}],"version-history":[{"count":7,"href":"https:\/\/evertonfc.cz\/index.php\/wp-json\/wp\/v2\/news\/24688\/revisions"}],"predecessor-version":[{"id":24695,"href":"https:\/\/evertonfc.cz\/index.php\/wp-json\/wp\/v2\/news\/24688\/revisions\/24695"}],"wp:attachment":[{"href":"https:\/\/evertonfc.cz\/index.php\/wp-json\/wp\/v2\/media?parent=24688"}],"wp:term":[{"taxonomy":"post_tag","embeddable":true,"href":"https:\/\/evertonfc.cz\/index.php\/wp-json\/wp\/v2\/tags?post=24688"},{"taxonomy":"news-category","embeddable":true,"href":"https:\/\/evertonfc.cz\/index.php\/wp-json\/wp\/v2\/news-category?post=24688"}],"curies":[{"name":"wp","href":"https:\/\/api.w.org\/{rel}","templated":true}]}}