{"id":25510,"date":"2024-10-25T16:04:44","date_gmt":"2024-10-25T14:04:44","guid":{"rendered":"https:\/\/evertonfc.cz\/?post_type=news&#038;p=25510"},"modified":"2024-10-25T16:04:55","modified_gmt":"2024-10-25T14:04:55","slug":"jose-mourinho-a-everton","status":"publish","type":"news","link":"https:\/\/evertonfc.cz\/index.php\/news\/jose-mourinho-a-everton\/","title":{"rendered":"Jos\u00e9 Mourinho a Everton?"},"content":{"rendered":"<p>Po v\u010deraj\u0161om z\u00e1pase Eur\u00f3pskej ligy, kedy jeho Fenerbah\u00e7e za kontroverzn\u00fdch okolnost\u00ed (Mourinho dostal \u010derven\u00fa kartu) remizovalo s Manchesterom United 1:1, sa Portugal\u010dan priznal, \u017ee najlep\u0161\u00edm krokom pre neho bude n\u00e1vrat do Anglicka. V podstate svojimi slovami hodil rukavicu&#8230;<\/p>\n<blockquote><p><span style=\"font-size: 12pt;\"><em>&#8222;Mysl\u00edm si, \u017ee najlep\u0161ie, \u010do mus\u00edm urobi\u0165, je, \u017ee ke\u010f od\u00eddem z Fenerbahce, p\u00f4jdem do klubu, ktor\u00fd nehr\u00e1 s\u00fa\u0165a\u017ee UEFA. Tak\u017ee ak nejak\u00fd klub v Anglicku zo spodnej \u010dasti tabu\u013eky bude do dvoch rokov potrebova\u0165 tr\u00e9nera, som pripraven\u00fd \u00eds\u0165.&#8220;<\/em><\/span><\/p><\/blockquote>\n<p>Na t\u00fdchto koment\u00e1roch by za norm\u00e1lnych okolnost\u00ed nebolo ni\u010d v spojitosti s Evertonom. Av\u0161ak bol to pr\u00e1ve Mourinho, koho dosadili bud\u00faci majitelia EFC do st\u00e1le svojho AS R\u00edm, ke\u010f \u0161tartovali nov\u00fa \u00e9ru klubu po prevzat\u00ed. Samozrejme, \u017ee sa toho okam\u017eite chytili m\u00e9di\u00e1. \u010co na to my, Evertonians?<\/p>\n<p>Mimochodom, u\u017e sa objavili spr\u00e1vy, \u017ee skupina TFG chyst\u00e1 predaj minim\u00e1lne 30% podiel v talianskom klube, \u010do by nakoniec mohlo vies\u0165 k \u00fapln\u00e9mu predaju.<\/p>\n","protected":false},"excerpt":{"rendered":"<p>Po v\u010deraj\u0161om z\u00e1pase Eur\u00f3pskej ligy, kedy jeho Fenerbah\u00e7e za kontroverzn\u00fdch okolnost\u00ed (Mourinho dostal \u010derven\u00fa kartu) remizovalo s Manchesterom United 1:1,&hellip;<\/p>\n","protected":false},"author":1,"featured_media":0,"comment_status":"open","ping_status":"closed","template":"","tags":[],"news-category":[18],"yoast_head":"<!-- This site is optimized with the Yoast SEO plugin v23.4 - https:\/\/yoast.com\/wordpress\/plugins\/seo\/ -->\n<title>Jos\u00e9 Mourinho a Everton? - Official Czech &amp; Slovak Everton Supporters&#039; Club<\/title>\n<meta name=\"robots\" content=\"index, follow, max-snippet:-1, max-image-preview:large, max-video-preview:-1\" \/>\n<link rel=\"canonical\" href=\"https:\/\/evertonfc.cz\/index.php\/news\/jose-mourinho-a-everton\/\" \/>\n<meta property=\"og:locale\" content=\"cs_CZ\" \/>\n<meta property=\"og:type\" content=\"article\" \/>\n<meta property=\"og:title\" content=\"Jos\u00e9 Mourinho a Everton? - Official Czech &amp; Slovak Everton Supporters&#039; Club\" \/>\n<meta property=\"og:description\" content=\"Po v\u010deraj\u0161om z\u00e1pase Eur\u00f3pskej ligy, kedy jeho Fenerbah\u00e7e za kontroverzn\u00fdch okolnost\u00ed (Mourinho dostal \u010derven\u00fa kartu) remizovalo s Manchesterom United 1:1,&hellip;\" \/>\n<meta property=\"og:url\" content=\"https:\/\/evertonfc.cz\/index.php\/news\/jose-mourinho-a-everton\/\" \/>\n<meta property=\"og:site_name\" content=\"Official Czech &amp; Slovak Everton Supporters&#039; Club\" \/>\n<meta property=\"article:publisher\" content=\"https:\/\/www.facebook.com\/everton.fans.cz.sk\" \/>\n<meta property=\"article:modified_time\" content=\"2024-10-25T14:04:55+00:00\" \/>\n<meta name=\"twitter:card\" content=\"summary_large_image\" \/>\n<meta name=\"twitter:label1\" content=\"Odhadovan\u00e1 doba \u010dten\u00ed\" \/>\n\t<meta name=\"twitter:data1\" content=\"1 minuta\" \/>\n<script type=\"application\/ld+json\" class=\"yoast-schema-graph\">{\"@context\":\"https:\/\/schema.org\",\"@graph\":[{\"@type\":\"WebPage\",\"@id\":\"https:\/\/evertonfc.cz\/index.php\/news\/jose-mourinho-a-everton\/\",\"url\":\"https:\/\/evertonfc.cz\/index.php\/news\/jose-mourinho-a-everton\/\",\"name\":\"Jos\u00e9 Mourinho a Everton? - Official Czech &amp; Slovak Everton Supporters&#039; Club\",\"isPartOf\":{\"@id\":\"https:\/\/evertonfc.cz\/#website\"},\"datePublished\":\"2024-10-25T14:04:44+00:00\",\"dateModified\":\"2024-10-25T14:04:55+00:00\",\"breadcrumb\":{\"@id\":\"https:\/\/evertonfc.cz\/index.php\/news\/jose-mourinho-a-everton\/#breadcrumb\"},\"inLanguage\":\"cs\",\"potentialAction\":[{\"@type\":\"ReadAction\",\"target\":[\"https:\/\/evertonfc.cz\/index.php\/news\/jose-mourinho-a-everton\/\"]}]},{\"@type\":\"BreadcrumbList\",\"@id\":\"https:\/\/evertonfc.cz\/index.php\/news\/jose-mourinho-a-everton\/#breadcrumb\",\"itemListElement\":[{\"@type\":\"ListItem\",\"position\":1,\"name\":\"Home\",\"item\":\"https:\/\/evertonfc.cz\/\"},{\"@type\":\"ListItem\",\"position\":2,\"name\":\"News\",\"item\":\"https:\/\/evertonfc.cz\/index.php\/news\/\"},{\"@type\":\"ListItem\",\"position\":3,\"name\":\"Jos\u00e9 Mourinho a Everton?\"}]},{\"@type\":\"WebSite\",\"@id\":\"https:\/\/evertonfc.cz\/#website\",\"url\":\"https:\/\/evertonfc.cz\/\",\"name\":\"Official Czech &amp; Slovak Everton Supporters&#039; Club\",\"description\":\"\",\"publisher\":{\"@id\":\"https:\/\/evertonfc.cz\/#organization\"},\"potentialAction\":[{\"@type\":\"SearchAction\",\"target\":{\"@type\":\"EntryPoint\",\"urlTemplate\":\"https:\/\/evertonfc.cz\/?s={search_term_string}\"},\"query-input\":{\"@type\":\"PropertyValueSpecification\",\"valueRequired\":true,\"valueName\":\"search_term_string\"}}],\"inLanguage\":\"cs\"},{\"@type\":\"Organization\",\"@id\":\"https:\/\/evertonfc.cz\/#organization\",\"name\":\"Official Czech & Slovak Everton Supporters' Club\",\"url\":\"https:\/\/evertonfc.cz\/\",\"logo\":{\"@type\":\"ImageObject\",\"inLanguage\":\"cs\",\"@id\":\"https:\/\/evertonfc.cz\/#\/schema\/logo\/image\/\",\"url\":\"https:\/\/evertonfc.cz\/wp-content\/uploads\/2019\/05\/logo.png\",\"contentUrl\":\"https:\/\/evertonfc.cz\/wp-content\/uploads\/2019\/05\/logo.png\",\"width\":112,\"height\":112,\"caption\":\"Official Czech & Slovak Everton Supporters' Club\"},\"image\":{\"@id\":\"https:\/\/evertonfc.cz\/#\/schema\/logo\/image\/\"},\"sameAs\":[\"https:\/\/www.facebook.com\/everton.fans.cz.sk\"]}]}<\/script>\n<!-- \/ Yoast SEO plugin. -->","yoast_head_json":{"title":"Jos\u00e9 Mourinho a Everton? - Official Czech &amp; Slovak Everton Supporters&#039; Club","robots":{"index":"index","follow":"follow","max-snippet":"max-snippet:-1","max-image-preview":"max-image-preview:large","max-video-preview":"max-video-preview:-1"},"canonical":"https:\/\/evertonfc.cz\/index.php\/news\/jose-mourinho-a-everton\/","og_locale":"cs_CZ","og_type":"article","og_title":"Jos\u00e9 Mourinho a Everton? - Official Czech &amp; Slovak Everton Supporters&#039; Club","og_description":"Po v\u010deraj\u0161om z\u00e1pase Eur\u00f3pskej ligy, kedy jeho Fenerbah\u00e7e za kontroverzn\u00fdch okolnost\u00ed (Mourinho dostal \u010derven\u00fa kartu) remizovalo s Manchesterom United 1:1,&hellip;","og_url":"https:\/\/evertonfc.cz\/index.php\/news\/jose-mourinho-a-everton\/","og_site_name":"Official Czech &amp; Slovak Everton Supporters&#039; Club","article_publisher":"https:\/\/www.facebook.com\/everton.fans.cz.sk","article_modified_time":"2024-10-25T14:04:55+00:00","twitter_card":"summary_large_image","twitter_misc":{"Odhadovan\u00e1 doba \u010dten\u00ed":"1 minuta"},"schema":{"@context":"https:\/\/schema.org","@graph":[{"@type":"WebPage","@id":"https:\/\/evertonfc.cz\/index.php\/news\/jose-mourinho-a-everton\/","url":"https:\/\/evertonfc.cz\/index.php\/news\/jose-mourinho-a-everton\/","name":"Jos\u00e9 Mourinho a Everton? - Official Czech &amp; Slovak Everton Supporters&#039; Club","isPartOf":{"@id":"https:\/\/evertonfc.cz\/#website"},"datePublished":"2024-10-25T14:04:44+00:00","dateModified":"2024-10-25T14:04:55+00:00","breadcrumb":{"@id":"https:\/\/evertonfc.cz\/index.php\/news\/jose-mourinho-a-everton\/#breadcrumb"},"inLanguage":"cs","potentialAction":[{"@type":"ReadAction","target":["https:\/\/evertonfc.cz\/index.php\/news\/jose-mourinho-a-everton\/"]}]},{"@type":"BreadcrumbList","@id":"https:\/\/evertonfc.cz\/index.php\/news\/jose-mourinho-a-everton\/#breadcrumb","itemListElement":[{"@type":"ListItem","position":1,"name":"Home","item":"https:\/\/evertonfc.cz\/"},{"@type":"ListItem","position":2,"name":"News","item":"https:\/\/evertonfc.cz\/index.php\/news\/"},{"@type":"ListItem","position":3,"name":"Jos\u00e9 Mourinho a Everton?"}]},{"@type":"WebSite","@id":"https:\/\/evertonfc.cz\/#website","url":"https:\/\/evertonfc.cz\/","name":"Official Czech &amp; Slovak Everton Supporters&#039; Club","description":"","publisher":{"@id":"https:\/\/evertonfc.cz\/#organization"},"potentialAction":[{"@type":"SearchAction","target":{"@type":"EntryPoint","urlTemplate":"https:\/\/evertonfc.cz\/?s={search_term_string}"},"query-input":{"@type":"PropertyValueSpecification","valueRequired":true,"valueName":"search_term_string"}}],"inLanguage":"cs"},{"@type":"Organization","@id":"https:\/\/evertonfc.cz\/#organization","name":"Official Czech & Slovak Everton Supporters' Club","url":"https:\/\/evertonfc.cz\/","logo":{"@type":"ImageObject","inLanguage":"cs","@id":"https:\/\/evertonfc.cz\/#\/schema\/logo\/image\/","url":"https:\/\/evertonfc.cz\/wp-content\/uploads\/2019\/05\/logo.png","contentUrl":"https:\/\/evertonfc.cz\/wp-content\/uploads\/2019\/05\/logo.png","width":112,"height":112,"caption":"Official Czech & Slovak Everton Supporters' Club"},"image":{"@id":"https:\/\/evertonfc.cz\/#\/schema\/logo\/image\/"},"sameAs":["https:\/\/www.facebook.com\/everton.fans.cz.sk"]}]}},"_links":{"self":[{"href":"https:\/\/evertonfc.cz\/index.php\/wp-json\/wp\/v2\/news\/25510"}],"collection":[{"href":"https:\/\/evertonfc.cz\/index.php\/wp-json\/wp\/v2\/news"}],"about":[{"href":"https:\/\/evertonfc.cz\/index.php\/wp-json\/wp\/v2\/types\/news"}],"author":[{"embeddable":true,"href":"https:\/\/evertonfc.cz\/index.php\/wp-json\/wp\/v2\/users\/1"}],"replies":[{"embeddable":true,"href":"https:\/\/evertonfc.cz\/index.php\/wp-json\/wp\/v2\/comments?post=25510"}],"version-history":[{"count":4,"href":"https:\/\/evertonfc.cz\/index.php\/wp-json\/wp\/v2\/news\/25510\/revisions"}],"predecessor-version":[{"id":25514,"href":"https:\/\/evertonfc.cz\/index.php\/wp-json\/wp\/v2\/news\/25510\/revisions\/25514"}],"wp:attachment":[{"href":"https:\/\/evertonfc.cz\/index.php\/wp-json\/wp\/v2\/media?parent=25510"}],"wp:term":[{"taxonomy":"post_tag","embeddable":true,"href":"https:\/\/evertonfc.cz\/index.php\/wp-json\/wp\/v2\/tags?post=25510"},{"taxonomy":"news-category","embeddable":true,"href":"https:\/\/evertonfc.cz\/index.php\/wp-json\/wp\/v2\/news-category?post=25510"}],"curies":[{"name":"wp","href":"https:\/\/api.w.org\/{rel}","templated":true}]}}