{"id":26042,"date":"2025-01-13T13:42:58","date_gmt":"2025-01-13T12:42:58","guid":{"rendered":"https:\/\/evertonfc.cz\/?post_type=news&#038;p=26042"},"modified":"2025-01-13T13:43:41","modified_gmt":"2025-01-13T12:43:41","slug":"onyangovi-nevyslo-dalsi-hostovani","status":"publish","type":"news","link":"https:\/\/evertonfc.cz\/index.php\/news\/onyangovi-nevyslo-dalsi-hostovani\/","title":{"rendered":"Onyangovi nevy\u0161lo dal\u0161\u00ed hostov\u00e1n\u00ed"},"content":{"rendered":"<p>21let\u00fd vyt\u00e1hl\u00fd st\u0159edopola\u0159 Tyler Onyango byl p\u0159ed\u010dasn\u011b sta\u017een z ro\u010dn\u00edho hostov\u00e1n\u00ed v t\u0159etiligov\u00e9m celku Stockport County, kde b\u011bhem prvn\u00ed poloviny sez\u00f3ny nastoupil pouze do dev\u00edti z\u00e1pas\u016f.<\/p>\n<p>Za n\u00edzkou hern\u00ed vyt\u00ed\u017eenost\u00ed, stejn\u011b jako tomu bylo p\u0159i p\u0159edchoz\u00edch hostov\u00e1n\u00edch v Burtonu a Forest Green, stoj\u00ed zran\u011bn\u00ed. Tentokr\u00e1t si p\u0159ivodil v\u00e1\u017en\u011bj\u0161\u00ed svalov\u00fd probl\u00e9m, a tak bude pokra\u010dovat v l\u00e9\u010db\u011b v Evertonu.<\/p>\n<p>Odchovanci Toffees v\u0161ak ji\u017e v l\u00e9t\u011b vypr\u0161\u00ed smlouva, a je pravd\u011bpodobn\u00e9, \u017ee se s mate\u0159sk\u00fdm klubem rozlou\u010d\u00ed. Debutoval p\u0159itom u\u017e jako 17let\u00fd v roce 2021, od t\u00e9 doby ho v\u0161ak su\u017euj\u00ed opakovan\u00e9 zdravotn\u00ed pat\u00e1lie.<\/p>\n","protected":false},"excerpt":{"rendered":"<p>21let\u00fd vyt\u00e1hl\u00fd st\u0159edopola\u0159 Tyler Onyango byl p\u0159ed\u010dasn\u011b sta\u017een z ro\u010dn\u00edho hostov\u00e1n\u00ed v t\u0159etiligov\u00e9m celku Stockport County, kde b\u011bhem prvn\u00ed poloviny&hellip;<\/p>\n","protected":false},"author":6,"featured_media":0,"comment_status":"open","ping_status":"closed","template":"","tags":[],"news-category":[18],"yoast_head":"<!-- This site is optimized with the Yoast SEO plugin v23.4 - https:\/\/yoast.com\/wordpress\/plugins\/seo\/ -->\n<title>Onyangovi nevy\u0161lo dal\u0161\u00ed hostov\u00e1n\u00ed - Official Czech &amp; Slovak Everton Supporters&#039; Club<\/title>\n<meta name=\"robots\" content=\"index, follow, max-snippet:-1, max-image-preview:large, max-video-preview:-1\" \/>\n<link rel=\"canonical\" href=\"https:\/\/evertonfc.cz\/index.php\/news\/onyangovi-nevyslo-dalsi-hostovani\/\" \/>\n<meta property=\"og:locale\" content=\"cs_CZ\" \/>\n<meta property=\"og:type\" content=\"article\" \/>\n<meta property=\"og:title\" content=\"Onyangovi nevy\u0161lo dal\u0161\u00ed hostov\u00e1n\u00ed - Official Czech &amp; Slovak Everton Supporters&#039; Club\" \/>\n<meta property=\"og:description\" content=\"21let\u00fd vyt\u00e1hl\u00fd st\u0159edopola\u0159 Tyler Onyango byl p\u0159ed\u010dasn\u011b sta\u017een z ro\u010dn\u00edho hostov\u00e1n\u00ed v t\u0159etiligov\u00e9m celku Stockport County, kde b\u011bhem prvn\u00ed poloviny&hellip;\" \/>\n<meta property=\"og:url\" content=\"https:\/\/evertonfc.cz\/index.php\/news\/onyangovi-nevyslo-dalsi-hostovani\/\" \/>\n<meta property=\"og:site_name\" content=\"Official Czech &amp; Slovak Everton Supporters&#039; Club\" \/>\n<meta property=\"article:publisher\" content=\"https:\/\/www.facebook.com\/everton.fans.cz.sk\" \/>\n<meta property=\"article:modified_time\" content=\"2025-01-13T12:43:41+00:00\" \/>\n<meta name=\"twitter:card\" content=\"summary_large_image\" \/>\n<meta name=\"twitter:label1\" content=\"Odhadovan\u00e1 doba \u010dten\u00ed\" \/>\n\t<meta name=\"twitter:data1\" content=\"1 minuta\" \/>\n<script type=\"application\/ld+json\" class=\"yoast-schema-graph\">{\"@context\":\"https:\/\/schema.org\",\"@graph\":[{\"@type\":\"WebPage\",\"@id\":\"https:\/\/evertonfc.cz\/index.php\/news\/onyangovi-nevyslo-dalsi-hostovani\/\",\"url\":\"https:\/\/evertonfc.cz\/index.php\/news\/onyangovi-nevyslo-dalsi-hostovani\/\",\"name\":\"Onyangovi nevy\u0161lo dal\u0161\u00ed hostov\u00e1n\u00ed - Official Czech &amp; Slovak Everton Supporters&#039; Club\",\"isPartOf\":{\"@id\":\"https:\/\/evertonfc.cz\/#website\"},\"datePublished\":\"2025-01-13T12:42:58+00:00\",\"dateModified\":\"2025-01-13T12:43:41+00:00\",\"breadcrumb\":{\"@id\":\"https:\/\/evertonfc.cz\/index.php\/news\/onyangovi-nevyslo-dalsi-hostovani\/#breadcrumb\"},\"inLanguage\":\"cs\",\"potentialAction\":[{\"@type\":\"ReadAction\",\"target\":[\"https:\/\/evertonfc.cz\/index.php\/news\/onyangovi-nevyslo-dalsi-hostovani\/\"]}]},{\"@type\":\"BreadcrumbList\",\"@id\":\"https:\/\/evertonfc.cz\/index.php\/news\/onyangovi-nevyslo-dalsi-hostovani\/#breadcrumb\",\"itemListElement\":[{\"@type\":\"ListItem\",\"position\":1,\"name\":\"Home\",\"item\":\"https:\/\/evertonfc.cz\/\"},{\"@type\":\"ListItem\",\"position\":2,\"name\":\"News\",\"item\":\"https:\/\/evertonfc.cz\/index.php\/news\/\"},{\"@type\":\"ListItem\",\"position\":3,\"name\":\"Onyangovi nevy\u0161lo dal\u0161\u00ed hostov\u00e1n\u00ed\"}]},{\"@type\":\"WebSite\",\"@id\":\"https:\/\/evertonfc.cz\/#website\",\"url\":\"https:\/\/evertonfc.cz\/\",\"name\":\"Official Czech &amp; Slovak Everton Supporters&#039; Club\",\"description\":\"\",\"publisher\":{\"@id\":\"https:\/\/evertonfc.cz\/#organization\"},\"potentialAction\":[{\"@type\":\"SearchAction\",\"target\":{\"@type\":\"EntryPoint\",\"urlTemplate\":\"https:\/\/evertonfc.cz\/?s={search_term_string}\"},\"query-input\":{\"@type\":\"PropertyValueSpecification\",\"valueRequired\":true,\"valueName\":\"search_term_string\"}}],\"inLanguage\":\"cs\"},{\"@type\":\"Organization\",\"@id\":\"https:\/\/evertonfc.cz\/#organization\",\"name\":\"Official Czech & Slovak Everton Supporters' Club\",\"url\":\"https:\/\/evertonfc.cz\/\",\"logo\":{\"@type\":\"ImageObject\",\"inLanguage\":\"cs\",\"@id\":\"https:\/\/evertonfc.cz\/#\/schema\/logo\/image\/\",\"url\":\"https:\/\/evertonfc.cz\/wp-content\/uploads\/2019\/05\/logo.png\",\"contentUrl\":\"https:\/\/evertonfc.cz\/wp-content\/uploads\/2019\/05\/logo.png\",\"width\":112,\"height\":112,\"caption\":\"Official Czech & Slovak Everton Supporters' Club\"},\"image\":{\"@id\":\"https:\/\/evertonfc.cz\/#\/schema\/logo\/image\/\"},\"sameAs\":[\"https:\/\/www.facebook.com\/everton.fans.cz.sk\"]}]}<\/script>\n<!-- \/ Yoast SEO plugin. -->","yoast_head_json":{"title":"Onyangovi nevy\u0161lo dal\u0161\u00ed hostov\u00e1n\u00ed - Official Czech &amp; Slovak Everton Supporters&#039; Club","robots":{"index":"index","follow":"follow","max-snippet":"max-snippet:-1","max-image-preview":"max-image-preview:large","max-video-preview":"max-video-preview:-1"},"canonical":"https:\/\/evertonfc.cz\/index.php\/news\/onyangovi-nevyslo-dalsi-hostovani\/","og_locale":"cs_CZ","og_type":"article","og_title":"Onyangovi nevy\u0161lo dal\u0161\u00ed hostov\u00e1n\u00ed - Official Czech &amp; Slovak Everton Supporters&#039; Club","og_description":"21let\u00fd vyt\u00e1hl\u00fd st\u0159edopola\u0159 Tyler Onyango byl p\u0159ed\u010dasn\u011b sta\u017een z ro\u010dn\u00edho hostov\u00e1n\u00ed v t\u0159etiligov\u00e9m celku Stockport County, kde b\u011bhem prvn\u00ed poloviny&hellip;","og_url":"https:\/\/evertonfc.cz\/index.php\/news\/onyangovi-nevyslo-dalsi-hostovani\/","og_site_name":"Official Czech &amp; Slovak Everton Supporters&#039; Club","article_publisher":"https:\/\/www.facebook.com\/everton.fans.cz.sk","article_modified_time":"2025-01-13T12:43:41+00:00","twitter_card":"summary_large_image","twitter_misc":{"Odhadovan\u00e1 doba \u010dten\u00ed":"1 minuta"},"schema":{"@context":"https:\/\/schema.org","@graph":[{"@type":"WebPage","@id":"https:\/\/evertonfc.cz\/index.php\/news\/onyangovi-nevyslo-dalsi-hostovani\/","url":"https:\/\/evertonfc.cz\/index.php\/news\/onyangovi-nevyslo-dalsi-hostovani\/","name":"Onyangovi nevy\u0161lo dal\u0161\u00ed hostov\u00e1n\u00ed - Official Czech &amp; Slovak Everton Supporters&#039; Club","isPartOf":{"@id":"https:\/\/evertonfc.cz\/#website"},"datePublished":"2025-01-13T12:42:58+00:00","dateModified":"2025-01-13T12:43:41+00:00","breadcrumb":{"@id":"https:\/\/evertonfc.cz\/index.php\/news\/onyangovi-nevyslo-dalsi-hostovani\/#breadcrumb"},"inLanguage":"cs","potentialAction":[{"@type":"ReadAction","target":["https:\/\/evertonfc.cz\/index.php\/news\/onyangovi-nevyslo-dalsi-hostovani\/"]}]},{"@type":"BreadcrumbList","@id":"https:\/\/evertonfc.cz\/index.php\/news\/onyangovi-nevyslo-dalsi-hostovani\/#breadcrumb","itemListElement":[{"@type":"ListItem","position":1,"name":"Home","item":"https:\/\/evertonfc.cz\/"},{"@type":"ListItem","position":2,"name":"News","item":"https:\/\/evertonfc.cz\/index.php\/news\/"},{"@type":"ListItem","position":3,"name":"Onyangovi nevy\u0161lo dal\u0161\u00ed hostov\u00e1n\u00ed"}]},{"@type":"WebSite","@id":"https:\/\/evertonfc.cz\/#website","url":"https:\/\/evertonfc.cz\/","name":"Official Czech &amp; Slovak Everton Supporters&#039; Club","description":"","publisher":{"@id":"https:\/\/evertonfc.cz\/#organization"},"potentialAction":[{"@type":"SearchAction","target":{"@type":"EntryPoint","urlTemplate":"https:\/\/evertonfc.cz\/?s={search_term_string}"},"query-input":{"@type":"PropertyValueSpecification","valueRequired":true,"valueName":"search_term_string"}}],"inLanguage":"cs"},{"@type":"Organization","@id":"https:\/\/evertonfc.cz\/#organization","name":"Official Czech & Slovak Everton Supporters' Club","url":"https:\/\/evertonfc.cz\/","logo":{"@type":"ImageObject","inLanguage":"cs","@id":"https:\/\/evertonfc.cz\/#\/schema\/logo\/image\/","url":"https:\/\/evertonfc.cz\/wp-content\/uploads\/2019\/05\/logo.png","contentUrl":"https:\/\/evertonfc.cz\/wp-content\/uploads\/2019\/05\/logo.png","width":112,"height":112,"caption":"Official Czech & Slovak Everton Supporters' Club"},"image":{"@id":"https:\/\/evertonfc.cz\/#\/schema\/logo\/image\/"},"sameAs":["https:\/\/www.facebook.com\/everton.fans.cz.sk"]}]}},"_links":{"self":[{"href":"https:\/\/evertonfc.cz\/index.php\/wp-json\/wp\/v2\/news\/26042"}],"collection":[{"href":"https:\/\/evertonfc.cz\/index.php\/wp-json\/wp\/v2\/news"}],"about":[{"href":"https:\/\/evertonfc.cz\/index.php\/wp-json\/wp\/v2\/types\/news"}],"author":[{"embeddable":true,"href":"https:\/\/evertonfc.cz\/index.php\/wp-json\/wp\/v2\/users\/6"}],"replies":[{"embeddable":true,"href":"https:\/\/evertonfc.cz\/index.php\/wp-json\/wp\/v2\/comments?post=26042"}],"version-history":[{"count":2,"href":"https:\/\/evertonfc.cz\/index.php\/wp-json\/wp\/v2\/news\/26042\/revisions"}],"predecessor-version":[{"id":26044,"href":"https:\/\/evertonfc.cz\/index.php\/wp-json\/wp\/v2\/news\/26042\/revisions\/26044"}],"wp:attachment":[{"href":"https:\/\/evertonfc.cz\/index.php\/wp-json\/wp\/v2\/media?parent=26042"}],"wp:term":[{"taxonomy":"post_tag","embeddable":true,"href":"https:\/\/evertonfc.cz\/index.php\/wp-json\/wp\/v2\/tags?post=26042"},{"taxonomy":"news-category","embeddable":true,"href":"https:\/\/evertonfc.cz\/index.php\/wp-json\/wp\/v2\/news-category?post=26042"}],"curies":[{"name":"wp","href":"https:\/\/api.w.org\/{rel}","templated":true}]}}