{"id":26172,"date":"2025-01-31T10:28:46","date_gmt":"2025-01-31T09:28:46","guid":{"rendered":"https:\/\/evertonfc.cz\/?post_type=news&#038;p=26172"},"modified":"2025-01-31T16:25:34","modified_gmt":"2025-01-31T15:25:34","slug":"finnigan-ma-pretrzeny-predni-zkrizeny-vaz","status":"publish","type":"news","link":"https:\/\/evertonfc.cz\/index.php\/news\/finnigan-ma-pretrzeny-predni-zkrizeny-vaz\/","title":{"rendered":"Finnigan m\u00e1 p\u0159etr\u017een\u00fd p\u0159edn\u00ed zk\u0159\u00ed\u017een\u00fd vaz"},"content":{"rendered":"<p>Kapit\u00e1nka Everton Women a stabiln\u00ed opora obrany Megan Finnigan si v z\u00e1pase se Spurs p\u0159etrhla p\u0159edn\u00ed zk\u0159\u00ed\u017een\u00fd vaz v koleni a sez\u00f3na tak pro n\u00ed p\u0159ed\u010dasn\u011b skon\u010dila.\u00a0 Rovn\u011b\u017e lze o\u010dek\u00e1vat, \u017ee k dispozici nebude ani na za\u010d\u00e1tku sez\u00f3ny p\u0159\u00ed\u0161t\u00ed. Pro nejd\u00e9le slou\u017e\u00edc\u00ed evertonskou hr\u00e1\u010dku jde o z\u00e1va\u017en\u00e9 p\u0159eru\u0161en\u00ed sklonku jej\u00ed kari\u00e9ry, pro t\u00fdm pak o v\u00fdrazn\u00e9 oslaben\u00ed. P\u0159ejeme nekomplikovan\u00e9 uzdraven\u00ed!<\/p>\n","protected":false},"excerpt":{"rendered":"<p>Kapit\u00e1nka Everton Women a stabiln\u00ed opora obrany Megan Finnigan si v z\u00e1pase se Spurs p\u0159etrhla p\u0159edn\u00ed zk\u0159\u00ed\u017een\u00fd vaz v koleni&hellip;<\/p>\n","protected":false},"author":26,"featured_media":0,"comment_status":"open","ping_status":"closed","template":"","tags":[],"news-category":[18],"yoast_head":"<!-- This site is optimized with the Yoast SEO plugin v23.4 - https:\/\/yoast.com\/wordpress\/plugins\/seo\/ -->\n<title>Finnigan m\u00e1 p\u0159etr\u017een\u00fd p\u0159edn\u00ed zk\u0159\u00ed\u017een\u00fd vaz - Official Czech &amp; Slovak Everton Supporters&#039; Club<\/title>\n<meta name=\"robots\" content=\"index, follow, max-snippet:-1, max-image-preview:large, max-video-preview:-1\" \/>\n<link rel=\"canonical\" href=\"https:\/\/evertonfc.cz\/index.php\/news\/finnigan-ma-pretrzeny-predni-zkrizeny-vaz\/\" \/>\n<meta property=\"og:locale\" content=\"cs_CZ\" \/>\n<meta property=\"og:type\" content=\"article\" \/>\n<meta property=\"og:title\" content=\"Finnigan m\u00e1 p\u0159etr\u017een\u00fd p\u0159edn\u00ed zk\u0159\u00ed\u017een\u00fd vaz - Official Czech &amp; Slovak Everton Supporters&#039; Club\" \/>\n<meta property=\"og:description\" content=\"Kapit\u00e1nka Everton Women a stabiln\u00ed opora obrany Megan Finnigan si v z\u00e1pase se Spurs p\u0159etrhla p\u0159edn\u00ed zk\u0159\u00ed\u017een\u00fd vaz v koleni&hellip;\" \/>\n<meta property=\"og:url\" content=\"https:\/\/evertonfc.cz\/index.php\/news\/finnigan-ma-pretrzeny-predni-zkrizeny-vaz\/\" \/>\n<meta property=\"og:site_name\" content=\"Official Czech &amp; Slovak Everton Supporters&#039; Club\" \/>\n<meta property=\"article:publisher\" content=\"https:\/\/www.facebook.com\/everton.fans.cz.sk\" \/>\n<meta property=\"article:modified_time\" content=\"2025-01-31T15:25:34+00:00\" \/>\n<meta name=\"twitter:card\" content=\"summary_large_image\" \/>\n<meta name=\"twitter:label1\" content=\"Odhadovan\u00e1 doba \u010dten\u00ed\" \/>\n\t<meta name=\"twitter:data1\" content=\"1 minuta\" \/>\n<script type=\"application\/ld+json\" class=\"yoast-schema-graph\">{\"@context\":\"https:\/\/schema.org\",\"@graph\":[{\"@type\":\"WebPage\",\"@id\":\"https:\/\/evertonfc.cz\/index.php\/news\/finnigan-ma-pretrzeny-predni-zkrizeny-vaz\/\",\"url\":\"https:\/\/evertonfc.cz\/index.php\/news\/finnigan-ma-pretrzeny-predni-zkrizeny-vaz\/\",\"name\":\"Finnigan m\u00e1 p\u0159etr\u017een\u00fd p\u0159edn\u00ed zk\u0159\u00ed\u017een\u00fd vaz - Official Czech &amp; Slovak Everton Supporters&#039; Club\",\"isPartOf\":{\"@id\":\"https:\/\/evertonfc.cz\/#website\"},\"datePublished\":\"2025-01-31T09:28:46+00:00\",\"dateModified\":\"2025-01-31T15:25:34+00:00\",\"breadcrumb\":{\"@id\":\"https:\/\/evertonfc.cz\/index.php\/news\/finnigan-ma-pretrzeny-predni-zkrizeny-vaz\/#breadcrumb\"},\"inLanguage\":\"cs\",\"potentialAction\":[{\"@type\":\"ReadAction\",\"target\":[\"https:\/\/evertonfc.cz\/index.php\/news\/finnigan-ma-pretrzeny-predni-zkrizeny-vaz\/\"]}]},{\"@type\":\"BreadcrumbList\",\"@id\":\"https:\/\/evertonfc.cz\/index.php\/news\/finnigan-ma-pretrzeny-predni-zkrizeny-vaz\/#breadcrumb\",\"itemListElement\":[{\"@type\":\"ListItem\",\"position\":1,\"name\":\"Home\",\"item\":\"https:\/\/evertonfc.cz\/\"},{\"@type\":\"ListItem\",\"position\":2,\"name\":\"News\",\"item\":\"https:\/\/evertonfc.cz\/index.php\/news\/\"},{\"@type\":\"ListItem\",\"position\":3,\"name\":\"Finnigan m\u00e1 p\u0159etr\u017een\u00fd p\u0159edn\u00ed zk\u0159\u00ed\u017een\u00fd vaz\"}]},{\"@type\":\"WebSite\",\"@id\":\"https:\/\/evertonfc.cz\/#website\",\"url\":\"https:\/\/evertonfc.cz\/\",\"name\":\"Official Czech &amp; Slovak Everton Supporters&#039; Club\",\"description\":\"\",\"publisher\":{\"@id\":\"https:\/\/evertonfc.cz\/#organization\"},\"potentialAction\":[{\"@type\":\"SearchAction\",\"target\":{\"@type\":\"EntryPoint\",\"urlTemplate\":\"https:\/\/evertonfc.cz\/?s={search_term_string}\"},\"query-input\":{\"@type\":\"PropertyValueSpecification\",\"valueRequired\":true,\"valueName\":\"search_term_string\"}}],\"inLanguage\":\"cs\"},{\"@type\":\"Organization\",\"@id\":\"https:\/\/evertonfc.cz\/#organization\",\"name\":\"Official Czech & Slovak Everton Supporters' Club\",\"url\":\"https:\/\/evertonfc.cz\/\",\"logo\":{\"@type\":\"ImageObject\",\"inLanguage\":\"cs\",\"@id\":\"https:\/\/evertonfc.cz\/#\/schema\/logo\/image\/\",\"url\":\"https:\/\/evertonfc.cz\/wp-content\/uploads\/2019\/05\/logo.png\",\"contentUrl\":\"https:\/\/evertonfc.cz\/wp-content\/uploads\/2019\/05\/logo.png\",\"width\":112,\"height\":112,\"caption\":\"Official Czech & Slovak Everton Supporters' Club\"},\"image\":{\"@id\":\"https:\/\/evertonfc.cz\/#\/schema\/logo\/image\/\"},\"sameAs\":[\"https:\/\/www.facebook.com\/everton.fans.cz.sk\"]}]}<\/script>\n<!-- \/ Yoast SEO plugin. -->","yoast_head_json":{"title":"Finnigan m\u00e1 p\u0159etr\u017een\u00fd p\u0159edn\u00ed zk\u0159\u00ed\u017een\u00fd vaz - Official Czech &amp; Slovak Everton Supporters&#039; Club","robots":{"index":"index","follow":"follow","max-snippet":"max-snippet:-1","max-image-preview":"max-image-preview:large","max-video-preview":"max-video-preview:-1"},"canonical":"https:\/\/evertonfc.cz\/index.php\/news\/finnigan-ma-pretrzeny-predni-zkrizeny-vaz\/","og_locale":"cs_CZ","og_type":"article","og_title":"Finnigan m\u00e1 p\u0159etr\u017een\u00fd p\u0159edn\u00ed zk\u0159\u00ed\u017een\u00fd vaz - Official Czech &amp; Slovak Everton Supporters&#039; Club","og_description":"Kapit\u00e1nka Everton Women a stabiln\u00ed opora obrany Megan Finnigan si v z\u00e1pase se Spurs p\u0159etrhla p\u0159edn\u00ed zk\u0159\u00ed\u017een\u00fd vaz v koleni&hellip;","og_url":"https:\/\/evertonfc.cz\/index.php\/news\/finnigan-ma-pretrzeny-predni-zkrizeny-vaz\/","og_site_name":"Official Czech &amp; Slovak Everton Supporters&#039; Club","article_publisher":"https:\/\/www.facebook.com\/everton.fans.cz.sk","article_modified_time":"2025-01-31T15:25:34+00:00","twitter_card":"summary_large_image","twitter_misc":{"Odhadovan\u00e1 doba \u010dten\u00ed":"1 minuta"},"schema":{"@context":"https:\/\/schema.org","@graph":[{"@type":"WebPage","@id":"https:\/\/evertonfc.cz\/index.php\/news\/finnigan-ma-pretrzeny-predni-zkrizeny-vaz\/","url":"https:\/\/evertonfc.cz\/index.php\/news\/finnigan-ma-pretrzeny-predni-zkrizeny-vaz\/","name":"Finnigan m\u00e1 p\u0159etr\u017een\u00fd p\u0159edn\u00ed zk\u0159\u00ed\u017een\u00fd vaz - Official Czech &amp; Slovak Everton Supporters&#039; Club","isPartOf":{"@id":"https:\/\/evertonfc.cz\/#website"},"datePublished":"2025-01-31T09:28:46+00:00","dateModified":"2025-01-31T15:25:34+00:00","breadcrumb":{"@id":"https:\/\/evertonfc.cz\/index.php\/news\/finnigan-ma-pretrzeny-predni-zkrizeny-vaz\/#breadcrumb"},"inLanguage":"cs","potentialAction":[{"@type":"ReadAction","target":["https:\/\/evertonfc.cz\/index.php\/news\/finnigan-ma-pretrzeny-predni-zkrizeny-vaz\/"]}]},{"@type":"BreadcrumbList","@id":"https:\/\/evertonfc.cz\/index.php\/news\/finnigan-ma-pretrzeny-predni-zkrizeny-vaz\/#breadcrumb","itemListElement":[{"@type":"ListItem","position":1,"name":"Home","item":"https:\/\/evertonfc.cz\/"},{"@type":"ListItem","position":2,"name":"News","item":"https:\/\/evertonfc.cz\/index.php\/news\/"},{"@type":"ListItem","position":3,"name":"Finnigan m\u00e1 p\u0159etr\u017een\u00fd p\u0159edn\u00ed zk\u0159\u00ed\u017een\u00fd vaz"}]},{"@type":"WebSite","@id":"https:\/\/evertonfc.cz\/#website","url":"https:\/\/evertonfc.cz\/","name":"Official Czech &amp; Slovak Everton Supporters&#039; Club","description":"","publisher":{"@id":"https:\/\/evertonfc.cz\/#organization"},"potentialAction":[{"@type":"SearchAction","target":{"@type":"EntryPoint","urlTemplate":"https:\/\/evertonfc.cz\/?s={search_term_string}"},"query-input":{"@type":"PropertyValueSpecification","valueRequired":true,"valueName":"search_term_string"}}],"inLanguage":"cs"},{"@type":"Organization","@id":"https:\/\/evertonfc.cz\/#organization","name":"Official Czech & Slovak Everton Supporters' Club","url":"https:\/\/evertonfc.cz\/","logo":{"@type":"ImageObject","inLanguage":"cs","@id":"https:\/\/evertonfc.cz\/#\/schema\/logo\/image\/","url":"https:\/\/evertonfc.cz\/wp-content\/uploads\/2019\/05\/logo.png","contentUrl":"https:\/\/evertonfc.cz\/wp-content\/uploads\/2019\/05\/logo.png","width":112,"height":112,"caption":"Official Czech & Slovak Everton Supporters' Club"},"image":{"@id":"https:\/\/evertonfc.cz\/#\/schema\/logo\/image\/"},"sameAs":["https:\/\/www.facebook.com\/everton.fans.cz.sk"]}]}},"_links":{"self":[{"href":"https:\/\/evertonfc.cz\/index.php\/wp-json\/wp\/v2\/news\/26172"}],"collection":[{"href":"https:\/\/evertonfc.cz\/index.php\/wp-json\/wp\/v2\/news"}],"about":[{"href":"https:\/\/evertonfc.cz\/index.php\/wp-json\/wp\/v2\/types\/news"}],"author":[{"embeddable":true,"href":"https:\/\/evertonfc.cz\/index.php\/wp-json\/wp\/v2\/users\/26"}],"replies":[{"embeddable":true,"href":"https:\/\/evertonfc.cz\/index.php\/wp-json\/wp\/v2\/comments?post=26172"}],"version-history":[{"count":2,"href":"https:\/\/evertonfc.cz\/index.php\/wp-json\/wp\/v2\/news\/26172\/revisions"}],"predecessor-version":[{"id":26178,"href":"https:\/\/evertonfc.cz\/index.php\/wp-json\/wp\/v2\/news\/26172\/revisions\/26178"}],"wp:attachment":[{"href":"https:\/\/evertonfc.cz\/index.php\/wp-json\/wp\/v2\/media?parent=26172"}],"wp:term":[{"taxonomy":"post_tag","embeddable":true,"href":"https:\/\/evertonfc.cz\/index.php\/wp-json\/wp\/v2\/tags?post=26172"},{"taxonomy":"news-category","embeddable":true,"href":"https:\/\/evertonfc.cz\/index.php\/wp-json\/wp\/v2\/news-category?post=26172"}],"curies":[{"name":"wp","href":"https:\/\/api.w.org\/{rel}","templated":true}]}}