{"id":26227,"date":"2025-02-03T22:22:50","date_gmt":"2025-02-03T21:22:50","guid":{"rendered":"https:\/\/evertonfc.cz\/?post_type=news&#038;p=26227"},"modified":"2025-02-03T22:40:49","modified_gmt":"2025-02-03T21:40:49","slug":"talentovany-armstrong-hostem-v-derby","status":"publish","type":"news","link":"https:\/\/evertonfc.cz\/index.php\/news\/talentovany-armstrong-hostem-v-derby\/","title":{"rendered":"Talentovan\u00fd Armstrong hostem v Derby"},"content":{"rendered":"<p>18let\u00fd Harrison Armstrong prodlou\u017eil s Toffees smlouvu do roku 2028 a vz\u00e1p\u011bt\u00ed ode\u0161el na sv\u00e9 prvn\u00ed hostov\u00e1n\u00ed.V jarn\u00ed \u010d\u00e1sti sez\u00f3ny se pokus\u00ed pomoci Derby County udr\u017eet se ve druh\u00e9 anglick\u00e9 lize a z\u00e1rove\u0148 nasb\u00edrat cenn\u00e9 zku\u0161enosti p\u0159i pravideln\u00e9m hern\u00edm vyt\u00ed\u017een\u00ed.<\/p>\n<p>Technicky vysp\u011bl\u00fd st\u0159edopola\u0159 pat\u0159\u00ed mezi nejv\u011bt\u0161\u00ed talenty Evertonu. Debutu za A-t\u00fdm se do\u010dkal u\u017e jako 17let\u00fd v srpnu lo\u0148sk\u00e9ho roku, kdy nasko\u010dil na posledn\u00ed minutu ligov\u00e9ho utk\u00e1n\u00ed na h\u0159i\u0161ti Tottenhamu Hotspur. O m\u011bs\u00edc pozd\u011bji si poprv\u00e9 zahr\u00e1l v z\u00e1kladn\u00ed sestav\u011b v z\u00e1pase Ligov\u00e9ho poh\u00e1ru proti Southamptonu. Tento m\u011bs\u00edc si ve sv\u00e9m celkov\u011b \u0161est\u00e9m sout\u011b\u017en\u00edm utk\u00e1n\u00ed, tentokr\u00e1t v FA Cupu proti Peterborough, p\u0159ipsal premi\u00e9rovou asistenci a tak\u00e9 byl vyhl\u00e1\u0161en mu\u017eem z\u00e1pasu.<\/p>\n<p>Armstrong je sou\u010d\u00e1st\u00ed Evertonu od sv\u00fdch p\u011bti let a o\u010dek\u00e1v\u00e1 se, \u017ee v p\u0159\u00ed\u0161t\u00ed sez\u00f3n\u011b se stane plnohodnotn\u00fdm \u010dlenem k\u00e1dru Davida Moyese.<\/p>\n","protected":false},"excerpt":{"rendered":"<p>18let\u00fd Harrison Armstrong prodlou\u017eil s Toffees smlouvu do roku 2028 a vz\u00e1p\u011bt\u00ed ode\u0161el na sv\u00e9 prvn\u00ed hostov\u00e1n\u00ed.V jarn\u00ed \u010d\u00e1sti sez\u00f3ny&hellip;<\/p>\n","protected":false},"author":6,"featured_media":0,"comment_status":"open","ping_status":"closed","template":"","tags":[],"news-category":[18],"yoast_head":"<!-- This site is optimized with the Yoast SEO plugin v23.4 - https:\/\/yoast.com\/wordpress\/plugins\/seo\/ -->\n<title>Talentovan\u00fd Armstrong hostem v Derby - Official Czech &amp; Slovak Everton Supporters&#039; Club<\/title>\n<meta name=\"robots\" content=\"index, follow, max-snippet:-1, max-image-preview:large, max-video-preview:-1\" \/>\n<link rel=\"canonical\" href=\"https:\/\/evertonfc.cz\/index.php\/news\/talentovany-armstrong-hostem-v-derby\/\" \/>\n<meta property=\"og:locale\" content=\"cs_CZ\" \/>\n<meta property=\"og:type\" content=\"article\" \/>\n<meta property=\"og:title\" content=\"Talentovan\u00fd Armstrong hostem v Derby - Official Czech &amp; Slovak Everton Supporters&#039; Club\" \/>\n<meta property=\"og:description\" content=\"18let\u00fd Harrison Armstrong prodlou\u017eil s Toffees smlouvu do roku 2028 a vz\u00e1p\u011bt\u00ed ode\u0161el na sv\u00e9 prvn\u00ed hostov\u00e1n\u00ed.V jarn\u00ed \u010d\u00e1sti sez\u00f3ny&hellip;\" \/>\n<meta property=\"og:url\" content=\"https:\/\/evertonfc.cz\/index.php\/news\/talentovany-armstrong-hostem-v-derby\/\" \/>\n<meta property=\"og:site_name\" content=\"Official Czech &amp; Slovak Everton Supporters&#039; Club\" \/>\n<meta property=\"article:publisher\" content=\"https:\/\/www.facebook.com\/everton.fans.cz.sk\" \/>\n<meta property=\"article:modified_time\" content=\"2025-02-03T21:40:49+00:00\" \/>\n<meta name=\"twitter:card\" content=\"summary_large_image\" \/>\n<meta name=\"twitter:label1\" content=\"Odhadovan\u00e1 doba \u010dten\u00ed\" \/>\n\t<meta name=\"twitter:data1\" content=\"1 minuta\" \/>\n<script type=\"application\/ld+json\" class=\"yoast-schema-graph\">{\"@context\":\"https:\/\/schema.org\",\"@graph\":[{\"@type\":\"WebPage\",\"@id\":\"https:\/\/evertonfc.cz\/index.php\/news\/talentovany-armstrong-hostem-v-derby\/\",\"url\":\"https:\/\/evertonfc.cz\/index.php\/news\/talentovany-armstrong-hostem-v-derby\/\",\"name\":\"Talentovan\u00fd Armstrong hostem v Derby - Official Czech &amp; Slovak Everton Supporters&#039; Club\",\"isPartOf\":{\"@id\":\"https:\/\/evertonfc.cz\/#website\"},\"datePublished\":\"2025-02-03T21:22:50+00:00\",\"dateModified\":\"2025-02-03T21:40:49+00:00\",\"breadcrumb\":{\"@id\":\"https:\/\/evertonfc.cz\/index.php\/news\/talentovany-armstrong-hostem-v-derby\/#breadcrumb\"},\"inLanguage\":\"cs\",\"potentialAction\":[{\"@type\":\"ReadAction\",\"target\":[\"https:\/\/evertonfc.cz\/index.php\/news\/talentovany-armstrong-hostem-v-derby\/\"]}]},{\"@type\":\"BreadcrumbList\",\"@id\":\"https:\/\/evertonfc.cz\/index.php\/news\/talentovany-armstrong-hostem-v-derby\/#breadcrumb\",\"itemListElement\":[{\"@type\":\"ListItem\",\"position\":1,\"name\":\"Home\",\"item\":\"https:\/\/evertonfc.cz\/\"},{\"@type\":\"ListItem\",\"position\":2,\"name\":\"News\",\"item\":\"https:\/\/evertonfc.cz\/index.php\/news\/\"},{\"@type\":\"ListItem\",\"position\":3,\"name\":\"Talentovan\u00fd Armstrong hostem v Derby\"}]},{\"@type\":\"WebSite\",\"@id\":\"https:\/\/evertonfc.cz\/#website\",\"url\":\"https:\/\/evertonfc.cz\/\",\"name\":\"Official Czech &amp; Slovak Everton Supporters&#039; Club\",\"description\":\"\",\"publisher\":{\"@id\":\"https:\/\/evertonfc.cz\/#organization\"},\"potentialAction\":[{\"@type\":\"SearchAction\",\"target\":{\"@type\":\"EntryPoint\",\"urlTemplate\":\"https:\/\/evertonfc.cz\/?s={search_term_string}\"},\"query-input\":{\"@type\":\"PropertyValueSpecification\",\"valueRequired\":true,\"valueName\":\"search_term_string\"}}],\"inLanguage\":\"cs\"},{\"@type\":\"Organization\",\"@id\":\"https:\/\/evertonfc.cz\/#organization\",\"name\":\"Official Czech & Slovak Everton Supporters' Club\",\"url\":\"https:\/\/evertonfc.cz\/\",\"logo\":{\"@type\":\"ImageObject\",\"inLanguage\":\"cs\",\"@id\":\"https:\/\/evertonfc.cz\/#\/schema\/logo\/image\/\",\"url\":\"https:\/\/evertonfc.cz\/wp-content\/uploads\/2019\/05\/logo.png\",\"contentUrl\":\"https:\/\/evertonfc.cz\/wp-content\/uploads\/2019\/05\/logo.png\",\"width\":112,\"height\":112,\"caption\":\"Official Czech & Slovak Everton Supporters' Club\"},\"image\":{\"@id\":\"https:\/\/evertonfc.cz\/#\/schema\/logo\/image\/\"},\"sameAs\":[\"https:\/\/www.facebook.com\/everton.fans.cz.sk\"]}]}<\/script>\n<!-- \/ Yoast SEO plugin. -->","yoast_head_json":{"title":"Talentovan\u00fd Armstrong hostem v Derby - Official Czech &amp; Slovak Everton Supporters&#039; Club","robots":{"index":"index","follow":"follow","max-snippet":"max-snippet:-1","max-image-preview":"max-image-preview:large","max-video-preview":"max-video-preview:-1"},"canonical":"https:\/\/evertonfc.cz\/index.php\/news\/talentovany-armstrong-hostem-v-derby\/","og_locale":"cs_CZ","og_type":"article","og_title":"Talentovan\u00fd Armstrong hostem v Derby - Official Czech &amp; Slovak Everton Supporters&#039; Club","og_description":"18let\u00fd Harrison Armstrong prodlou\u017eil s Toffees smlouvu do roku 2028 a vz\u00e1p\u011bt\u00ed ode\u0161el na sv\u00e9 prvn\u00ed hostov\u00e1n\u00ed.V jarn\u00ed \u010d\u00e1sti sez\u00f3ny&hellip;","og_url":"https:\/\/evertonfc.cz\/index.php\/news\/talentovany-armstrong-hostem-v-derby\/","og_site_name":"Official Czech &amp; Slovak Everton Supporters&#039; Club","article_publisher":"https:\/\/www.facebook.com\/everton.fans.cz.sk","article_modified_time":"2025-02-03T21:40:49+00:00","twitter_card":"summary_large_image","twitter_misc":{"Odhadovan\u00e1 doba \u010dten\u00ed":"1 minuta"},"schema":{"@context":"https:\/\/schema.org","@graph":[{"@type":"WebPage","@id":"https:\/\/evertonfc.cz\/index.php\/news\/talentovany-armstrong-hostem-v-derby\/","url":"https:\/\/evertonfc.cz\/index.php\/news\/talentovany-armstrong-hostem-v-derby\/","name":"Talentovan\u00fd Armstrong hostem v Derby - Official Czech &amp; Slovak Everton Supporters&#039; Club","isPartOf":{"@id":"https:\/\/evertonfc.cz\/#website"},"datePublished":"2025-02-03T21:22:50+00:00","dateModified":"2025-02-03T21:40:49+00:00","breadcrumb":{"@id":"https:\/\/evertonfc.cz\/index.php\/news\/talentovany-armstrong-hostem-v-derby\/#breadcrumb"},"inLanguage":"cs","potentialAction":[{"@type":"ReadAction","target":["https:\/\/evertonfc.cz\/index.php\/news\/talentovany-armstrong-hostem-v-derby\/"]}]},{"@type":"BreadcrumbList","@id":"https:\/\/evertonfc.cz\/index.php\/news\/talentovany-armstrong-hostem-v-derby\/#breadcrumb","itemListElement":[{"@type":"ListItem","position":1,"name":"Home","item":"https:\/\/evertonfc.cz\/"},{"@type":"ListItem","position":2,"name":"News","item":"https:\/\/evertonfc.cz\/index.php\/news\/"},{"@type":"ListItem","position":3,"name":"Talentovan\u00fd Armstrong hostem v Derby"}]},{"@type":"WebSite","@id":"https:\/\/evertonfc.cz\/#website","url":"https:\/\/evertonfc.cz\/","name":"Official Czech &amp; Slovak Everton Supporters&#039; Club","description":"","publisher":{"@id":"https:\/\/evertonfc.cz\/#organization"},"potentialAction":[{"@type":"SearchAction","target":{"@type":"EntryPoint","urlTemplate":"https:\/\/evertonfc.cz\/?s={search_term_string}"},"query-input":{"@type":"PropertyValueSpecification","valueRequired":true,"valueName":"search_term_string"}}],"inLanguage":"cs"},{"@type":"Organization","@id":"https:\/\/evertonfc.cz\/#organization","name":"Official Czech & Slovak Everton Supporters' Club","url":"https:\/\/evertonfc.cz\/","logo":{"@type":"ImageObject","inLanguage":"cs","@id":"https:\/\/evertonfc.cz\/#\/schema\/logo\/image\/","url":"https:\/\/evertonfc.cz\/wp-content\/uploads\/2019\/05\/logo.png","contentUrl":"https:\/\/evertonfc.cz\/wp-content\/uploads\/2019\/05\/logo.png","width":112,"height":112,"caption":"Official Czech & Slovak Everton Supporters' Club"},"image":{"@id":"https:\/\/evertonfc.cz\/#\/schema\/logo\/image\/"},"sameAs":["https:\/\/www.facebook.com\/everton.fans.cz.sk"]}]}},"_links":{"self":[{"href":"https:\/\/evertonfc.cz\/index.php\/wp-json\/wp\/v2\/news\/26227"}],"collection":[{"href":"https:\/\/evertonfc.cz\/index.php\/wp-json\/wp\/v2\/news"}],"about":[{"href":"https:\/\/evertonfc.cz\/index.php\/wp-json\/wp\/v2\/types\/news"}],"author":[{"embeddable":true,"href":"https:\/\/evertonfc.cz\/index.php\/wp-json\/wp\/v2\/users\/6"}],"replies":[{"embeddable":true,"href":"https:\/\/evertonfc.cz\/index.php\/wp-json\/wp\/v2\/comments?post=26227"}],"version-history":[{"count":5,"href":"https:\/\/evertonfc.cz\/index.php\/wp-json\/wp\/v2\/news\/26227\/revisions"}],"predecessor-version":[{"id":26235,"href":"https:\/\/evertonfc.cz\/index.php\/wp-json\/wp\/v2\/news\/26227\/revisions\/26235"}],"wp:attachment":[{"href":"https:\/\/evertonfc.cz\/index.php\/wp-json\/wp\/v2\/media?parent=26227"}],"wp:term":[{"taxonomy":"post_tag","embeddable":true,"href":"https:\/\/evertonfc.cz\/index.php\/wp-json\/wp\/v2\/tags?post=26227"},{"taxonomy":"news-category","embeddable":true,"href":"https:\/\/evertonfc.cz\/index.php\/wp-json\/wp\/v2\/news-category?post=26227"}],"curies":[{"name":"wp","href":"https:\/\/api.w.org\/{rel}","templated":true}]}}