{"id":26299,"date":"2025-02-12T16:11:39","date_gmt":"2025-02-12T15:11:39","guid":{"rendered":"https:\/\/evertonfc.cz\/?post_type=news&#038;p=26299"},"modified":"2025-02-12T16:12:32","modified_gmt":"2025-02-12T15:12:32","slug":"rozhovor-pre-lfc1892-net-2","status":"publish","type":"news","link":"https:\/\/evertonfc.cz\/index.php\/news\/rozhovor-pre-lfc1892-net-2\/","title":{"rendered":"Rozhovor pre LFC1892.net"},"content":{"rendered":"<p>Aj teraz n\u00e1s pred dne\u0161n\u00fdm Merseyside derby oslovila redakcia str\u00e1nky \u010desk\u00fdch a slovensk\u00fdch Liverpudlians. Tento predz\u00e1pasov\u00fd rozhovor s <strong><a href=\"https:\/\/evertonfc.cz\/index.php\/javor\/\">Javorom<\/a><\/strong> n\u00e1jdete rubrike \u201ePriestor pre s\u00fapera\u201c \u2013 <strong><a href=\"https:\/\/www.lfc1892.net\/prostor-pro-soupere-z-moyese-nadseny-nejsem-ale-zavrel-mi-usta\/\" target=\"_blank\" rel=\"noopener noreferrer\">tu si ho m\u00f4\u017eete pre\u010d\u00edta\u0165.<\/a><\/strong><\/p>\n","protected":false},"excerpt":{"rendered":"<p>Aj teraz n\u00e1s pred dne\u0161n\u00fdm Merseyside derby oslovila redakcia str\u00e1nky \u010desk\u00fdch a slovensk\u00fdch Liverpudlians. Tento predz\u00e1pasov\u00fd rozhovor s Javorom n\u00e1jdete&hellip;<\/p>\n","protected":false},"author":1,"featured_media":0,"comment_status":"open","ping_status":"closed","template":"","tags":[],"news-category":[18],"yoast_head":"<!-- This site is optimized with the Yoast SEO plugin v23.4 - https:\/\/yoast.com\/wordpress\/plugins\/seo\/ -->\n<title>Rozhovor pre LFC1892.net - Official Czech &amp; Slovak Everton Supporters&#039; Club<\/title>\n<meta name=\"robots\" content=\"index, follow, max-snippet:-1, max-image-preview:large, max-video-preview:-1\" \/>\n<link rel=\"canonical\" href=\"https:\/\/evertonfc.cz\/index.php\/news\/rozhovor-pre-lfc1892-net-2\/\" \/>\n<meta property=\"og:locale\" content=\"cs_CZ\" \/>\n<meta property=\"og:type\" content=\"article\" \/>\n<meta property=\"og:title\" content=\"Rozhovor pre LFC1892.net - Official Czech &amp; Slovak Everton Supporters&#039; Club\" \/>\n<meta property=\"og:description\" content=\"Aj teraz n\u00e1s pred dne\u0161n\u00fdm Merseyside derby oslovila redakcia str\u00e1nky \u010desk\u00fdch a slovensk\u00fdch Liverpudlians. Tento predz\u00e1pasov\u00fd rozhovor s Javorom n\u00e1jdete&hellip;\" \/>\n<meta property=\"og:url\" content=\"https:\/\/evertonfc.cz\/index.php\/news\/rozhovor-pre-lfc1892-net-2\/\" \/>\n<meta property=\"og:site_name\" content=\"Official Czech &amp; Slovak Everton Supporters&#039; Club\" \/>\n<meta property=\"article:publisher\" content=\"https:\/\/www.facebook.com\/everton.fans.cz.sk\" \/>\n<meta property=\"article:modified_time\" content=\"2025-02-12T15:12:32+00:00\" \/>\n<meta name=\"twitter:card\" content=\"summary_large_image\" \/>\n<meta name=\"twitter:label1\" content=\"Odhadovan\u00e1 doba \u010dten\u00ed\" \/>\n\t<meta name=\"twitter:data1\" content=\"1 minuta\" \/>\n<script type=\"application\/ld+json\" class=\"yoast-schema-graph\">{\"@context\":\"https:\/\/schema.org\",\"@graph\":[{\"@type\":\"WebPage\",\"@id\":\"https:\/\/evertonfc.cz\/index.php\/news\/rozhovor-pre-lfc1892-net-2\/\",\"url\":\"https:\/\/evertonfc.cz\/index.php\/news\/rozhovor-pre-lfc1892-net-2\/\",\"name\":\"Rozhovor pre LFC1892.net - Official Czech &amp; Slovak Everton Supporters&#039; Club\",\"isPartOf\":{\"@id\":\"https:\/\/evertonfc.cz\/#website\"},\"datePublished\":\"2025-02-12T15:11:39+00:00\",\"dateModified\":\"2025-02-12T15:12:32+00:00\",\"breadcrumb\":{\"@id\":\"https:\/\/evertonfc.cz\/index.php\/news\/rozhovor-pre-lfc1892-net-2\/#breadcrumb\"},\"inLanguage\":\"cs\",\"potentialAction\":[{\"@type\":\"ReadAction\",\"target\":[\"https:\/\/evertonfc.cz\/index.php\/news\/rozhovor-pre-lfc1892-net-2\/\"]}]},{\"@type\":\"BreadcrumbList\",\"@id\":\"https:\/\/evertonfc.cz\/index.php\/news\/rozhovor-pre-lfc1892-net-2\/#breadcrumb\",\"itemListElement\":[{\"@type\":\"ListItem\",\"position\":1,\"name\":\"Home\",\"item\":\"https:\/\/evertonfc.cz\/\"},{\"@type\":\"ListItem\",\"position\":2,\"name\":\"News\",\"item\":\"https:\/\/evertonfc.cz\/index.php\/news\/\"},{\"@type\":\"ListItem\",\"position\":3,\"name\":\"Rozhovor pre LFC1892.net\"}]},{\"@type\":\"WebSite\",\"@id\":\"https:\/\/evertonfc.cz\/#website\",\"url\":\"https:\/\/evertonfc.cz\/\",\"name\":\"Official Czech &amp; Slovak Everton Supporters&#039; Club\",\"description\":\"\",\"publisher\":{\"@id\":\"https:\/\/evertonfc.cz\/#organization\"},\"potentialAction\":[{\"@type\":\"SearchAction\",\"target\":{\"@type\":\"EntryPoint\",\"urlTemplate\":\"https:\/\/evertonfc.cz\/?s={search_term_string}\"},\"query-input\":{\"@type\":\"PropertyValueSpecification\",\"valueRequired\":true,\"valueName\":\"search_term_string\"}}],\"inLanguage\":\"cs\"},{\"@type\":\"Organization\",\"@id\":\"https:\/\/evertonfc.cz\/#organization\",\"name\":\"Official Czech & Slovak Everton Supporters' Club\",\"url\":\"https:\/\/evertonfc.cz\/\",\"logo\":{\"@type\":\"ImageObject\",\"inLanguage\":\"cs\",\"@id\":\"https:\/\/evertonfc.cz\/#\/schema\/logo\/image\/\",\"url\":\"https:\/\/evertonfc.cz\/wp-content\/uploads\/2019\/05\/logo.png\",\"contentUrl\":\"https:\/\/evertonfc.cz\/wp-content\/uploads\/2019\/05\/logo.png\",\"width\":112,\"height\":112,\"caption\":\"Official Czech & Slovak Everton Supporters' Club\"},\"image\":{\"@id\":\"https:\/\/evertonfc.cz\/#\/schema\/logo\/image\/\"},\"sameAs\":[\"https:\/\/www.facebook.com\/everton.fans.cz.sk\"]}]}<\/script>\n<!-- \/ Yoast SEO plugin. -->","yoast_head_json":{"title":"Rozhovor pre LFC1892.net - Official Czech &amp; Slovak Everton Supporters&#039; Club","robots":{"index":"index","follow":"follow","max-snippet":"max-snippet:-1","max-image-preview":"max-image-preview:large","max-video-preview":"max-video-preview:-1"},"canonical":"https:\/\/evertonfc.cz\/index.php\/news\/rozhovor-pre-lfc1892-net-2\/","og_locale":"cs_CZ","og_type":"article","og_title":"Rozhovor pre LFC1892.net - Official Czech &amp; Slovak Everton Supporters&#039; Club","og_description":"Aj teraz n\u00e1s pred dne\u0161n\u00fdm Merseyside derby oslovila redakcia str\u00e1nky \u010desk\u00fdch a slovensk\u00fdch Liverpudlians. Tento predz\u00e1pasov\u00fd rozhovor s Javorom n\u00e1jdete&hellip;","og_url":"https:\/\/evertonfc.cz\/index.php\/news\/rozhovor-pre-lfc1892-net-2\/","og_site_name":"Official Czech &amp; Slovak Everton Supporters&#039; Club","article_publisher":"https:\/\/www.facebook.com\/everton.fans.cz.sk","article_modified_time":"2025-02-12T15:12:32+00:00","twitter_card":"summary_large_image","twitter_misc":{"Odhadovan\u00e1 doba \u010dten\u00ed":"1 minuta"},"schema":{"@context":"https:\/\/schema.org","@graph":[{"@type":"WebPage","@id":"https:\/\/evertonfc.cz\/index.php\/news\/rozhovor-pre-lfc1892-net-2\/","url":"https:\/\/evertonfc.cz\/index.php\/news\/rozhovor-pre-lfc1892-net-2\/","name":"Rozhovor pre LFC1892.net - Official Czech &amp; Slovak Everton Supporters&#039; Club","isPartOf":{"@id":"https:\/\/evertonfc.cz\/#website"},"datePublished":"2025-02-12T15:11:39+00:00","dateModified":"2025-02-12T15:12:32+00:00","breadcrumb":{"@id":"https:\/\/evertonfc.cz\/index.php\/news\/rozhovor-pre-lfc1892-net-2\/#breadcrumb"},"inLanguage":"cs","potentialAction":[{"@type":"ReadAction","target":["https:\/\/evertonfc.cz\/index.php\/news\/rozhovor-pre-lfc1892-net-2\/"]}]},{"@type":"BreadcrumbList","@id":"https:\/\/evertonfc.cz\/index.php\/news\/rozhovor-pre-lfc1892-net-2\/#breadcrumb","itemListElement":[{"@type":"ListItem","position":1,"name":"Home","item":"https:\/\/evertonfc.cz\/"},{"@type":"ListItem","position":2,"name":"News","item":"https:\/\/evertonfc.cz\/index.php\/news\/"},{"@type":"ListItem","position":3,"name":"Rozhovor pre LFC1892.net"}]},{"@type":"WebSite","@id":"https:\/\/evertonfc.cz\/#website","url":"https:\/\/evertonfc.cz\/","name":"Official Czech &amp; Slovak Everton Supporters&#039; Club","description":"","publisher":{"@id":"https:\/\/evertonfc.cz\/#organization"},"potentialAction":[{"@type":"SearchAction","target":{"@type":"EntryPoint","urlTemplate":"https:\/\/evertonfc.cz\/?s={search_term_string}"},"query-input":{"@type":"PropertyValueSpecification","valueRequired":true,"valueName":"search_term_string"}}],"inLanguage":"cs"},{"@type":"Organization","@id":"https:\/\/evertonfc.cz\/#organization","name":"Official Czech & Slovak Everton Supporters' Club","url":"https:\/\/evertonfc.cz\/","logo":{"@type":"ImageObject","inLanguage":"cs","@id":"https:\/\/evertonfc.cz\/#\/schema\/logo\/image\/","url":"https:\/\/evertonfc.cz\/wp-content\/uploads\/2019\/05\/logo.png","contentUrl":"https:\/\/evertonfc.cz\/wp-content\/uploads\/2019\/05\/logo.png","width":112,"height":112,"caption":"Official Czech & Slovak Everton Supporters' Club"},"image":{"@id":"https:\/\/evertonfc.cz\/#\/schema\/logo\/image\/"},"sameAs":["https:\/\/www.facebook.com\/everton.fans.cz.sk"]}]}},"_links":{"self":[{"href":"https:\/\/evertonfc.cz\/index.php\/wp-json\/wp\/v2\/news\/26299"}],"collection":[{"href":"https:\/\/evertonfc.cz\/index.php\/wp-json\/wp\/v2\/news"}],"about":[{"href":"https:\/\/evertonfc.cz\/index.php\/wp-json\/wp\/v2\/types\/news"}],"author":[{"embeddable":true,"href":"https:\/\/evertonfc.cz\/index.php\/wp-json\/wp\/v2\/users\/1"}],"replies":[{"embeddable":true,"href":"https:\/\/evertonfc.cz\/index.php\/wp-json\/wp\/v2\/comments?post=26299"}],"version-history":[{"count":3,"href":"https:\/\/evertonfc.cz\/index.php\/wp-json\/wp\/v2\/news\/26299\/revisions"}],"predecessor-version":[{"id":26302,"href":"https:\/\/evertonfc.cz\/index.php\/wp-json\/wp\/v2\/news\/26299\/revisions\/26302"}],"wp:attachment":[{"href":"https:\/\/evertonfc.cz\/index.php\/wp-json\/wp\/v2\/media?parent=26299"}],"wp:term":[{"taxonomy":"post_tag","embeddable":true,"href":"https:\/\/evertonfc.cz\/index.php\/wp-json\/wp\/v2\/tags?post=26299"},{"taxonomy":"news-category","embeddable":true,"href":"https:\/\/evertonfc.cz\/index.php\/wp-json\/wp\/v2\/news-category?post=26299"}],"curies":[{"name":"wp","href":"https:\/\/api.w.org\/{rel}","templated":true}]}}