{"id":26451,"date":"2025-03-10T10:19:45","date_gmt":"2025-03-10T09:19:45","guid":{"rendered":"https:\/\/evertonfc.cz\/?post_type=news&#038;p=26451"},"modified":"2025-03-12T14:20:44","modified_gmt":"2025-03-12T13:20:44","slug":"everton-si-v-lete-zahraje-v-usa","status":"publish","type":"news","link":"https:\/\/evertonfc.cz\/index.php\/news\/everton-si-v-lete-zahraje-v-usa\/","title":{"rendered":"Everton si v l\u00e9t\u011b zahraje v USA"},"content":{"rendered":"<p data-start=\"37\" data-end=\"225\">Toffees se na p\u0159elomu \u010dervence a srpna p\u0159edstav\u00ed ve Spojen\u00fdch st\u00e1tech, kde se v r\u00e1mci Premier League Summer Series postupn\u011b utkaj\u00ed s Bournemouthem, West Hamem United a Manchesterem United.<\/p>\n<p data-start=\"227\" data-end=\"439\" data-is-last-node=\"\" data-is-only-node=\"\">P\u0159edsez\u00f3nn\u00ed p\u0159\u00edpravn\u00fd turnaj budou hostit americk\u00e1 m\u011bsta East Rutherford, Chicago a Atlanta. Odehraje se po premi\u00e9rov\u00e9m ro\u010dn\u00edku Mistrovstv\u00ed sv\u011bta klub\u016f FIFA, v n\u011bm\u017e bude Premier League reprezentovat Chelsea a Manchester City.<\/p>\n<p><strong>Program z\u00e1pas\u016f Premier League Summer Series<\/strong><\/p>\n<p>Sobota 26. \u010dervence \u2013 MetLife Stadium, East Rutherford:<\/p>\n<ul>\n<li>Everton vs. Bournemouth (22:00)<\/li>\n<li>Manchester United vs. West Ham United (ned\u011ble 1:00)<\/li>\n<\/ul>\n<p>St\u0159eda 30. \u010dervence \u2013 Soldier Field, Chicago:<\/p>\n<ul>\n<li>West Ham United vs. Everton (\u010dtvrtek 0:30)<\/li>\n<li>Manchester United vs. Bournemouth (\u010dtvrtek 3:30)<\/li>\n<\/ul>\n<p>Ned\u011ble 3. srpna \u2013 Mercedes-Benz Stadium, Atlanta:<\/p>\n<ul>\n<li>Bournemouth vs. West Ham United (2:00)<\/li>\n<li>Manchester United vs. Everton (23:00)<\/li>\n<\/ul>\n","protected":false},"excerpt":{"rendered":"<p>Toffees se na p\u0159elomu \u010dervence a srpna p\u0159edstav\u00ed ve Spojen\u00fdch st\u00e1tech, kde se v r\u00e1mci Premier League Summer Series postupn\u011b&hellip;<\/p>\n","protected":false},"author":6,"featured_media":0,"comment_status":"open","ping_status":"closed","template":"","tags":[],"news-category":[18],"yoast_head":"<!-- This site is optimized with the Yoast SEO plugin v23.4 - https:\/\/yoast.com\/wordpress\/plugins\/seo\/ -->\n<title>Everton si v l\u00e9t\u011b zahraje v USA - Official Czech &amp; Slovak Everton Supporters&#039; Club<\/title>\n<meta name=\"robots\" content=\"index, follow, max-snippet:-1, max-image-preview:large, max-video-preview:-1\" \/>\n<link rel=\"canonical\" href=\"https:\/\/evertonfc.cz\/index.php\/news\/everton-si-v-lete-zahraje-v-usa\/\" \/>\n<meta property=\"og:locale\" content=\"cs_CZ\" \/>\n<meta property=\"og:type\" content=\"article\" \/>\n<meta property=\"og:title\" content=\"Everton si v l\u00e9t\u011b zahraje v USA - Official Czech &amp; Slovak Everton Supporters&#039; Club\" \/>\n<meta property=\"og:description\" content=\"Toffees se na p\u0159elomu \u010dervence a srpna p\u0159edstav\u00ed ve Spojen\u00fdch st\u00e1tech, kde se v r\u00e1mci Premier League Summer Series postupn\u011b&hellip;\" \/>\n<meta property=\"og:url\" content=\"https:\/\/evertonfc.cz\/index.php\/news\/everton-si-v-lete-zahraje-v-usa\/\" \/>\n<meta property=\"og:site_name\" content=\"Official Czech &amp; Slovak Everton Supporters&#039; Club\" \/>\n<meta property=\"article:publisher\" content=\"https:\/\/www.facebook.com\/everton.fans.cz.sk\" \/>\n<meta property=\"article:modified_time\" content=\"2025-03-12T13:20:44+00:00\" \/>\n<meta name=\"twitter:card\" content=\"summary_large_image\" \/>\n<meta name=\"twitter:label1\" content=\"Odhadovan\u00e1 doba \u010dten\u00ed\" \/>\n\t<meta name=\"twitter:data1\" content=\"1 minuta\" \/>\n<script type=\"application\/ld+json\" class=\"yoast-schema-graph\">{\"@context\":\"https:\/\/schema.org\",\"@graph\":[{\"@type\":\"WebPage\",\"@id\":\"https:\/\/evertonfc.cz\/index.php\/news\/everton-si-v-lete-zahraje-v-usa\/\",\"url\":\"https:\/\/evertonfc.cz\/index.php\/news\/everton-si-v-lete-zahraje-v-usa\/\",\"name\":\"Everton si v l\u00e9t\u011b zahraje v USA - Official Czech &amp; Slovak Everton Supporters&#039; Club\",\"isPartOf\":{\"@id\":\"https:\/\/evertonfc.cz\/#website\"},\"datePublished\":\"2025-03-10T09:19:45+00:00\",\"dateModified\":\"2025-03-12T13:20:44+00:00\",\"breadcrumb\":{\"@id\":\"https:\/\/evertonfc.cz\/index.php\/news\/everton-si-v-lete-zahraje-v-usa\/#breadcrumb\"},\"inLanguage\":\"cs\",\"potentialAction\":[{\"@type\":\"ReadAction\",\"target\":[\"https:\/\/evertonfc.cz\/index.php\/news\/everton-si-v-lete-zahraje-v-usa\/\"]}]},{\"@type\":\"BreadcrumbList\",\"@id\":\"https:\/\/evertonfc.cz\/index.php\/news\/everton-si-v-lete-zahraje-v-usa\/#breadcrumb\",\"itemListElement\":[{\"@type\":\"ListItem\",\"position\":1,\"name\":\"Home\",\"item\":\"https:\/\/evertonfc.cz\/\"},{\"@type\":\"ListItem\",\"position\":2,\"name\":\"News\",\"item\":\"https:\/\/evertonfc.cz\/index.php\/news\/\"},{\"@type\":\"ListItem\",\"position\":3,\"name\":\"Everton si v l\u00e9t\u011b zahraje v USA\"}]},{\"@type\":\"WebSite\",\"@id\":\"https:\/\/evertonfc.cz\/#website\",\"url\":\"https:\/\/evertonfc.cz\/\",\"name\":\"Official Czech &amp; Slovak Everton Supporters&#039; Club\",\"description\":\"\",\"publisher\":{\"@id\":\"https:\/\/evertonfc.cz\/#organization\"},\"potentialAction\":[{\"@type\":\"SearchAction\",\"target\":{\"@type\":\"EntryPoint\",\"urlTemplate\":\"https:\/\/evertonfc.cz\/?s={search_term_string}\"},\"query-input\":{\"@type\":\"PropertyValueSpecification\",\"valueRequired\":true,\"valueName\":\"search_term_string\"}}],\"inLanguage\":\"cs\"},{\"@type\":\"Organization\",\"@id\":\"https:\/\/evertonfc.cz\/#organization\",\"name\":\"Official Czech & Slovak Everton Supporters' Club\",\"url\":\"https:\/\/evertonfc.cz\/\",\"logo\":{\"@type\":\"ImageObject\",\"inLanguage\":\"cs\",\"@id\":\"https:\/\/evertonfc.cz\/#\/schema\/logo\/image\/\",\"url\":\"https:\/\/evertonfc.cz\/wp-content\/uploads\/2019\/05\/logo.png\",\"contentUrl\":\"https:\/\/evertonfc.cz\/wp-content\/uploads\/2019\/05\/logo.png\",\"width\":112,\"height\":112,\"caption\":\"Official Czech & Slovak Everton Supporters' Club\"},\"image\":{\"@id\":\"https:\/\/evertonfc.cz\/#\/schema\/logo\/image\/\"},\"sameAs\":[\"https:\/\/www.facebook.com\/everton.fans.cz.sk\"]}]}<\/script>\n<!-- \/ Yoast SEO plugin. -->","yoast_head_json":{"title":"Everton si v l\u00e9t\u011b zahraje v USA - Official Czech &amp; Slovak Everton Supporters&#039; Club","robots":{"index":"index","follow":"follow","max-snippet":"max-snippet:-1","max-image-preview":"max-image-preview:large","max-video-preview":"max-video-preview:-1"},"canonical":"https:\/\/evertonfc.cz\/index.php\/news\/everton-si-v-lete-zahraje-v-usa\/","og_locale":"cs_CZ","og_type":"article","og_title":"Everton si v l\u00e9t\u011b zahraje v USA - Official Czech &amp; Slovak Everton Supporters&#039; Club","og_description":"Toffees se na p\u0159elomu \u010dervence a srpna p\u0159edstav\u00ed ve Spojen\u00fdch st\u00e1tech, kde se v r\u00e1mci Premier League Summer Series postupn\u011b&hellip;","og_url":"https:\/\/evertonfc.cz\/index.php\/news\/everton-si-v-lete-zahraje-v-usa\/","og_site_name":"Official Czech &amp; Slovak Everton Supporters&#039; Club","article_publisher":"https:\/\/www.facebook.com\/everton.fans.cz.sk","article_modified_time":"2025-03-12T13:20:44+00:00","twitter_card":"summary_large_image","twitter_misc":{"Odhadovan\u00e1 doba \u010dten\u00ed":"1 minuta"},"schema":{"@context":"https:\/\/schema.org","@graph":[{"@type":"WebPage","@id":"https:\/\/evertonfc.cz\/index.php\/news\/everton-si-v-lete-zahraje-v-usa\/","url":"https:\/\/evertonfc.cz\/index.php\/news\/everton-si-v-lete-zahraje-v-usa\/","name":"Everton si v l\u00e9t\u011b zahraje v USA - Official Czech &amp; Slovak Everton Supporters&#039; Club","isPartOf":{"@id":"https:\/\/evertonfc.cz\/#website"},"datePublished":"2025-03-10T09:19:45+00:00","dateModified":"2025-03-12T13:20:44+00:00","breadcrumb":{"@id":"https:\/\/evertonfc.cz\/index.php\/news\/everton-si-v-lete-zahraje-v-usa\/#breadcrumb"},"inLanguage":"cs","potentialAction":[{"@type":"ReadAction","target":["https:\/\/evertonfc.cz\/index.php\/news\/everton-si-v-lete-zahraje-v-usa\/"]}]},{"@type":"BreadcrumbList","@id":"https:\/\/evertonfc.cz\/index.php\/news\/everton-si-v-lete-zahraje-v-usa\/#breadcrumb","itemListElement":[{"@type":"ListItem","position":1,"name":"Home","item":"https:\/\/evertonfc.cz\/"},{"@type":"ListItem","position":2,"name":"News","item":"https:\/\/evertonfc.cz\/index.php\/news\/"},{"@type":"ListItem","position":3,"name":"Everton si v l\u00e9t\u011b zahraje v USA"}]},{"@type":"WebSite","@id":"https:\/\/evertonfc.cz\/#website","url":"https:\/\/evertonfc.cz\/","name":"Official Czech &amp; Slovak Everton Supporters&#039; Club","description":"","publisher":{"@id":"https:\/\/evertonfc.cz\/#organization"},"potentialAction":[{"@type":"SearchAction","target":{"@type":"EntryPoint","urlTemplate":"https:\/\/evertonfc.cz\/?s={search_term_string}"},"query-input":{"@type":"PropertyValueSpecification","valueRequired":true,"valueName":"search_term_string"}}],"inLanguage":"cs"},{"@type":"Organization","@id":"https:\/\/evertonfc.cz\/#organization","name":"Official Czech & Slovak Everton Supporters' Club","url":"https:\/\/evertonfc.cz\/","logo":{"@type":"ImageObject","inLanguage":"cs","@id":"https:\/\/evertonfc.cz\/#\/schema\/logo\/image\/","url":"https:\/\/evertonfc.cz\/wp-content\/uploads\/2019\/05\/logo.png","contentUrl":"https:\/\/evertonfc.cz\/wp-content\/uploads\/2019\/05\/logo.png","width":112,"height":112,"caption":"Official Czech & Slovak Everton Supporters' Club"},"image":{"@id":"https:\/\/evertonfc.cz\/#\/schema\/logo\/image\/"},"sameAs":["https:\/\/www.facebook.com\/everton.fans.cz.sk"]}]}},"_links":{"self":[{"href":"https:\/\/evertonfc.cz\/index.php\/wp-json\/wp\/v2\/news\/26451"}],"collection":[{"href":"https:\/\/evertonfc.cz\/index.php\/wp-json\/wp\/v2\/news"}],"about":[{"href":"https:\/\/evertonfc.cz\/index.php\/wp-json\/wp\/v2\/types\/news"}],"author":[{"embeddable":true,"href":"https:\/\/evertonfc.cz\/index.php\/wp-json\/wp\/v2\/users\/6"}],"replies":[{"embeddable":true,"href":"https:\/\/evertonfc.cz\/index.php\/wp-json\/wp\/v2\/comments?post=26451"}],"version-history":[{"count":5,"href":"https:\/\/evertonfc.cz\/index.php\/wp-json\/wp\/v2\/news\/26451\/revisions"}],"predecessor-version":[{"id":26472,"href":"https:\/\/evertonfc.cz\/index.php\/wp-json\/wp\/v2\/news\/26451\/revisions\/26472"}],"wp:attachment":[{"href":"https:\/\/evertonfc.cz\/index.php\/wp-json\/wp\/v2\/media?parent=26451"}],"wp:term":[{"taxonomy":"post_tag","embeddable":true,"href":"https:\/\/evertonfc.cz\/index.php\/wp-json\/wp\/v2\/tags?post=26451"},{"taxonomy":"news-category","embeddable":true,"href":"https:\/\/evertonfc.cz\/index.php\/wp-json\/wp\/v2\/news-category?post=26451"}],"curies":[{"name":"wp","href":"https:\/\/api.w.org\/{rel}","templated":true}]}}