{"id":26453,"date":"2025-03-10T11:18:04","date_gmt":"2025-03-10T10:18:04","guid":{"rendered":"https:\/\/evertonfc.cz\/?post_type=news&#038;p=26453"},"modified":"2025-03-10T15:37:32","modified_gmt":"2025-03-10T14:37:32","slug":"zmeny-ve-vedeni-evertonu","status":"publish","type":"news","link":"https:\/\/evertonfc.cz\/index.php\/news\/zmeny-ve-vedeni-evertonu\/","title":{"rendered":"Zm\u011bny ve veden\u00ed Evertonu"},"content":{"rendered":"<p>Od 1. \u010dervna se nov\u00fdm gener\u00e1ln\u00edm \u0159editelem (CEO) Evertonu stane Angus Kinnear, kter\u00fd p\u0159ich\u00e1z\u00ed z Leedsu United. Po tomto datu nav\u00edc dojde k zru\u0161en\u00ed pozice sportovn\u00edho \u0159editele a Kevin Thelwell po vypr\u0161en\u00ed sv\u00e9 smlouvy a po t\u0159ech a p\u016fl letech odejde z klubu. Toffees z\u00e1rove\u0148 p\u0159ejdou na nov\u00fd model sportovn\u00edho veden\u00ed, kdy rozhodov\u00e1n\u00ed bude sv\u011b\u0159eno \u0161ir\u0161\u00edmu t\u00fdmu, jeho\u017e veden\u00ed p\u0159evezme pr\u00e1v\u011b Kinnear.<\/p>\n<p>Sou\u010dasn\u00fd gener\u00e1ln\u00ed \u0159editel Colin Chong z\u016fstane v Evertonu a nyn\u00ed bude dohl\u00ed\u017eet na provoz nov\u00e9ho stadionu, jeho okol\u00ed a tak\u00e9 na budoucnost Goodison Parku.<\/p>\n<p>Klub z\u00e1rove\u0148 potvrdil, \u017ee ji\u017e prob\u00edhaj\u00ed p\u0159\u00edpravy na letn\u00ed p\u0159estupov\u00e9 obdob\u00ed, kter\u00e9 m\u00e1 na starosti sportovn\u00ed \u00fasek a mana\u017eer David Moyes, jen\u017e tak z\u00edsk\u00e1v\u00e1 \u0161ir\u0161\u00ed pravomoci v oblasti rozhodov\u00e1n\u00ed o transferech.<\/p>\n<p>Podle neofici\u00e1ln\u00edch zpr\u00e1v, kter\u00e9 by Everton m\u011bl potvrdit v nejbli\u017e\u0161\u00ed dob\u011b, se sou\u010d\u00e1st\u00ed sportovn\u00edho odd\u011blen\u00ed stane tak\u00e9 Rob Newman. Tento 61let\u00fd zku\u0161en\u00fd odborn\u00edk mimo jin\u00e9 spolupracoval s Davidem Moyesem ve West Hamu, kde p\u016fsobil jako \u0161\u00e9f skautingu.<\/p>\n","protected":false},"excerpt":{"rendered":"<p>Od 1. \u010dervna se nov\u00fdm gener\u00e1ln\u00edm \u0159editelem (CEO) Evertonu stane Angus Kinnear, kter\u00fd p\u0159ich\u00e1z\u00ed z Leedsu United. Po tomto datu&hellip;<\/p>\n","protected":false},"author":6,"featured_media":0,"comment_status":"open","ping_status":"closed","template":"","tags":[],"news-category":[18],"yoast_head":"<!-- This site is optimized with the Yoast SEO plugin v23.4 - https:\/\/yoast.com\/wordpress\/plugins\/seo\/ -->\n<title>Zm\u011bny ve veden\u00ed Evertonu - Official Czech &amp; Slovak Everton Supporters&#039; Club<\/title>\n<meta name=\"robots\" content=\"index, follow, max-snippet:-1, max-image-preview:large, max-video-preview:-1\" \/>\n<link rel=\"canonical\" href=\"https:\/\/evertonfc.cz\/index.php\/news\/zmeny-ve-vedeni-evertonu\/\" \/>\n<meta property=\"og:locale\" content=\"cs_CZ\" \/>\n<meta property=\"og:type\" content=\"article\" \/>\n<meta property=\"og:title\" content=\"Zm\u011bny ve veden\u00ed Evertonu - Official Czech &amp; Slovak Everton Supporters&#039; Club\" \/>\n<meta property=\"og:description\" content=\"Od 1. \u010dervna se nov\u00fdm gener\u00e1ln\u00edm \u0159editelem (CEO) Evertonu stane Angus Kinnear, kter\u00fd p\u0159ich\u00e1z\u00ed z Leedsu United. Po tomto datu&hellip;\" \/>\n<meta property=\"og:url\" content=\"https:\/\/evertonfc.cz\/index.php\/news\/zmeny-ve-vedeni-evertonu\/\" \/>\n<meta property=\"og:site_name\" content=\"Official Czech &amp; Slovak Everton Supporters&#039; Club\" \/>\n<meta property=\"article:publisher\" content=\"https:\/\/www.facebook.com\/everton.fans.cz.sk\" \/>\n<meta property=\"article:modified_time\" content=\"2025-03-10T14:37:32+00:00\" \/>\n<meta name=\"twitter:card\" content=\"summary_large_image\" \/>\n<meta name=\"twitter:label1\" content=\"Odhadovan\u00e1 doba \u010dten\u00ed\" \/>\n\t<meta name=\"twitter:data1\" content=\"1 minuta\" \/>\n<script type=\"application\/ld+json\" class=\"yoast-schema-graph\">{\"@context\":\"https:\/\/schema.org\",\"@graph\":[{\"@type\":\"WebPage\",\"@id\":\"https:\/\/evertonfc.cz\/index.php\/news\/zmeny-ve-vedeni-evertonu\/\",\"url\":\"https:\/\/evertonfc.cz\/index.php\/news\/zmeny-ve-vedeni-evertonu\/\",\"name\":\"Zm\u011bny ve veden\u00ed Evertonu - Official Czech &amp; Slovak Everton Supporters&#039; Club\",\"isPartOf\":{\"@id\":\"https:\/\/evertonfc.cz\/#website\"},\"datePublished\":\"2025-03-10T10:18:04+00:00\",\"dateModified\":\"2025-03-10T14:37:32+00:00\",\"breadcrumb\":{\"@id\":\"https:\/\/evertonfc.cz\/index.php\/news\/zmeny-ve-vedeni-evertonu\/#breadcrumb\"},\"inLanguage\":\"cs\",\"potentialAction\":[{\"@type\":\"ReadAction\",\"target\":[\"https:\/\/evertonfc.cz\/index.php\/news\/zmeny-ve-vedeni-evertonu\/\"]}]},{\"@type\":\"BreadcrumbList\",\"@id\":\"https:\/\/evertonfc.cz\/index.php\/news\/zmeny-ve-vedeni-evertonu\/#breadcrumb\",\"itemListElement\":[{\"@type\":\"ListItem\",\"position\":1,\"name\":\"Home\",\"item\":\"https:\/\/evertonfc.cz\/\"},{\"@type\":\"ListItem\",\"position\":2,\"name\":\"News\",\"item\":\"https:\/\/evertonfc.cz\/index.php\/news\/\"},{\"@type\":\"ListItem\",\"position\":3,\"name\":\"Zm\u011bny ve veden\u00ed Evertonu\"}]},{\"@type\":\"WebSite\",\"@id\":\"https:\/\/evertonfc.cz\/#website\",\"url\":\"https:\/\/evertonfc.cz\/\",\"name\":\"Official Czech &amp; Slovak Everton Supporters&#039; Club\",\"description\":\"\",\"publisher\":{\"@id\":\"https:\/\/evertonfc.cz\/#organization\"},\"potentialAction\":[{\"@type\":\"SearchAction\",\"target\":{\"@type\":\"EntryPoint\",\"urlTemplate\":\"https:\/\/evertonfc.cz\/?s={search_term_string}\"},\"query-input\":{\"@type\":\"PropertyValueSpecification\",\"valueRequired\":true,\"valueName\":\"search_term_string\"}}],\"inLanguage\":\"cs\"},{\"@type\":\"Organization\",\"@id\":\"https:\/\/evertonfc.cz\/#organization\",\"name\":\"Official Czech & Slovak Everton Supporters' Club\",\"url\":\"https:\/\/evertonfc.cz\/\",\"logo\":{\"@type\":\"ImageObject\",\"inLanguage\":\"cs\",\"@id\":\"https:\/\/evertonfc.cz\/#\/schema\/logo\/image\/\",\"url\":\"https:\/\/evertonfc.cz\/wp-content\/uploads\/2019\/05\/logo.png\",\"contentUrl\":\"https:\/\/evertonfc.cz\/wp-content\/uploads\/2019\/05\/logo.png\",\"width\":112,\"height\":112,\"caption\":\"Official Czech & Slovak Everton Supporters' Club\"},\"image\":{\"@id\":\"https:\/\/evertonfc.cz\/#\/schema\/logo\/image\/\"},\"sameAs\":[\"https:\/\/www.facebook.com\/everton.fans.cz.sk\"]}]}<\/script>\n<!-- \/ Yoast SEO plugin. -->","yoast_head_json":{"title":"Zm\u011bny ve veden\u00ed Evertonu - Official Czech &amp; Slovak Everton Supporters&#039; Club","robots":{"index":"index","follow":"follow","max-snippet":"max-snippet:-1","max-image-preview":"max-image-preview:large","max-video-preview":"max-video-preview:-1"},"canonical":"https:\/\/evertonfc.cz\/index.php\/news\/zmeny-ve-vedeni-evertonu\/","og_locale":"cs_CZ","og_type":"article","og_title":"Zm\u011bny ve veden\u00ed Evertonu - Official Czech &amp; Slovak Everton Supporters&#039; Club","og_description":"Od 1. \u010dervna se nov\u00fdm gener\u00e1ln\u00edm \u0159editelem (CEO) Evertonu stane Angus Kinnear, kter\u00fd p\u0159ich\u00e1z\u00ed z Leedsu United. Po tomto datu&hellip;","og_url":"https:\/\/evertonfc.cz\/index.php\/news\/zmeny-ve-vedeni-evertonu\/","og_site_name":"Official Czech &amp; Slovak Everton Supporters&#039; Club","article_publisher":"https:\/\/www.facebook.com\/everton.fans.cz.sk","article_modified_time":"2025-03-10T14:37:32+00:00","twitter_card":"summary_large_image","twitter_misc":{"Odhadovan\u00e1 doba \u010dten\u00ed":"1 minuta"},"schema":{"@context":"https:\/\/schema.org","@graph":[{"@type":"WebPage","@id":"https:\/\/evertonfc.cz\/index.php\/news\/zmeny-ve-vedeni-evertonu\/","url":"https:\/\/evertonfc.cz\/index.php\/news\/zmeny-ve-vedeni-evertonu\/","name":"Zm\u011bny ve veden\u00ed Evertonu - Official Czech &amp; Slovak Everton Supporters&#039; Club","isPartOf":{"@id":"https:\/\/evertonfc.cz\/#website"},"datePublished":"2025-03-10T10:18:04+00:00","dateModified":"2025-03-10T14:37:32+00:00","breadcrumb":{"@id":"https:\/\/evertonfc.cz\/index.php\/news\/zmeny-ve-vedeni-evertonu\/#breadcrumb"},"inLanguage":"cs","potentialAction":[{"@type":"ReadAction","target":["https:\/\/evertonfc.cz\/index.php\/news\/zmeny-ve-vedeni-evertonu\/"]}]},{"@type":"BreadcrumbList","@id":"https:\/\/evertonfc.cz\/index.php\/news\/zmeny-ve-vedeni-evertonu\/#breadcrumb","itemListElement":[{"@type":"ListItem","position":1,"name":"Home","item":"https:\/\/evertonfc.cz\/"},{"@type":"ListItem","position":2,"name":"News","item":"https:\/\/evertonfc.cz\/index.php\/news\/"},{"@type":"ListItem","position":3,"name":"Zm\u011bny ve veden\u00ed Evertonu"}]},{"@type":"WebSite","@id":"https:\/\/evertonfc.cz\/#website","url":"https:\/\/evertonfc.cz\/","name":"Official Czech &amp; Slovak Everton Supporters&#039; Club","description":"","publisher":{"@id":"https:\/\/evertonfc.cz\/#organization"},"potentialAction":[{"@type":"SearchAction","target":{"@type":"EntryPoint","urlTemplate":"https:\/\/evertonfc.cz\/?s={search_term_string}"},"query-input":{"@type":"PropertyValueSpecification","valueRequired":true,"valueName":"search_term_string"}}],"inLanguage":"cs"},{"@type":"Organization","@id":"https:\/\/evertonfc.cz\/#organization","name":"Official Czech & Slovak Everton Supporters' Club","url":"https:\/\/evertonfc.cz\/","logo":{"@type":"ImageObject","inLanguage":"cs","@id":"https:\/\/evertonfc.cz\/#\/schema\/logo\/image\/","url":"https:\/\/evertonfc.cz\/wp-content\/uploads\/2019\/05\/logo.png","contentUrl":"https:\/\/evertonfc.cz\/wp-content\/uploads\/2019\/05\/logo.png","width":112,"height":112,"caption":"Official Czech & Slovak Everton Supporters' Club"},"image":{"@id":"https:\/\/evertonfc.cz\/#\/schema\/logo\/image\/"},"sameAs":["https:\/\/www.facebook.com\/everton.fans.cz.sk"]}]}},"_links":{"self":[{"href":"https:\/\/evertonfc.cz\/index.php\/wp-json\/wp\/v2\/news\/26453"}],"collection":[{"href":"https:\/\/evertonfc.cz\/index.php\/wp-json\/wp\/v2\/news"}],"about":[{"href":"https:\/\/evertonfc.cz\/index.php\/wp-json\/wp\/v2\/types\/news"}],"author":[{"embeddable":true,"href":"https:\/\/evertonfc.cz\/index.php\/wp-json\/wp\/v2\/users\/6"}],"replies":[{"embeddable":true,"href":"https:\/\/evertonfc.cz\/index.php\/wp-json\/wp\/v2\/comments?post=26453"}],"version-history":[{"count":5,"href":"https:\/\/evertonfc.cz\/index.php\/wp-json\/wp\/v2\/news\/26453\/revisions"}],"predecessor-version":[{"id":26460,"href":"https:\/\/evertonfc.cz\/index.php\/wp-json\/wp\/v2\/news\/26453\/revisions\/26460"}],"wp:attachment":[{"href":"https:\/\/evertonfc.cz\/index.php\/wp-json\/wp\/v2\/media?parent=26453"}],"wp:term":[{"taxonomy":"post_tag","embeddable":true,"href":"https:\/\/evertonfc.cz\/index.php\/wp-json\/wp\/v2\/tags?post=26453"},{"taxonomy":"news-category","embeddable":true,"href":"https:\/\/evertonfc.cz\/index.php\/wp-json\/wp\/v2\/news-category?post=26453"}],"curies":[{"name":"wp","href":"https:\/\/api.w.org\/{rel}","templated":true}]}}