{"id":26586,"date":"2025-04-16T11:48:45","date_gmt":"2025-04-16T09:48:45","guid":{"rendered":"https:\/\/evertonfc.cz\/?post_type=news&#038;p=26586"},"modified":"2025-04-16T11:48:45","modified_gmt":"2025-04-16T09:48:45","slug":"psg-se-zajima-o-kelly-gago","status":"publish","type":"news","link":"https:\/\/evertonfc.cz\/index.php\/news\/psg-se-zajima-o-kelly-gago\/","title":{"rendered":"PSG se zaj\u00edm\u00e1 o Kelly Gago"},"content":{"rendered":"<p>V sou\u010dasnosti druh\u00fd klub prvn\u00ed \u017eensk\u00e9 francouzsk\u00e9 ligy Paris Saint -Germain se zaj\u00edm\u00e1 o p\u0159estup Kelly Gago. Velmi schopn\u00e1 \u00fato\u010dnice k n\u00e1m p\u0159i\u0161la v lednu z Nantes a stala se kl\u00ed\u010dovou hr\u00e1\u010dkou na\u0161eho zimn\u00edho vzestupu. Nejen\u017ee se dok\u00e1\u017ee nach\u00e1zet ve spr\u00e1vn\u00fd \u010das na spr\u00e1vn\u00e9m m\u00edst\u011b ve v\u00e1pn\u011b, ale dok\u00e1\u017ee bez v\u00e1h\u00e1n\u00ed a z prvn\u00ed \u00fa\u010dinn\u011b vyst\u0159elit. Co\u017e je n\u011bco, co n\u00e1m a\u017e do jej\u00edho p\u0159\u00edchodu citeln\u011b chyb\u011blo. A Toni Payne v n\u00ed na\u0161la par\u0165a\u010dku, kter\u00e1 je kone\u010dn\u011b schopn\u00e1 zu\u017eitkovat jej\u00ed p\u0159ihr\u00e1vky do v\u00e1pna. Mysl\u00edm, \u017ee se budeme muset hodn\u011b sna\u017eit, abychom Gago v bl\u00ed\u017e\u00edc\u00edm se p\u0159estupov\u00e9m obdob\u00ed udr\u017eeli.<\/p>\n","protected":false},"excerpt":{"rendered":"<p>V sou\u010dasnosti druh\u00fd klub prvn\u00ed \u017eensk\u00e9 francouzsk\u00e9 ligy Paris Saint -Germain se zaj\u00edm\u00e1 o p\u0159estup Kelly Gago. Velmi schopn\u00e1 \u00fato\u010dnice&hellip;<\/p>\n","protected":false},"author":26,"featured_media":0,"comment_status":"open","ping_status":"closed","template":"","tags":[],"news-category":[18],"yoast_head":"<!-- This site is optimized with the Yoast SEO plugin v23.4 - https:\/\/yoast.com\/wordpress\/plugins\/seo\/ -->\n<title>PSG se zaj\u00edm\u00e1 o Kelly Gago - Official Czech &amp; Slovak Everton Supporters&#039; Club<\/title>\n<meta name=\"robots\" content=\"index, follow, max-snippet:-1, max-image-preview:large, max-video-preview:-1\" \/>\n<link rel=\"canonical\" href=\"https:\/\/evertonfc.cz\/index.php\/news\/psg-se-zajima-o-kelly-gago\/\" \/>\n<meta property=\"og:locale\" content=\"cs_CZ\" \/>\n<meta property=\"og:type\" content=\"article\" \/>\n<meta property=\"og:title\" content=\"PSG se zaj\u00edm\u00e1 o Kelly Gago - Official Czech &amp; Slovak Everton Supporters&#039; Club\" \/>\n<meta property=\"og:description\" content=\"V sou\u010dasnosti druh\u00fd klub prvn\u00ed \u017eensk\u00e9 francouzsk\u00e9 ligy Paris Saint -Germain se zaj\u00edm\u00e1 o p\u0159estup Kelly Gago. Velmi schopn\u00e1 \u00fato\u010dnice&hellip;\" \/>\n<meta property=\"og:url\" content=\"https:\/\/evertonfc.cz\/index.php\/news\/psg-se-zajima-o-kelly-gago\/\" \/>\n<meta property=\"og:site_name\" content=\"Official Czech &amp; Slovak Everton Supporters&#039; Club\" \/>\n<meta property=\"article:publisher\" content=\"https:\/\/www.facebook.com\/everton.fans.cz.sk\" \/>\n<meta name=\"twitter:card\" content=\"summary_large_image\" \/>\n<meta name=\"twitter:label1\" content=\"Odhadovan\u00e1 doba \u010dten\u00ed\" \/>\n\t<meta name=\"twitter:data1\" content=\"1 minuta\" \/>\n<script type=\"application\/ld+json\" class=\"yoast-schema-graph\">{\"@context\":\"https:\/\/schema.org\",\"@graph\":[{\"@type\":\"WebPage\",\"@id\":\"https:\/\/evertonfc.cz\/index.php\/news\/psg-se-zajima-o-kelly-gago\/\",\"url\":\"https:\/\/evertonfc.cz\/index.php\/news\/psg-se-zajima-o-kelly-gago\/\",\"name\":\"PSG se zaj\u00edm\u00e1 o Kelly Gago - Official Czech &amp; Slovak Everton Supporters&#039; Club\",\"isPartOf\":{\"@id\":\"https:\/\/evertonfc.cz\/#website\"},\"datePublished\":\"2025-04-16T09:48:45+00:00\",\"dateModified\":\"2025-04-16T09:48:45+00:00\",\"breadcrumb\":{\"@id\":\"https:\/\/evertonfc.cz\/index.php\/news\/psg-se-zajima-o-kelly-gago\/#breadcrumb\"},\"inLanguage\":\"cs\",\"potentialAction\":[{\"@type\":\"ReadAction\",\"target\":[\"https:\/\/evertonfc.cz\/index.php\/news\/psg-se-zajima-o-kelly-gago\/\"]}]},{\"@type\":\"BreadcrumbList\",\"@id\":\"https:\/\/evertonfc.cz\/index.php\/news\/psg-se-zajima-o-kelly-gago\/#breadcrumb\",\"itemListElement\":[{\"@type\":\"ListItem\",\"position\":1,\"name\":\"Home\",\"item\":\"https:\/\/evertonfc.cz\/\"},{\"@type\":\"ListItem\",\"position\":2,\"name\":\"News\",\"item\":\"https:\/\/evertonfc.cz\/index.php\/news\/\"},{\"@type\":\"ListItem\",\"position\":3,\"name\":\"PSG se zaj\u00edm\u00e1 o Kelly Gago\"}]},{\"@type\":\"WebSite\",\"@id\":\"https:\/\/evertonfc.cz\/#website\",\"url\":\"https:\/\/evertonfc.cz\/\",\"name\":\"Official Czech &amp; Slovak Everton Supporters&#039; Club\",\"description\":\"\",\"publisher\":{\"@id\":\"https:\/\/evertonfc.cz\/#organization\"},\"potentialAction\":[{\"@type\":\"SearchAction\",\"target\":{\"@type\":\"EntryPoint\",\"urlTemplate\":\"https:\/\/evertonfc.cz\/?s={search_term_string}\"},\"query-input\":{\"@type\":\"PropertyValueSpecification\",\"valueRequired\":true,\"valueName\":\"search_term_string\"}}],\"inLanguage\":\"cs\"},{\"@type\":\"Organization\",\"@id\":\"https:\/\/evertonfc.cz\/#organization\",\"name\":\"Official Czech & Slovak Everton Supporters' Club\",\"url\":\"https:\/\/evertonfc.cz\/\",\"logo\":{\"@type\":\"ImageObject\",\"inLanguage\":\"cs\",\"@id\":\"https:\/\/evertonfc.cz\/#\/schema\/logo\/image\/\",\"url\":\"https:\/\/evertonfc.cz\/wp-content\/uploads\/2019\/05\/logo.png\",\"contentUrl\":\"https:\/\/evertonfc.cz\/wp-content\/uploads\/2019\/05\/logo.png\",\"width\":112,\"height\":112,\"caption\":\"Official Czech & Slovak Everton Supporters' Club\"},\"image\":{\"@id\":\"https:\/\/evertonfc.cz\/#\/schema\/logo\/image\/\"},\"sameAs\":[\"https:\/\/www.facebook.com\/everton.fans.cz.sk\"]}]}<\/script>\n<!-- \/ Yoast SEO plugin. -->","yoast_head_json":{"title":"PSG se zaj\u00edm\u00e1 o Kelly Gago - Official Czech &amp; Slovak Everton Supporters&#039; Club","robots":{"index":"index","follow":"follow","max-snippet":"max-snippet:-1","max-image-preview":"max-image-preview:large","max-video-preview":"max-video-preview:-1"},"canonical":"https:\/\/evertonfc.cz\/index.php\/news\/psg-se-zajima-o-kelly-gago\/","og_locale":"cs_CZ","og_type":"article","og_title":"PSG se zaj\u00edm\u00e1 o Kelly Gago - Official Czech &amp; Slovak Everton Supporters&#039; Club","og_description":"V sou\u010dasnosti druh\u00fd klub prvn\u00ed \u017eensk\u00e9 francouzsk\u00e9 ligy Paris Saint -Germain se zaj\u00edm\u00e1 o p\u0159estup Kelly Gago. Velmi schopn\u00e1 \u00fato\u010dnice&hellip;","og_url":"https:\/\/evertonfc.cz\/index.php\/news\/psg-se-zajima-o-kelly-gago\/","og_site_name":"Official Czech &amp; Slovak Everton Supporters&#039; Club","article_publisher":"https:\/\/www.facebook.com\/everton.fans.cz.sk","twitter_card":"summary_large_image","twitter_misc":{"Odhadovan\u00e1 doba \u010dten\u00ed":"1 minuta"},"schema":{"@context":"https:\/\/schema.org","@graph":[{"@type":"WebPage","@id":"https:\/\/evertonfc.cz\/index.php\/news\/psg-se-zajima-o-kelly-gago\/","url":"https:\/\/evertonfc.cz\/index.php\/news\/psg-se-zajima-o-kelly-gago\/","name":"PSG se zaj\u00edm\u00e1 o Kelly Gago - Official Czech &amp; Slovak Everton Supporters&#039; Club","isPartOf":{"@id":"https:\/\/evertonfc.cz\/#website"},"datePublished":"2025-04-16T09:48:45+00:00","dateModified":"2025-04-16T09:48:45+00:00","breadcrumb":{"@id":"https:\/\/evertonfc.cz\/index.php\/news\/psg-se-zajima-o-kelly-gago\/#breadcrumb"},"inLanguage":"cs","potentialAction":[{"@type":"ReadAction","target":["https:\/\/evertonfc.cz\/index.php\/news\/psg-se-zajima-o-kelly-gago\/"]}]},{"@type":"BreadcrumbList","@id":"https:\/\/evertonfc.cz\/index.php\/news\/psg-se-zajima-o-kelly-gago\/#breadcrumb","itemListElement":[{"@type":"ListItem","position":1,"name":"Home","item":"https:\/\/evertonfc.cz\/"},{"@type":"ListItem","position":2,"name":"News","item":"https:\/\/evertonfc.cz\/index.php\/news\/"},{"@type":"ListItem","position":3,"name":"PSG se zaj\u00edm\u00e1 o Kelly Gago"}]},{"@type":"WebSite","@id":"https:\/\/evertonfc.cz\/#website","url":"https:\/\/evertonfc.cz\/","name":"Official Czech &amp; Slovak Everton Supporters&#039; Club","description":"","publisher":{"@id":"https:\/\/evertonfc.cz\/#organization"},"potentialAction":[{"@type":"SearchAction","target":{"@type":"EntryPoint","urlTemplate":"https:\/\/evertonfc.cz\/?s={search_term_string}"},"query-input":{"@type":"PropertyValueSpecification","valueRequired":true,"valueName":"search_term_string"}}],"inLanguage":"cs"},{"@type":"Organization","@id":"https:\/\/evertonfc.cz\/#organization","name":"Official Czech & Slovak Everton Supporters' Club","url":"https:\/\/evertonfc.cz\/","logo":{"@type":"ImageObject","inLanguage":"cs","@id":"https:\/\/evertonfc.cz\/#\/schema\/logo\/image\/","url":"https:\/\/evertonfc.cz\/wp-content\/uploads\/2019\/05\/logo.png","contentUrl":"https:\/\/evertonfc.cz\/wp-content\/uploads\/2019\/05\/logo.png","width":112,"height":112,"caption":"Official Czech & Slovak Everton Supporters' Club"},"image":{"@id":"https:\/\/evertonfc.cz\/#\/schema\/logo\/image\/"},"sameAs":["https:\/\/www.facebook.com\/everton.fans.cz.sk"]}]}},"_links":{"self":[{"href":"https:\/\/evertonfc.cz\/index.php\/wp-json\/wp\/v2\/news\/26586"}],"collection":[{"href":"https:\/\/evertonfc.cz\/index.php\/wp-json\/wp\/v2\/news"}],"about":[{"href":"https:\/\/evertonfc.cz\/index.php\/wp-json\/wp\/v2\/types\/news"}],"author":[{"embeddable":true,"href":"https:\/\/evertonfc.cz\/index.php\/wp-json\/wp\/v2\/users\/26"}],"replies":[{"embeddable":true,"href":"https:\/\/evertonfc.cz\/index.php\/wp-json\/wp\/v2\/comments?post=26586"}],"version-history":[{"count":2,"href":"https:\/\/evertonfc.cz\/index.php\/wp-json\/wp\/v2\/news\/26586\/revisions"}],"predecessor-version":[{"id":26588,"href":"https:\/\/evertonfc.cz\/index.php\/wp-json\/wp\/v2\/news\/26586\/revisions\/26588"}],"wp:attachment":[{"href":"https:\/\/evertonfc.cz\/index.php\/wp-json\/wp\/v2\/media?parent=26586"}],"wp:term":[{"taxonomy":"post_tag","embeddable":true,"href":"https:\/\/evertonfc.cz\/index.php\/wp-json\/wp\/v2\/tags?post=26586"},{"taxonomy":"news-category","embeddable":true,"href":"https:\/\/evertonfc.cz\/index.php\/wp-json\/wp\/v2\/news-category?post=26586"}],"curies":[{"name":"wp","href":"https:\/\/api.w.org\/{rel}","templated":true}]}}