{"id":26814,"date":"2025-05-26T18:16:05","date_gmt":"2025-05-26T16:16:05","guid":{"rendered":"https:\/\/evertonfc.cz\/?post_type=news&#038;p=26814"},"modified":"2025-05-26T18:17:03","modified_gmt":"2025-05-26T16:17:03","slug":"koniec-hostovani-4-hracov","status":"publish","type":"news","link":"https:\/\/evertonfc.cz\/index.php\/news\/koniec-hostovani-4-hracov\/","title":{"rendered":"Koniec hos\u0165ovan\u00ed 4 hr\u00e1\u010dov"},"content":{"rendered":"<p>Everton dnes na svojich str\u00e1nkach ozn\u00e1mil, \u017ee neuplatn\u00ed opcie na k\u00fapu <a href=\"https:\/\/evertonfc.cz\/index.php\/soupiska\/jesper-lindstrom\/\">Jespera <strong>Lindstr\u00f8ma<\/strong><\/a>, <a href=\"https:\/\/evertonfc.cz\/index.php\/soupiska\/orel-mangala\/\">Orela <strong>Mangalu<\/strong><\/a> a <a href=\"https:\/\/evertonfc.cz\/index.php\/soupiska\/orel-mangala\/\">Armanda <strong>Broju<\/strong><\/a>. T\u00edto hr\u00e1\u010di sa teda 1. j\u00fala vracaj\u00fa do svojich matersk\u00fdch klubov. To ist\u00e9 plat\u00ed pre <a href=\"https:\/\/evertonfc.cz\/index.php\/soupiska\/jack-harrison\/\">Jacka <strong>Harrisona<\/strong><\/a>. Ten ale opciu v zmluve nemal. Na opa\u010dnom konci z\u00e1ujmu je v\u0161ak mlad\u00fd <a href=\"https:\/\/evertonfc.cz\/index.php\/soupiska\/carlos-alcaraz\/\">Carlos <strong>Alcaraz<\/strong><\/a>. EFC si nechalo ujs\u0165 klauzulu o trvalom prestupe pri ur\u010ditom po\u010dte \u0161tartov, a tak teraz vyjedn\u00e1va nov\u00e9 podmienky s Flamengom.<\/p>\n","protected":false},"excerpt":{"rendered":"<p>Everton dnes na svojich str\u00e1nkach ozn\u00e1mil, \u017ee neuplatn\u00ed opcie na k\u00fapu Jespera Lindstr\u00f8ma, Orela Mangalu a Armanda Broju. T\u00edto hr\u00e1\u010di&hellip;<\/p>\n","protected":false},"author":1,"featured_media":0,"comment_status":"open","ping_status":"closed","template":"","tags":[],"news-category":[18],"yoast_head":"<!-- This site is optimized with the Yoast SEO plugin v23.4 - https:\/\/yoast.com\/wordpress\/plugins\/seo\/ -->\n<title>Koniec hos\u0165ovan\u00ed 4 hr\u00e1\u010dov - Official Czech &amp; Slovak Everton Supporters&#039; Club<\/title>\n<meta name=\"robots\" content=\"index, follow, max-snippet:-1, max-image-preview:large, max-video-preview:-1\" \/>\n<link rel=\"canonical\" href=\"https:\/\/evertonfc.cz\/index.php\/news\/koniec-hostovani-4-hracov\/\" \/>\n<meta property=\"og:locale\" content=\"cs_CZ\" \/>\n<meta property=\"og:type\" content=\"article\" \/>\n<meta property=\"og:title\" content=\"Koniec hos\u0165ovan\u00ed 4 hr\u00e1\u010dov - Official Czech &amp; Slovak Everton Supporters&#039; Club\" \/>\n<meta property=\"og:description\" content=\"Everton dnes na svojich str\u00e1nkach ozn\u00e1mil, \u017ee neuplatn\u00ed opcie na k\u00fapu Jespera Lindstr\u00f8ma, Orela Mangalu a Armanda Broju. T\u00edto hr\u00e1\u010di&hellip;\" \/>\n<meta property=\"og:url\" content=\"https:\/\/evertonfc.cz\/index.php\/news\/koniec-hostovani-4-hracov\/\" \/>\n<meta property=\"og:site_name\" content=\"Official Czech &amp; Slovak Everton Supporters&#039; Club\" \/>\n<meta property=\"article:publisher\" content=\"https:\/\/www.facebook.com\/everton.fans.cz.sk\" \/>\n<meta property=\"article:modified_time\" content=\"2025-05-26T16:17:03+00:00\" \/>\n<meta name=\"twitter:card\" content=\"summary_large_image\" \/>\n<meta name=\"twitter:label1\" content=\"Odhadovan\u00e1 doba \u010dten\u00ed\" \/>\n\t<meta name=\"twitter:data1\" content=\"1 minuta\" \/>\n<script type=\"application\/ld+json\" class=\"yoast-schema-graph\">{\"@context\":\"https:\/\/schema.org\",\"@graph\":[{\"@type\":\"WebPage\",\"@id\":\"https:\/\/evertonfc.cz\/index.php\/news\/koniec-hostovani-4-hracov\/\",\"url\":\"https:\/\/evertonfc.cz\/index.php\/news\/koniec-hostovani-4-hracov\/\",\"name\":\"Koniec hos\u0165ovan\u00ed 4 hr\u00e1\u010dov - Official Czech &amp; Slovak Everton Supporters&#039; Club\",\"isPartOf\":{\"@id\":\"https:\/\/evertonfc.cz\/#website\"},\"datePublished\":\"2025-05-26T16:16:05+00:00\",\"dateModified\":\"2025-05-26T16:17:03+00:00\",\"breadcrumb\":{\"@id\":\"https:\/\/evertonfc.cz\/index.php\/news\/koniec-hostovani-4-hracov\/#breadcrumb\"},\"inLanguage\":\"cs\",\"potentialAction\":[{\"@type\":\"ReadAction\",\"target\":[\"https:\/\/evertonfc.cz\/index.php\/news\/koniec-hostovani-4-hracov\/\"]}]},{\"@type\":\"BreadcrumbList\",\"@id\":\"https:\/\/evertonfc.cz\/index.php\/news\/koniec-hostovani-4-hracov\/#breadcrumb\",\"itemListElement\":[{\"@type\":\"ListItem\",\"position\":1,\"name\":\"Home\",\"item\":\"https:\/\/evertonfc.cz\/\"},{\"@type\":\"ListItem\",\"position\":2,\"name\":\"News\",\"item\":\"https:\/\/evertonfc.cz\/index.php\/news\/\"},{\"@type\":\"ListItem\",\"position\":3,\"name\":\"Koniec hos\u0165ovan\u00ed 4 hr\u00e1\u010dov\"}]},{\"@type\":\"WebSite\",\"@id\":\"https:\/\/evertonfc.cz\/#website\",\"url\":\"https:\/\/evertonfc.cz\/\",\"name\":\"Official Czech &amp; Slovak Everton Supporters&#039; Club\",\"description\":\"\",\"publisher\":{\"@id\":\"https:\/\/evertonfc.cz\/#organization\"},\"potentialAction\":[{\"@type\":\"SearchAction\",\"target\":{\"@type\":\"EntryPoint\",\"urlTemplate\":\"https:\/\/evertonfc.cz\/?s={search_term_string}\"},\"query-input\":{\"@type\":\"PropertyValueSpecification\",\"valueRequired\":true,\"valueName\":\"search_term_string\"}}],\"inLanguage\":\"cs\"},{\"@type\":\"Organization\",\"@id\":\"https:\/\/evertonfc.cz\/#organization\",\"name\":\"Official Czech & Slovak Everton Supporters' Club\",\"url\":\"https:\/\/evertonfc.cz\/\",\"logo\":{\"@type\":\"ImageObject\",\"inLanguage\":\"cs\",\"@id\":\"https:\/\/evertonfc.cz\/#\/schema\/logo\/image\/\",\"url\":\"https:\/\/evertonfc.cz\/wp-content\/uploads\/2019\/05\/logo.png\",\"contentUrl\":\"https:\/\/evertonfc.cz\/wp-content\/uploads\/2019\/05\/logo.png\",\"width\":112,\"height\":112,\"caption\":\"Official Czech & Slovak Everton Supporters' Club\"},\"image\":{\"@id\":\"https:\/\/evertonfc.cz\/#\/schema\/logo\/image\/\"},\"sameAs\":[\"https:\/\/www.facebook.com\/everton.fans.cz.sk\"]}]}<\/script>\n<!-- \/ Yoast SEO plugin. -->","yoast_head_json":{"title":"Koniec hos\u0165ovan\u00ed 4 hr\u00e1\u010dov - Official Czech &amp; Slovak Everton Supporters&#039; Club","robots":{"index":"index","follow":"follow","max-snippet":"max-snippet:-1","max-image-preview":"max-image-preview:large","max-video-preview":"max-video-preview:-1"},"canonical":"https:\/\/evertonfc.cz\/index.php\/news\/koniec-hostovani-4-hracov\/","og_locale":"cs_CZ","og_type":"article","og_title":"Koniec hos\u0165ovan\u00ed 4 hr\u00e1\u010dov - Official Czech &amp; Slovak Everton Supporters&#039; Club","og_description":"Everton dnes na svojich str\u00e1nkach ozn\u00e1mil, \u017ee neuplatn\u00ed opcie na k\u00fapu Jespera Lindstr\u00f8ma, Orela Mangalu a Armanda Broju. T\u00edto hr\u00e1\u010di&hellip;","og_url":"https:\/\/evertonfc.cz\/index.php\/news\/koniec-hostovani-4-hracov\/","og_site_name":"Official Czech &amp; Slovak Everton Supporters&#039; Club","article_publisher":"https:\/\/www.facebook.com\/everton.fans.cz.sk","article_modified_time":"2025-05-26T16:17:03+00:00","twitter_card":"summary_large_image","twitter_misc":{"Odhadovan\u00e1 doba \u010dten\u00ed":"1 minuta"},"schema":{"@context":"https:\/\/schema.org","@graph":[{"@type":"WebPage","@id":"https:\/\/evertonfc.cz\/index.php\/news\/koniec-hostovani-4-hracov\/","url":"https:\/\/evertonfc.cz\/index.php\/news\/koniec-hostovani-4-hracov\/","name":"Koniec hos\u0165ovan\u00ed 4 hr\u00e1\u010dov - Official Czech &amp; Slovak Everton Supporters&#039; Club","isPartOf":{"@id":"https:\/\/evertonfc.cz\/#website"},"datePublished":"2025-05-26T16:16:05+00:00","dateModified":"2025-05-26T16:17:03+00:00","breadcrumb":{"@id":"https:\/\/evertonfc.cz\/index.php\/news\/koniec-hostovani-4-hracov\/#breadcrumb"},"inLanguage":"cs","potentialAction":[{"@type":"ReadAction","target":["https:\/\/evertonfc.cz\/index.php\/news\/koniec-hostovani-4-hracov\/"]}]},{"@type":"BreadcrumbList","@id":"https:\/\/evertonfc.cz\/index.php\/news\/koniec-hostovani-4-hracov\/#breadcrumb","itemListElement":[{"@type":"ListItem","position":1,"name":"Home","item":"https:\/\/evertonfc.cz\/"},{"@type":"ListItem","position":2,"name":"News","item":"https:\/\/evertonfc.cz\/index.php\/news\/"},{"@type":"ListItem","position":3,"name":"Koniec hos\u0165ovan\u00ed 4 hr\u00e1\u010dov"}]},{"@type":"WebSite","@id":"https:\/\/evertonfc.cz\/#website","url":"https:\/\/evertonfc.cz\/","name":"Official Czech &amp; Slovak Everton Supporters&#039; Club","description":"","publisher":{"@id":"https:\/\/evertonfc.cz\/#organization"},"potentialAction":[{"@type":"SearchAction","target":{"@type":"EntryPoint","urlTemplate":"https:\/\/evertonfc.cz\/?s={search_term_string}"},"query-input":{"@type":"PropertyValueSpecification","valueRequired":true,"valueName":"search_term_string"}}],"inLanguage":"cs"},{"@type":"Organization","@id":"https:\/\/evertonfc.cz\/#organization","name":"Official Czech & Slovak Everton Supporters' Club","url":"https:\/\/evertonfc.cz\/","logo":{"@type":"ImageObject","inLanguage":"cs","@id":"https:\/\/evertonfc.cz\/#\/schema\/logo\/image\/","url":"https:\/\/evertonfc.cz\/wp-content\/uploads\/2019\/05\/logo.png","contentUrl":"https:\/\/evertonfc.cz\/wp-content\/uploads\/2019\/05\/logo.png","width":112,"height":112,"caption":"Official Czech & Slovak Everton Supporters' Club"},"image":{"@id":"https:\/\/evertonfc.cz\/#\/schema\/logo\/image\/"},"sameAs":["https:\/\/www.facebook.com\/everton.fans.cz.sk"]}]}},"_links":{"self":[{"href":"https:\/\/evertonfc.cz\/index.php\/wp-json\/wp\/v2\/news\/26814"}],"collection":[{"href":"https:\/\/evertonfc.cz\/index.php\/wp-json\/wp\/v2\/news"}],"about":[{"href":"https:\/\/evertonfc.cz\/index.php\/wp-json\/wp\/v2\/types\/news"}],"author":[{"embeddable":true,"href":"https:\/\/evertonfc.cz\/index.php\/wp-json\/wp\/v2\/users\/1"}],"replies":[{"embeddable":true,"href":"https:\/\/evertonfc.cz\/index.php\/wp-json\/wp\/v2\/comments?post=26814"}],"version-history":[{"count":7,"href":"https:\/\/evertonfc.cz\/index.php\/wp-json\/wp\/v2\/news\/26814\/revisions"}],"predecessor-version":[{"id":26821,"href":"https:\/\/evertonfc.cz\/index.php\/wp-json\/wp\/v2\/news\/26814\/revisions\/26821"}],"wp:attachment":[{"href":"https:\/\/evertonfc.cz\/index.php\/wp-json\/wp\/v2\/media?parent=26814"}],"wp:term":[{"taxonomy":"post_tag","embeddable":true,"href":"https:\/\/evertonfc.cz\/index.php\/wp-json\/wp\/v2\/tags?post=26814"},{"taxonomy":"news-category","embeddable":true,"href":"https:\/\/evertonfc.cz\/index.php\/wp-json\/wp\/v2\/news-category?post=26814"}],"curies":[{"name":"wp","href":"https:\/\/api.w.org\/{rel}","templated":true}]}}