{"id":26829,"date":"2025-05-27T15:32:27","date_gmt":"2025-05-27T13:32:27","guid":{"rendered":"https:\/\/evertonfc.cz\/?post_type=news&#038;p=26829"},"modified":"2025-05-27T15:34:26","modified_gmt":"2025-05-27T13:34:26","slug":"tragedia-v-liverpoole","status":"publish","type":"news","link":"https:\/\/evertonfc.cz\/index.php\/news\/tragedia-v-liverpoole\/","title":{"rendered":"Trag\u00e9dia v Liverpoole"},"content":{"rendered":"<div class=\"x11i5rnm xat24cr x1mh8g0r x1vvkbs xtlvy1s x126k92a\">\n<div dir=\"auto\">V\u010deraj\u0161ia nehoda po\u010das osl\u00e1v titulu LFC v centre Liverpoolu n\u00e1s zasiahla \u2013 vozidlo narazilo do davu fan\u00fa\u0161ikov na Water Street, zranilo desiatky \u013eud\u00ed a niektor\u00fdch v\u00e1\u017ene. Nie je to vec klubov \u2013 je to vec \u013eud\u00ed z &#8222;n\u00e1\u0161ho mesta&#8220;. Dr\u017e\u00edme palce v\u0161etk\u00fdm zranen\u00fdm a prajeme skor\u00e9 zotavenie. Ve\u013ek\u00e1 v\u010faka patr\u00ed z\u00e1chrann\u00fdm zlo\u017ek\u00e1m, ktor\u00e9 konali r\u00fdchlo a profesion\u00e1lne. Aj ke\u010f sme z opa\u010dnej strany Stanley Parku, v tak\u00fdchto chv\u00ed\u013each nie s\u00fa dresy d\u00f4le\u017eit\u00e9 a rivalita ustupuje bokom. Merseyside dr\u017e\u00ed spolu. Sme jedno mesto, jedna komunita. <a href=\"https:\/\/sita.sk\/hororove-oslavy-v-liverpoole-do-davu-oslavujucich-fanusikov-narazilo-auto\/\"><strong>Viac o trag\u00e9dii tu<\/strong><\/a>.<\/div>\n<\/div>\n","protected":false},"excerpt":{"rendered":"<p>V\u010deraj\u0161ia nehoda po\u010das osl\u00e1v titulu LFC v centre Liverpoolu n\u00e1s zasiahla \u2013 vozidlo narazilo do davu fan\u00fa\u0161ikov na Water Street,&hellip;<\/p>\n","protected":false},"author":1,"featured_media":0,"comment_status":"open","ping_status":"closed","template":"","tags":[],"news-category":[18],"yoast_head":"<!-- This site is optimized with the Yoast SEO plugin v23.4 - https:\/\/yoast.com\/wordpress\/plugins\/seo\/ -->\n<title>Trag\u00e9dia v Liverpoole - Official Czech &amp; Slovak Everton Supporters&#039; Club<\/title>\n<meta name=\"robots\" content=\"index, follow, max-snippet:-1, max-image-preview:large, max-video-preview:-1\" \/>\n<link rel=\"canonical\" href=\"https:\/\/evertonfc.cz\/index.php\/news\/tragedia-v-liverpoole\/\" \/>\n<meta property=\"og:locale\" content=\"cs_CZ\" \/>\n<meta property=\"og:type\" content=\"article\" \/>\n<meta property=\"og:title\" content=\"Trag\u00e9dia v Liverpoole - Official Czech &amp; Slovak Everton Supporters&#039; Club\" \/>\n<meta property=\"og:description\" content=\"V\u010deraj\u0161ia nehoda po\u010das osl\u00e1v titulu LFC v centre Liverpoolu n\u00e1s zasiahla \u2013 vozidlo narazilo do davu fan\u00fa\u0161ikov na Water Street,&hellip;\" \/>\n<meta property=\"og:url\" content=\"https:\/\/evertonfc.cz\/index.php\/news\/tragedia-v-liverpoole\/\" \/>\n<meta property=\"og:site_name\" content=\"Official Czech &amp; Slovak Everton Supporters&#039; Club\" \/>\n<meta property=\"article:publisher\" content=\"https:\/\/www.facebook.com\/everton.fans.cz.sk\" \/>\n<meta property=\"article:modified_time\" content=\"2025-05-27T13:34:26+00:00\" \/>\n<meta name=\"twitter:card\" content=\"summary_large_image\" \/>\n<meta name=\"twitter:label1\" content=\"Odhadovan\u00e1 doba \u010dten\u00ed\" \/>\n\t<meta name=\"twitter:data1\" content=\"1 minuta\" \/>\n<script type=\"application\/ld+json\" class=\"yoast-schema-graph\">{\"@context\":\"https:\/\/schema.org\",\"@graph\":[{\"@type\":\"WebPage\",\"@id\":\"https:\/\/evertonfc.cz\/index.php\/news\/tragedia-v-liverpoole\/\",\"url\":\"https:\/\/evertonfc.cz\/index.php\/news\/tragedia-v-liverpoole\/\",\"name\":\"Trag\u00e9dia v Liverpoole - Official Czech &amp; Slovak Everton Supporters&#039; Club\",\"isPartOf\":{\"@id\":\"https:\/\/evertonfc.cz\/#website\"},\"datePublished\":\"2025-05-27T13:32:27+00:00\",\"dateModified\":\"2025-05-27T13:34:26+00:00\",\"breadcrumb\":{\"@id\":\"https:\/\/evertonfc.cz\/index.php\/news\/tragedia-v-liverpoole\/#breadcrumb\"},\"inLanguage\":\"cs\",\"potentialAction\":[{\"@type\":\"ReadAction\",\"target\":[\"https:\/\/evertonfc.cz\/index.php\/news\/tragedia-v-liverpoole\/\"]}]},{\"@type\":\"BreadcrumbList\",\"@id\":\"https:\/\/evertonfc.cz\/index.php\/news\/tragedia-v-liverpoole\/#breadcrumb\",\"itemListElement\":[{\"@type\":\"ListItem\",\"position\":1,\"name\":\"Home\",\"item\":\"https:\/\/evertonfc.cz\/\"},{\"@type\":\"ListItem\",\"position\":2,\"name\":\"News\",\"item\":\"https:\/\/evertonfc.cz\/index.php\/news\/\"},{\"@type\":\"ListItem\",\"position\":3,\"name\":\"Trag\u00e9dia v Liverpoole\"}]},{\"@type\":\"WebSite\",\"@id\":\"https:\/\/evertonfc.cz\/#website\",\"url\":\"https:\/\/evertonfc.cz\/\",\"name\":\"Official Czech &amp; Slovak Everton Supporters&#039; Club\",\"description\":\"\",\"publisher\":{\"@id\":\"https:\/\/evertonfc.cz\/#organization\"},\"potentialAction\":[{\"@type\":\"SearchAction\",\"target\":{\"@type\":\"EntryPoint\",\"urlTemplate\":\"https:\/\/evertonfc.cz\/?s={search_term_string}\"},\"query-input\":{\"@type\":\"PropertyValueSpecification\",\"valueRequired\":true,\"valueName\":\"search_term_string\"}}],\"inLanguage\":\"cs\"},{\"@type\":\"Organization\",\"@id\":\"https:\/\/evertonfc.cz\/#organization\",\"name\":\"Official Czech & Slovak Everton Supporters' Club\",\"url\":\"https:\/\/evertonfc.cz\/\",\"logo\":{\"@type\":\"ImageObject\",\"inLanguage\":\"cs\",\"@id\":\"https:\/\/evertonfc.cz\/#\/schema\/logo\/image\/\",\"url\":\"https:\/\/evertonfc.cz\/wp-content\/uploads\/2019\/05\/logo.png\",\"contentUrl\":\"https:\/\/evertonfc.cz\/wp-content\/uploads\/2019\/05\/logo.png\",\"width\":112,\"height\":112,\"caption\":\"Official Czech & Slovak Everton Supporters' Club\"},\"image\":{\"@id\":\"https:\/\/evertonfc.cz\/#\/schema\/logo\/image\/\"},\"sameAs\":[\"https:\/\/www.facebook.com\/everton.fans.cz.sk\"]}]}<\/script>\n<!-- \/ Yoast SEO plugin. -->","yoast_head_json":{"title":"Trag\u00e9dia v Liverpoole - Official Czech &amp; Slovak Everton Supporters&#039; Club","robots":{"index":"index","follow":"follow","max-snippet":"max-snippet:-1","max-image-preview":"max-image-preview:large","max-video-preview":"max-video-preview:-1"},"canonical":"https:\/\/evertonfc.cz\/index.php\/news\/tragedia-v-liverpoole\/","og_locale":"cs_CZ","og_type":"article","og_title":"Trag\u00e9dia v Liverpoole - Official Czech &amp; Slovak Everton Supporters&#039; Club","og_description":"V\u010deraj\u0161ia nehoda po\u010das osl\u00e1v titulu LFC v centre Liverpoolu n\u00e1s zasiahla \u2013 vozidlo narazilo do davu fan\u00fa\u0161ikov na Water Street,&hellip;","og_url":"https:\/\/evertonfc.cz\/index.php\/news\/tragedia-v-liverpoole\/","og_site_name":"Official Czech &amp; Slovak Everton Supporters&#039; Club","article_publisher":"https:\/\/www.facebook.com\/everton.fans.cz.sk","article_modified_time":"2025-05-27T13:34:26+00:00","twitter_card":"summary_large_image","twitter_misc":{"Odhadovan\u00e1 doba \u010dten\u00ed":"1 minuta"},"schema":{"@context":"https:\/\/schema.org","@graph":[{"@type":"WebPage","@id":"https:\/\/evertonfc.cz\/index.php\/news\/tragedia-v-liverpoole\/","url":"https:\/\/evertonfc.cz\/index.php\/news\/tragedia-v-liverpoole\/","name":"Trag\u00e9dia v Liverpoole - Official Czech &amp; Slovak Everton Supporters&#039; Club","isPartOf":{"@id":"https:\/\/evertonfc.cz\/#website"},"datePublished":"2025-05-27T13:32:27+00:00","dateModified":"2025-05-27T13:34:26+00:00","breadcrumb":{"@id":"https:\/\/evertonfc.cz\/index.php\/news\/tragedia-v-liverpoole\/#breadcrumb"},"inLanguage":"cs","potentialAction":[{"@type":"ReadAction","target":["https:\/\/evertonfc.cz\/index.php\/news\/tragedia-v-liverpoole\/"]}]},{"@type":"BreadcrumbList","@id":"https:\/\/evertonfc.cz\/index.php\/news\/tragedia-v-liverpoole\/#breadcrumb","itemListElement":[{"@type":"ListItem","position":1,"name":"Home","item":"https:\/\/evertonfc.cz\/"},{"@type":"ListItem","position":2,"name":"News","item":"https:\/\/evertonfc.cz\/index.php\/news\/"},{"@type":"ListItem","position":3,"name":"Trag\u00e9dia v Liverpoole"}]},{"@type":"WebSite","@id":"https:\/\/evertonfc.cz\/#website","url":"https:\/\/evertonfc.cz\/","name":"Official Czech &amp; Slovak Everton Supporters&#039; Club","description":"","publisher":{"@id":"https:\/\/evertonfc.cz\/#organization"},"potentialAction":[{"@type":"SearchAction","target":{"@type":"EntryPoint","urlTemplate":"https:\/\/evertonfc.cz\/?s={search_term_string}"},"query-input":{"@type":"PropertyValueSpecification","valueRequired":true,"valueName":"search_term_string"}}],"inLanguage":"cs"},{"@type":"Organization","@id":"https:\/\/evertonfc.cz\/#organization","name":"Official Czech & Slovak Everton Supporters' Club","url":"https:\/\/evertonfc.cz\/","logo":{"@type":"ImageObject","inLanguage":"cs","@id":"https:\/\/evertonfc.cz\/#\/schema\/logo\/image\/","url":"https:\/\/evertonfc.cz\/wp-content\/uploads\/2019\/05\/logo.png","contentUrl":"https:\/\/evertonfc.cz\/wp-content\/uploads\/2019\/05\/logo.png","width":112,"height":112,"caption":"Official Czech & Slovak Everton Supporters' Club"},"image":{"@id":"https:\/\/evertonfc.cz\/#\/schema\/logo\/image\/"},"sameAs":["https:\/\/www.facebook.com\/everton.fans.cz.sk"]}]}},"_links":{"self":[{"href":"https:\/\/evertonfc.cz\/index.php\/wp-json\/wp\/v2\/news\/26829"}],"collection":[{"href":"https:\/\/evertonfc.cz\/index.php\/wp-json\/wp\/v2\/news"}],"about":[{"href":"https:\/\/evertonfc.cz\/index.php\/wp-json\/wp\/v2\/types\/news"}],"author":[{"embeddable":true,"href":"https:\/\/evertonfc.cz\/index.php\/wp-json\/wp\/v2\/users\/1"}],"replies":[{"embeddable":true,"href":"https:\/\/evertonfc.cz\/index.php\/wp-json\/wp\/v2\/comments?post=26829"}],"version-history":[{"count":5,"href":"https:\/\/evertonfc.cz\/index.php\/wp-json\/wp\/v2\/news\/26829\/revisions"}],"predecessor-version":[{"id":26834,"href":"https:\/\/evertonfc.cz\/index.php\/wp-json\/wp\/v2\/news\/26829\/revisions\/26834"}],"wp:attachment":[{"href":"https:\/\/evertonfc.cz\/index.php\/wp-json\/wp\/v2\/media?parent=26829"}],"wp:term":[{"taxonomy":"post_tag","embeddable":true,"href":"https:\/\/evertonfc.cz\/index.php\/wp-json\/wp\/v2\/tags?post=26829"},{"taxonomy":"news-category","embeddable":true,"href":"https:\/\/evertonfc.cz\/index.php\/wp-json\/wp\/v2\/news-category?post=26829"}],"curies":[{"name":"wp","href":"https:\/\/api.w.org\/{rel}","templated":true}]}}