{"id":26835,"date":"2025-05-31T20:16:09","date_gmt":"2025-05-31T18:16:09","guid":{"rendered":"https:\/\/evertonfc.cz\/?post_type=news&#038;p=26835"},"modified":"2025-05-31T20:16:09","modified_gmt":"2025-05-31T18:16:09","slug":"everton-koupil-alcaraze","status":"publish","type":"news","link":"https:\/\/evertonfc.cz\/index.php\/news\/everton-koupil-alcaraze\/","title":{"rendered":"Everton koupil Alcaraze"},"content":{"rendered":"<p>Toffees vyu\u017eili opci na hostov\u00e1n\u00ed Carlose Alcaraze a po \u00fasp\u011b\u0161n\u00e9m p\u016flroce ho z\u00edsk\u00e1vaj\u00ed z Flamenga za 12,6 milionu liber. Dal\u0161\u00edch 2,5 milionu liber m\u016f\u017ee brazilsk\u00fd celek z\u00edskat prost\u0159ednictv\u00edm v\u00fdkonnostn\u00edch bonus\u016f.<\/p>\n<p>Dvaadvacetilet\u00fd ofenzivn\u00ed argentinsk\u00fd z\u00e1lo\u017en\u00edk nastoupil na ja\u0159e v lize sedmkr\u00e1t v z\u00e1kladn\u00ed sestav\u011b a v dal\u0161\u00edch dev\u00edti z\u00e1pasech p\u0159i\u0161el na h\u0159i\u0161t\u011b jako st\u0159\u00eddaj\u00edc\u00ed hr\u00e1\u010d. B\u011bhem t\u00e9to doby vst\u0159elil dv\u011b branky a na dal\u0161\u00ed t\u0159i p\u0159ihr\u00e1l.<\/p>\n<p>V Evertonu podepsal smlouvu na dva roky, p\u0159i\u010dem\u017e klub m\u00e1 mo\u017enost prodlou\u017eit ji o dal\u0161\u00ed rok.<\/p>\n","protected":false},"excerpt":{"rendered":"<p>Toffees vyu\u017eili opci na hostov\u00e1n\u00ed Carlose Alcaraze a po \u00fasp\u011b\u0161n\u00e9m p\u016flroce ho z\u00edsk\u00e1vaj\u00ed z Flamenga za 12,6 milionu liber. Dal\u0161\u00edch&hellip;<\/p>\n","protected":false},"author":6,"featured_media":0,"comment_status":"open","ping_status":"closed","template":"","tags":[],"news-category":[18],"yoast_head":"<!-- This site is optimized with the Yoast SEO plugin v23.4 - https:\/\/yoast.com\/wordpress\/plugins\/seo\/ -->\n<title>Everton koupil Alcaraze - Official Czech &amp; Slovak Everton Supporters&#039; Club<\/title>\n<meta name=\"robots\" content=\"index, follow, max-snippet:-1, max-image-preview:large, max-video-preview:-1\" \/>\n<link rel=\"canonical\" href=\"https:\/\/evertonfc.cz\/index.php\/news\/everton-koupil-alcaraze\/\" \/>\n<meta property=\"og:locale\" content=\"cs_CZ\" \/>\n<meta property=\"og:type\" content=\"article\" \/>\n<meta property=\"og:title\" content=\"Everton koupil Alcaraze - Official Czech &amp; Slovak Everton Supporters&#039; Club\" \/>\n<meta property=\"og:description\" content=\"Toffees vyu\u017eili opci na hostov\u00e1n\u00ed Carlose Alcaraze a po \u00fasp\u011b\u0161n\u00e9m p\u016flroce ho z\u00edsk\u00e1vaj\u00ed z Flamenga za 12,6 milionu liber. Dal\u0161\u00edch&hellip;\" \/>\n<meta property=\"og:url\" content=\"https:\/\/evertonfc.cz\/index.php\/news\/everton-koupil-alcaraze\/\" \/>\n<meta property=\"og:site_name\" content=\"Official Czech &amp; Slovak Everton Supporters&#039; Club\" \/>\n<meta property=\"article:publisher\" content=\"https:\/\/www.facebook.com\/everton.fans.cz.sk\" \/>\n<meta name=\"twitter:card\" content=\"summary_large_image\" \/>\n<meta name=\"twitter:label1\" content=\"Odhadovan\u00e1 doba \u010dten\u00ed\" \/>\n\t<meta name=\"twitter:data1\" content=\"1 minuta\" \/>\n<script type=\"application\/ld+json\" class=\"yoast-schema-graph\">{\"@context\":\"https:\/\/schema.org\",\"@graph\":[{\"@type\":\"WebPage\",\"@id\":\"https:\/\/evertonfc.cz\/index.php\/news\/everton-koupil-alcaraze\/\",\"url\":\"https:\/\/evertonfc.cz\/index.php\/news\/everton-koupil-alcaraze\/\",\"name\":\"Everton koupil Alcaraze - Official Czech &amp; Slovak Everton Supporters&#039; Club\",\"isPartOf\":{\"@id\":\"https:\/\/evertonfc.cz\/#website\"},\"datePublished\":\"2025-05-31T18:16:09+00:00\",\"dateModified\":\"2025-05-31T18:16:09+00:00\",\"breadcrumb\":{\"@id\":\"https:\/\/evertonfc.cz\/index.php\/news\/everton-koupil-alcaraze\/#breadcrumb\"},\"inLanguage\":\"cs\",\"potentialAction\":[{\"@type\":\"ReadAction\",\"target\":[\"https:\/\/evertonfc.cz\/index.php\/news\/everton-koupil-alcaraze\/\"]}]},{\"@type\":\"BreadcrumbList\",\"@id\":\"https:\/\/evertonfc.cz\/index.php\/news\/everton-koupil-alcaraze\/#breadcrumb\",\"itemListElement\":[{\"@type\":\"ListItem\",\"position\":1,\"name\":\"Home\",\"item\":\"https:\/\/evertonfc.cz\/\"},{\"@type\":\"ListItem\",\"position\":2,\"name\":\"News\",\"item\":\"https:\/\/evertonfc.cz\/index.php\/news\/\"},{\"@type\":\"ListItem\",\"position\":3,\"name\":\"Everton koupil Alcaraze\"}]},{\"@type\":\"WebSite\",\"@id\":\"https:\/\/evertonfc.cz\/#website\",\"url\":\"https:\/\/evertonfc.cz\/\",\"name\":\"Official Czech &amp; Slovak Everton Supporters&#039; Club\",\"description\":\"\",\"publisher\":{\"@id\":\"https:\/\/evertonfc.cz\/#organization\"},\"potentialAction\":[{\"@type\":\"SearchAction\",\"target\":{\"@type\":\"EntryPoint\",\"urlTemplate\":\"https:\/\/evertonfc.cz\/?s={search_term_string}\"},\"query-input\":{\"@type\":\"PropertyValueSpecification\",\"valueRequired\":true,\"valueName\":\"search_term_string\"}}],\"inLanguage\":\"cs\"},{\"@type\":\"Organization\",\"@id\":\"https:\/\/evertonfc.cz\/#organization\",\"name\":\"Official Czech & Slovak Everton Supporters' Club\",\"url\":\"https:\/\/evertonfc.cz\/\",\"logo\":{\"@type\":\"ImageObject\",\"inLanguage\":\"cs\",\"@id\":\"https:\/\/evertonfc.cz\/#\/schema\/logo\/image\/\",\"url\":\"https:\/\/evertonfc.cz\/wp-content\/uploads\/2019\/05\/logo.png\",\"contentUrl\":\"https:\/\/evertonfc.cz\/wp-content\/uploads\/2019\/05\/logo.png\",\"width\":112,\"height\":112,\"caption\":\"Official Czech & Slovak Everton Supporters' Club\"},\"image\":{\"@id\":\"https:\/\/evertonfc.cz\/#\/schema\/logo\/image\/\"},\"sameAs\":[\"https:\/\/www.facebook.com\/everton.fans.cz.sk\"]}]}<\/script>\n<!-- \/ Yoast SEO plugin. -->","yoast_head_json":{"title":"Everton koupil Alcaraze - Official Czech &amp; Slovak Everton Supporters&#039; Club","robots":{"index":"index","follow":"follow","max-snippet":"max-snippet:-1","max-image-preview":"max-image-preview:large","max-video-preview":"max-video-preview:-1"},"canonical":"https:\/\/evertonfc.cz\/index.php\/news\/everton-koupil-alcaraze\/","og_locale":"cs_CZ","og_type":"article","og_title":"Everton koupil Alcaraze - Official Czech &amp; Slovak Everton Supporters&#039; Club","og_description":"Toffees vyu\u017eili opci na hostov\u00e1n\u00ed Carlose Alcaraze a po \u00fasp\u011b\u0161n\u00e9m p\u016flroce ho z\u00edsk\u00e1vaj\u00ed z Flamenga za 12,6 milionu liber. Dal\u0161\u00edch&hellip;","og_url":"https:\/\/evertonfc.cz\/index.php\/news\/everton-koupil-alcaraze\/","og_site_name":"Official Czech &amp; Slovak Everton Supporters&#039; Club","article_publisher":"https:\/\/www.facebook.com\/everton.fans.cz.sk","twitter_card":"summary_large_image","twitter_misc":{"Odhadovan\u00e1 doba \u010dten\u00ed":"1 minuta"},"schema":{"@context":"https:\/\/schema.org","@graph":[{"@type":"WebPage","@id":"https:\/\/evertonfc.cz\/index.php\/news\/everton-koupil-alcaraze\/","url":"https:\/\/evertonfc.cz\/index.php\/news\/everton-koupil-alcaraze\/","name":"Everton koupil Alcaraze - Official Czech &amp; Slovak Everton Supporters&#039; Club","isPartOf":{"@id":"https:\/\/evertonfc.cz\/#website"},"datePublished":"2025-05-31T18:16:09+00:00","dateModified":"2025-05-31T18:16:09+00:00","breadcrumb":{"@id":"https:\/\/evertonfc.cz\/index.php\/news\/everton-koupil-alcaraze\/#breadcrumb"},"inLanguage":"cs","potentialAction":[{"@type":"ReadAction","target":["https:\/\/evertonfc.cz\/index.php\/news\/everton-koupil-alcaraze\/"]}]},{"@type":"BreadcrumbList","@id":"https:\/\/evertonfc.cz\/index.php\/news\/everton-koupil-alcaraze\/#breadcrumb","itemListElement":[{"@type":"ListItem","position":1,"name":"Home","item":"https:\/\/evertonfc.cz\/"},{"@type":"ListItem","position":2,"name":"News","item":"https:\/\/evertonfc.cz\/index.php\/news\/"},{"@type":"ListItem","position":3,"name":"Everton koupil Alcaraze"}]},{"@type":"WebSite","@id":"https:\/\/evertonfc.cz\/#website","url":"https:\/\/evertonfc.cz\/","name":"Official Czech &amp; Slovak Everton Supporters&#039; Club","description":"","publisher":{"@id":"https:\/\/evertonfc.cz\/#organization"},"potentialAction":[{"@type":"SearchAction","target":{"@type":"EntryPoint","urlTemplate":"https:\/\/evertonfc.cz\/?s={search_term_string}"},"query-input":{"@type":"PropertyValueSpecification","valueRequired":true,"valueName":"search_term_string"}}],"inLanguage":"cs"},{"@type":"Organization","@id":"https:\/\/evertonfc.cz\/#organization","name":"Official Czech & Slovak Everton Supporters' Club","url":"https:\/\/evertonfc.cz\/","logo":{"@type":"ImageObject","inLanguage":"cs","@id":"https:\/\/evertonfc.cz\/#\/schema\/logo\/image\/","url":"https:\/\/evertonfc.cz\/wp-content\/uploads\/2019\/05\/logo.png","contentUrl":"https:\/\/evertonfc.cz\/wp-content\/uploads\/2019\/05\/logo.png","width":112,"height":112,"caption":"Official Czech & Slovak Everton Supporters' Club"},"image":{"@id":"https:\/\/evertonfc.cz\/#\/schema\/logo\/image\/"},"sameAs":["https:\/\/www.facebook.com\/everton.fans.cz.sk"]}]}},"_links":{"self":[{"href":"https:\/\/evertonfc.cz\/index.php\/wp-json\/wp\/v2\/news\/26835"}],"collection":[{"href":"https:\/\/evertonfc.cz\/index.php\/wp-json\/wp\/v2\/news"}],"about":[{"href":"https:\/\/evertonfc.cz\/index.php\/wp-json\/wp\/v2\/types\/news"}],"author":[{"embeddable":true,"href":"https:\/\/evertonfc.cz\/index.php\/wp-json\/wp\/v2\/users\/6"}],"replies":[{"embeddable":true,"href":"https:\/\/evertonfc.cz\/index.php\/wp-json\/wp\/v2\/comments?post=26835"}],"version-history":[{"count":1,"href":"https:\/\/evertonfc.cz\/index.php\/wp-json\/wp\/v2\/news\/26835\/revisions"}],"predecessor-version":[{"id":26836,"href":"https:\/\/evertonfc.cz\/index.php\/wp-json\/wp\/v2\/news\/26835\/revisions\/26836"}],"wp:attachment":[{"href":"https:\/\/evertonfc.cz\/index.php\/wp-json\/wp\/v2\/media?parent=26835"}],"wp:term":[{"taxonomy":"post_tag","embeddable":true,"href":"https:\/\/evertonfc.cz\/index.php\/wp-json\/wp\/v2\/tags?post=26835"},{"taxonomy":"news-category","embeddable":true,"href":"https:\/\/evertonfc.cz\/index.php\/wp-json\/wp\/v2\/news-category?post=26835"}],"curies":[{"name":"wp","href":"https:\/\/api.w.org\/{rel}","templated":true}]}}