{"id":26904,"date":"2025-06-18T11:09:08","date_gmt":"2025-06-18T09:09:08","guid":{"rendered":"https:\/\/evertonfc.cz\/?post_type=news&#038;p=26904"},"modified":"2025-06-19T07:42:55","modified_gmt":"2025-06-19T05:42:55","slug":"everton-zahaji-novy-ligovy-rocnik-v-leedsu","status":"publish","type":"news","link":"https:\/\/evertonfc.cz\/index.php\/news\/everton-zahaji-novy-ligovy-rocnik-v-leedsu\/","title":{"rendered":"Everton zah\u00e1j\u00ed nov\u00fd ligov\u00fd ro\u010dn\u00edk v Leedsu"},"content":{"rendered":"<p>Los nov\u00e9 sez\u00f3ny Premier League ur\u010dil, \u017ee Toffees se v prvn\u00edm kole v pond\u011bl\u00ed 18. srpna p\u0159edstav\u00ed na Elland Road, kde bude hostit nov\u00e1\u010dek Leeds United.<\/p>\n<p>Historicky prvn\u00ed ligov\u00e9 utk\u00e1n\u00ed v nov\u00e9m domov\u011b Hill Dickinson Stadium se odehraje o t\u00fdden pozd\u011bji proti Brightonu.<\/p>\n<p>\u00davodn\u00ed Merseyside derby p\u0159iv\u00edt\u00e1 Anfield v p\u00e1t\u00e9m kole o v\u00edkendu 20. z\u00e1\u0159\u00ed. Odveta v Bramley Moore Dock je potom napl\u00e1nov\u00e1na na duben.<\/p>\n<p>Sez\u00f3nu, doufejme \u00fasp\u011b\u0161nou, zakon\u010d\u00ed Everton na p\u016fd\u011b Tottenhamu na konci kv\u011btna.<\/p>\n<p>Kompletn\u00ed rozpis ligov\u00fdch i p\u0159\u00edpravn\u00fdch z\u00e1pas\u016f najdete <a href=\"https:\/\/evertonfc.cz\/index.php\/zapasy\/\">na na\u0161em webu<\/a>.<\/p>\n","protected":false},"excerpt":{"rendered":"<p>Los nov\u00e9 sez\u00f3ny Premier League ur\u010dil, \u017ee Toffees se v prvn\u00edm kole v pond\u011bl\u00ed 18. srpna p\u0159edstav\u00ed na Elland Road,&hellip;<\/p>\n","protected":false},"author":6,"featured_media":0,"comment_status":"open","ping_status":"closed","template":"","tags":[],"news-category":[18],"yoast_head":"<!-- This site is optimized with the Yoast SEO plugin v23.4 - https:\/\/yoast.com\/wordpress\/plugins\/seo\/ -->\n<title>Everton zah\u00e1j\u00ed nov\u00fd ligov\u00fd ro\u010dn\u00edk v Leedsu - Official Czech &amp; Slovak Everton Supporters&#039; Club<\/title>\n<meta name=\"robots\" content=\"index, follow, max-snippet:-1, max-image-preview:large, max-video-preview:-1\" \/>\n<link rel=\"canonical\" href=\"https:\/\/evertonfc.cz\/index.php\/news\/everton-zahaji-novy-ligovy-rocnik-v-leedsu\/\" \/>\n<meta property=\"og:locale\" content=\"cs_CZ\" \/>\n<meta property=\"og:type\" content=\"article\" \/>\n<meta property=\"og:title\" content=\"Everton zah\u00e1j\u00ed nov\u00fd ligov\u00fd ro\u010dn\u00edk v Leedsu - Official Czech &amp; Slovak Everton Supporters&#039; Club\" \/>\n<meta property=\"og:description\" content=\"Los nov\u00e9 sez\u00f3ny Premier League ur\u010dil, \u017ee Toffees se v prvn\u00edm kole v pond\u011bl\u00ed 18. srpna p\u0159edstav\u00ed na Elland Road,&hellip;\" \/>\n<meta property=\"og:url\" content=\"https:\/\/evertonfc.cz\/index.php\/news\/everton-zahaji-novy-ligovy-rocnik-v-leedsu\/\" \/>\n<meta property=\"og:site_name\" content=\"Official Czech &amp; Slovak Everton Supporters&#039; Club\" \/>\n<meta property=\"article:publisher\" content=\"https:\/\/www.facebook.com\/everton.fans.cz.sk\" \/>\n<meta property=\"article:modified_time\" content=\"2025-06-19T05:42:55+00:00\" \/>\n<meta name=\"twitter:card\" content=\"summary_large_image\" \/>\n<meta name=\"twitter:label1\" content=\"Odhadovan\u00e1 doba \u010dten\u00ed\" \/>\n\t<meta name=\"twitter:data1\" content=\"1 minuta\" \/>\n<script type=\"application\/ld+json\" class=\"yoast-schema-graph\">{\"@context\":\"https:\/\/schema.org\",\"@graph\":[{\"@type\":\"WebPage\",\"@id\":\"https:\/\/evertonfc.cz\/index.php\/news\/everton-zahaji-novy-ligovy-rocnik-v-leedsu\/\",\"url\":\"https:\/\/evertonfc.cz\/index.php\/news\/everton-zahaji-novy-ligovy-rocnik-v-leedsu\/\",\"name\":\"Everton zah\u00e1j\u00ed nov\u00fd ligov\u00fd ro\u010dn\u00edk v Leedsu - Official Czech &amp; Slovak Everton Supporters&#039; Club\",\"isPartOf\":{\"@id\":\"https:\/\/evertonfc.cz\/#website\"},\"datePublished\":\"2025-06-18T09:09:08+00:00\",\"dateModified\":\"2025-06-19T05:42:55+00:00\",\"breadcrumb\":{\"@id\":\"https:\/\/evertonfc.cz\/index.php\/news\/everton-zahaji-novy-ligovy-rocnik-v-leedsu\/#breadcrumb\"},\"inLanguage\":\"cs\",\"potentialAction\":[{\"@type\":\"ReadAction\",\"target\":[\"https:\/\/evertonfc.cz\/index.php\/news\/everton-zahaji-novy-ligovy-rocnik-v-leedsu\/\"]}]},{\"@type\":\"BreadcrumbList\",\"@id\":\"https:\/\/evertonfc.cz\/index.php\/news\/everton-zahaji-novy-ligovy-rocnik-v-leedsu\/#breadcrumb\",\"itemListElement\":[{\"@type\":\"ListItem\",\"position\":1,\"name\":\"Home\",\"item\":\"https:\/\/evertonfc.cz\/\"},{\"@type\":\"ListItem\",\"position\":2,\"name\":\"News\",\"item\":\"https:\/\/evertonfc.cz\/index.php\/news\/\"},{\"@type\":\"ListItem\",\"position\":3,\"name\":\"Everton zah\u00e1j\u00ed nov\u00fd ligov\u00fd ro\u010dn\u00edk v Leedsu\"}]},{\"@type\":\"WebSite\",\"@id\":\"https:\/\/evertonfc.cz\/#website\",\"url\":\"https:\/\/evertonfc.cz\/\",\"name\":\"Official Czech &amp; Slovak Everton Supporters&#039; Club\",\"description\":\"\",\"publisher\":{\"@id\":\"https:\/\/evertonfc.cz\/#organization\"},\"potentialAction\":[{\"@type\":\"SearchAction\",\"target\":{\"@type\":\"EntryPoint\",\"urlTemplate\":\"https:\/\/evertonfc.cz\/?s={search_term_string}\"},\"query-input\":{\"@type\":\"PropertyValueSpecification\",\"valueRequired\":true,\"valueName\":\"search_term_string\"}}],\"inLanguage\":\"cs\"},{\"@type\":\"Organization\",\"@id\":\"https:\/\/evertonfc.cz\/#organization\",\"name\":\"Official Czech & Slovak Everton Supporters' Club\",\"url\":\"https:\/\/evertonfc.cz\/\",\"logo\":{\"@type\":\"ImageObject\",\"inLanguage\":\"cs\",\"@id\":\"https:\/\/evertonfc.cz\/#\/schema\/logo\/image\/\",\"url\":\"https:\/\/evertonfc.cz\/wp-content\/uploads\/2019\/05\/logo.png\",\"contentUrl\":\"https:\/\/evertonfc.cz\/wp-content\/uploads\/2019\/05\/logo.png\",\"width\":112,\"height\":112,\"caption\":\"Official Czech & Slovak Everton Supporters' Club\"},\"image\":{\"@id\":\"https:\/\/evertonfc.cz\/#\/schema\/logo\/image\/\"},\"sameAs\":[\"https:\/\/www.facebook.com\/everton.fans.cz.sk\"]}]}<\/script>\n<!-- \/ Yoast SEO plugin. -->","yoast_head_json":{"title":"Everton zah\u00e1j\u00ed nov\u00fd ligov\u00fd ro\u010dn\u00edk v Leedsu - Official Czech &amp; Slovak Everton Supporters&#039; Club","robots":{"index":"index","follow":"follow","max-snippet":"max-snippet:-1","max-image-preview":"max-image-preview:large","max-video-preview":"max-video-preview:-1"},"canonical":"https:\/\/evertonfc.cz\/index.php\/news\/everton-zahaji-novy-ligovy-rocnik-v-leedsu\/","og_locale":"cs_CZ","og_type":"article","og_title":"Everton zah\u00e1j\u00ed nov\u00fd ligov\u00fd ro\u010dn\u00edk v Leedsu - Official Czech &amp; Slovak Everton Supporters&#039; Club","og_description":"Los nov\u00e9 sez\u00f3ny Premier League ur\u010dil, \u017ee Toffees se v prvn\u00edm kole v pond\u011bl\u00ed 18. srpna p\u0159edstav\u00ed na Elland Road,&hellip;","og_url":"https:\/\/evertonfc.cz\/index.php\/news\/everton-zahaji-novy-ligovy-rocnik-v-leedsu\/","og_site_name":"Official Czech &amp; Slovak Everton Supporters&#039; Club","article_publisher":"https:\/\/www.facebook.com\/everton.fans.cz.sk","article_modified_time":"2025-06-19T05:42:55+00:00","twitter_card":"summary_large_image","twitter_misc":{"Odhadovan\u00e1 doba \u010dten\u00ed":"1 minuta"},"schema":{"@context":"https:\/\/schema.org","@graph":[{"@type":"WebPage","@id":"https:\/\/evertonfc.cz\/index.php\/news\/everton-zahaji-novy-ligovy-rocnik-v-leedsu\/","url":"https:\/\/evertonfc.cz\/index.php\/news\/everton-zahaji-novy-ligovy-rocnik-v-leedsu\/","name":"Everton zah\u00e1j\u00ed nov\u00fd ligov\u00fd ro\u010dn\u00edk v Leedsu - Official Czech &amp; Slovak Everton Supporters&#039; Club","isPartOf":{"@id":"https:\/\/evertonfc.cz\/#website"},"datePublished":"2025-06-18T09:09:08+00:00","dateModified":"2025-06-19T05:42:55+00:00","breadcrumb":{"@id":"https:\/\/evertonfc.cz\/index.php\/news\/everton-zahaji-novy-ligovy-rocnik-v-leedsu\/#breadcrumb"},"inLanguage":"cs","potentialAction":[{"@type":"ReadAction","target":["https:\/\/evertonfc.cz\/index.php\/news\/everton-zahaji-novy-ligovy-rocnik-v-leedsu\/"]}]},{"@type":"BreadcrumbList","@id":"https:\/\/evertonfc.cz\/index.php\/news\/everton-zahaji-novy-ligovy-rocnik-v-leedsu\/#breadcrumb","itemListElement":[{"@type":"ListItem","position":1,"name":"Home","item":"https:\/\/evertonfc.cz\/"},{"@type":"ListItem","position":2,"name":"News","item":"https:\/\/evertonfc.cz\/index.php\/news\/"},{"@type":"ListItem","position":3,"name":"Everton zah\u00e1j\u00ed nov\u00fd ligov\u00fd ro\u010dn\u00edk v Leedsu"}]},{"@type":"WebSite","@id":"https:\/\/evertonfc.cz\/#website","url":"https:\/\/evertonfc.cz\/","name":"Official Czech &amp; Slovak Everton Supporters&#039; Club","description":"","publisher":{"@id":"https:\/\/evertonfc.cz\/#organization"},"potentialAction":[{"@type":"SearchAction","target":{"@type":"EntryPoint","urlTemplate":"https:\/\/evertonfc.cz\/?s={search_term_string}"},"query-input":{"@type":"PropertyValueSpecification","valueRequired":true,"valueName":"search_term_string"}}],"inLanguage":"cs"},{"@type":"Organization","@id":"https:\/\/evertonfc.cz\/#organization","name":"Official Czech & Slovak Everton Supporters' Club","url":"https:\/\/evertonfc.cz\/","logo":{"@type":"ImageObject","inLanguage":"cs","@id":"https:\/\/evertonfc.cz\/#\/schema\/logo\/image\/","url":"https:\/\/evertonfc.cz\/wp-content\/uploads\/2019\/05\/logo.png","contentUrl":"https:\/\/evertonfc.cz\/wp-content\/uploads\/2019\/05\/logo.png","width":112,"height":112,"caption":"Official Czech & Slovak Everton Supporters' Club"},"image":{"@id":"https:\/\/evertonfc.cz\/#\/schema\/logo\/image\/"},"sameAs":["https:\/\/www.facebook.com\/everton.fans.cz.sk"]}]}},"_links":{"self":[{"href":"https:\/\/evertonfc.cz\/index.php\/wp-json\/wp\/v2\/news\/26904"}],"collection":[{"href":"https:\/\/evertonfc.cz\/index.php\/wp-json\/wp\/v2\/news"}],"about":[{"href":"https:\/\/evertonfc.cz\/index.php\/wp-json\/wp\/v2\/types\/news"}],"author":[{"embeddable":true,"href":"https:\/\/evertonfc.cz\/index.php\/wp-json\/wp\/v2\/users\/6"}],"replies":[{"embeddable":true,"href":"https:\/\/evertonfc.cz\/index.php\/wp-json\/wp\/v2\/comments?post=26904"}],"version-history":[{"count":2,"href":"https:\/\/evertonfc.cz\/index.php\/wp-json\/wp\/v2\/news\/26904\/revisions"}],"predecessor-version":[{"id":26915,"href":"https:\/\/evertonfc.cz\/index.php\/wp-json\/wp\/v2\/news\/26904\/revisions\/26915"}],"wp:attachment":[{"href":"https:\/\/evertonfc.cz\/index.php\/wp-json\/wp\/v2\/media?parent=26904"}],"wp:term":[{"taxonomy":"post_tag","embeddable":true,"href":"https:\/\/evertonfc.cz\/index.php\/wp-json\/wp\/v2\/tags?post=26904"},{"taxonomy":"news-category","embeddable":true,"href":"https:\/\/evertonfc.cz\/index.php\/wp-json\/wp\/v2\/news-category?post=26904"}],"curies":[{"name":"wp","href":"https:\/\/api.w.org\/{rel}","templated":true}]}}