{"id":26912,"date":"2025-06-18T18:44:48","date_gmt":"2025-06-18T16:44:48","guid":{"rendered":"https:\/\/evertonfc.cz\/?post_type=news&#038;p=26912"},"modified":"2025-06-19T07:44:08","modified_gmt":"2025-06-19T05:44:08","slug":"vanhavermaet-a-payne-odchazi","status":"publish","type":"news","link":"https:\/\/evertonfc.cz\/index.php\/news\/vanhavermaet-a-payne-odchazi\/","title":{"rendered":"Vanhavermaet a Payne odch\u00e1zej\u00ed"},"content":{"rendered":"<p>Justine Vanhaevermaet a Heather Payne odch\u00e1z\u00ed po vypr\u0161en\u00ed sv\u00fdch st\u00e1vaj\u00edc\u00edch smluv ke 30.6.2025. Vanhaevermaet p\u0159i\u0161la v srpnu 2023 ze sestoupiv\u0161\u00edho Readingu a stala se st\u00e1lic\u00ed na\u0161\u00ed obrany. A\u010d p\u016fvodn\u011b defenzivn\u00ed z\u00e1lo\u017enice, vzhledem ke kritick\u00e9mu person\u00e1ln\u00edmu stavu na\u0161\u00ed obrany se zejm\u00e9na v lo\u0148sk\u00e9 sez\u00f3n\u011b nejednou objevila i na stoperu. I kdy\u017e j\u00ed na tomto postu nebylo lze up\u0159\u00edt snahu a bojovnost,\u00a0 \u0161lo o v\u00fdchodisko z nouze. Leto\u0161n\u00ed n\u00e1vrat do z\u00e1lohy j\u00ed prosp\u011bl a a\u010dkoliv nepat\u0159\u00ed k technicky nadpr\u016fm\u011brn\u011b vybaven\u00fdm hr\u00e1\u010dk\u00e1m, tak na h\u0159i\u0161ti odv\u00e1d\u011bla v\u017edy maximum. A jej\u00edch 185 cm v\u00fd\u0161ky bylo velmi v\u00edtan\u00fdch p\u0159i standardk\u00e1ch ve v\u00e1pn\u011b soupe\u0159ek.<\/p>\n<p>Heather Payne p\u0159i\u0161la rovn\u011b\u017e v srpnu 2023 z univerzitn\u00edho fotbalov\u00e9ho prost\u0159ed\u00ed ve Spojen\u00fdch st\u00e1tech.\u00a0 Svoj\u00ed rychlost\u00ed a razanc\u00ed si rychle z\u00edskala p\u0159\u00edze\u0148 fanou\u0161k\u016f. V uplynul\u00e9 sez\u00f3n\u011b jsme ji v z\u00e1kladn\u00ed sestav\u011b ji\u017e tak \u010dasto nevid\u011bli. \u010c\u00e1ste\u010dn\u011b kv\u016fli zran\u011bn\u00edm, \u010d\u00e1ste\u010dn\u011b pro konkurenci Lawley a Toni Payne.<\/p>\n<p>Ob\u011bma hr\u00e1\u010dk\u00e1m d\u011bkujeme za odvedenou pr\u00e1ci a p\u0159ejeme \u00fasp\u011b\u0161nou dal\u0161\u00ed kari\u00e9ru. <span style=\"color: #0000ff;\"><strong>COYBG!<\/strong><\/span><\/p>\n","protected":false},"excerpt":{"rendered":"<p>Justine Vanhaevermaet a Heather Payne odch\u00e1z\u00ed po vypr\u0161en\u00ed sv\u00fdch st\u00e1vaj\u00edc\u00edch smluv ke 30.6.2025. Vanhaevermaet p\u0159i\u0161la v srpnu 2023 ze sestoupiv\u0161\u00edho&hellip;<\/p>\n","protected":false},"author":26,"featured_media":0,"comment_status":"open","ping_status":"closed","template":"","tags":[],"news-category":[18],"yoast_head":"<!-- This site is optimized with the Yoast SEO plugin v23.4 - https:\/\/yoast.com\/wordpress\/plugins\/seo\/ -->\n<title>Vanhavermaet a Payne odch\u00e1zej\u00ed - Official Czech &amp; Slovak Everton Supporters&#039; Club<\/title>\n<meta name=\"robots\" content=\"index, follow, max-snippet:-1, max-image-preview:large, max-video-preview:-1\" \/>\n<link rel=\"canonical\" href=\"https:\/\/evertonfc.cz\/index.php\/news\/vanhavermaet-a-payne-odchazi\/\" \/>\n<meta property=\"og:locale\" content=\"cs_CZ\" \/>\n<meta property=\"og:type\" content=\"article\" \/>\n<meta property=\"og:title\" content=\"Vanhavermaet a Payne odch\u00e1zej\u00ed - Official Czech &amp; Slovak Everton Supporters&#039; Club\" \/>\n<meta property=\"og:description\" content=\"Justine Vanhaevermaet a Heather Payne odch\u00e1z\u00ed po vypr\u0161en\u00ed sv\u00fdch st\u00e1vaj\u00edc\u00edch smluv ke 30.6.2025. Vanhaevermaet p\u0159i\u0161la v srpnu 2023 ze sestoupiv\u0161\u00edho&hellip;\" \/>\n<meta property=\"og:url\" content=\"https:\/\/evertonfc.cz\/index.php\/news\/vanhavermaet-a-payne-odchazi\/\" \/>\n<meta property=\"og:site_name\" content=\"Official Czech &amp; Slovak Everton Supporters&#039; Club\" \/>\n<meta property=\"article:publisher\" content=\"https:\/\/www.facebook.com\/everton.fans.cz.sk\" \/>\n<meta property=\"article:modified_time\" content=\"2025-06-19T05:44:08+00:00\" \/>\n<meta name=\"twitter:card\" content=\"summary_large_image\" \/>\n<meta name=\"twitter:label1\" content=\"Odhadovan\u00e1 doba \u010dten\u00ed\" \/>\n\t<meta name=\"twitter:data1\" content=\"1 minuta\" \/>\n<script type=\"application\/ld+json\" class=\"yoast-schema-graph\">{\"@context\":\"https:\/\/schema.org\",\"@graph\":[{\"@type\":\"WebPage\",\"@id\":\"https:\/\/evertonfc.cz\/index.php\/news\/vanhavermaet-a-payne-odchazi\/\",\"url\":\"https:\/\/evertonfc.cz\/index.php\/news\/vanhavermaet-a-payne-odchazi\/\",\"name\":\"Vanhavermaet a Payne odch\u00e1zej\u00ed - Official Czech &amp; Slovak Everton Supporters&#039; Club\",\"isPartOf\":{\"@id\":\"https:\/\/evertonfc.cz\/#website\"},\"datePublished\":\"2025-06-18T16:44:48+00:00\",\"dateModified\":\"2025-06-19T05:44:08+00:00\",\"breadcrumb\":{\"@id\":\"https:\/\/evertonfc.cz\/index.php\/news\/vanhavermaet-a-payne-odchazi\/#breadcrumb\"},\"inLanguage\":\"cs\",\"potentialAction\":[{\"@type\":\"ReadAction\",\"target\":[\"https:\/\/evertonfc.cz\/index.php\/news\/vanhavermaet-a-payne-odchazi\/\"]}]},{\"@type\":\"BreadcrumbList\",\"@id\":\"https:\/\/evertonfc.cz\/index.php\/news\/vanhavermaet-a-payne-odchazi\/#breadcrumb\",\"itemListElement\":[{\"@type\":\"ListItem\",\"position\":1,\"name\":\"Home\",\"item\":\"https:\/\/evertonfc.cz\/\"},{\"@type\":\"ListItem\",\"position\":2,\"name\":\"News\",\"item\":\"https:\/\/evertonfc.cz\/index.php\/news\/\"},{\"@type\":\"ListItem\",\"position\":3,\"name\":\"Vanhavermaet a Payne odch\u00e1zej\u00ed\"}]},{\"@type\":\"WebSite\",\"@id\":\"https:\/\/evertonfc.cz\/#website\",\"url\":\"https:\/\/evertonfc.cz\/\",\"name\":\"Official Czech &amp; Slovak Everton Supporters&#039; Club\",\"description\":\"\",\"publisher\":{\"@id\":\"https:\/\/evertonfc.cz\/#organization\"},\"potentialAction\":[{\"@type\":\"SearchAction\",\"target\":{\"@type\":\"EntryPoint\",\"urlTemplate\":\"https:\/\/evertonfc.cz\/?s={search_term_string}\"},\"query-input\":{\"@type\":\"PropertyValueSpecification\",\"valueRequired\":true,\"valueName\":\"search_term_string\"}}],\"inLanguage\":\"cs\"},{\"@type\":\"Organization\",\"@id\":\"https:\/\/evertonfc.cz\/#organization\",\"name\":\"Official Czech & Slovak Everton Supporters' Club\",\"url\":\"https:\/\/evertonfc.cz\/\",\"logo\":{\"@type\":\"ImageObject\",\"inLanguage\":\"cs\",\"@id\":\"https:\/\/evertonfc.cz\/#\/schema\/logo\/image\/\",\"url\":\"https:\/\/evertonfc.cz\/wp-content\/uploads\/2019\/05\/logo.png\",\"contentUrl\":\"https:\/\/evertonfc.cz\/wp-content\/uploads\/2019\/05\/logo.png\",\"width\":112,\"height\":112,\"caption\":\"Official Czech & Slovak Everton Supporters' Club\"},\"image\":{\"@id\":\"https:\/\/evertonfc.cz\/#\/schema\/logo\/image\/\"},\"sameAs\":[\"https:\/\/www.facebook.com\/everton.fans.cz.sk\"]}]}<\/script>\n<!-- \/ Yoast SEO plugin. -->","yoast_head_json":{"title":"Vanhavermaet a Payne odch\u00e1zej\u00ed - Official Czech &amp; Slovak Everton Supporters&#039; Club","robots":{"index":"index","follow":"follow","max-snippet":"max-snippet:-1","max-image-preview":"max-image-preview:large","max-video-preview":"max-video-preview:-1"},"canonical":"https:\/\/evertonfc.cz\/index.php\/news\/vanhavermaet-a-payne-odchazi\/","og_locale":"cs_CZ","og_type":"article","og_title":"Vanhavermaet a Payne odch\u00e1zej\u00ed - Official Czech &amp; Slovak Everton Supporters&#039; Club","og_description":"Justine Vanhaevermaet a Heather Payne odch\u00e1z\u00ed po vypr\u0161en\u00ed sv\u00fdch st\u00e1vaj\u00edc\u00edch smluv ke 30.6.2025. Vanhaevermaet p\u0159i\u0161la v srpnu 2023 ze sestoupiv\u0161\u00edho&hellip;","og_url":"https:\/\/evertonfc.cz\/index.php\/news\/vanhavermaet-a-payne-odchazi\/","og_site_name":"Official Czech &amp; Slovak Everton Supporters&#039; Club","article_publisher":"https:\/\/www.facebook.com\/everton.fans.cz.sk","article_modified_time":"2025-06-19T05:44:08+00:00","twitter_card":"summary_large_image","twitter_misc":{"Odhadovan\u00e1 doba \u010dten\u00ed":"1 minuta"},"schema":{"@context":"https:\/\/schema.org","@graph":[{"@type":"WebPage","@id":"https:\/\/evertonfc.cz\/index.php\/news\/vanhavermaet-a-payne-odchazi\/","url":"https:\/\/evertonfc.cz\/index.php\/news\/vanhavermaet-a-payne-odchazi\/","name":"Vanhavermaet a Payne odch\u00e1zej\u00ed - Official Czech &amp; Slovak Everton Supporters&#039; Club","isPartOf":{"@id":"https:\/\/evertonfc.cz\/#website"},"datePublished":"2025-06-18T16:44:48+00:00","dateModified":"2025-06-19T05:44:08+00:00","breadcrumb":{"@id":"https:\/\/evertonfc.cz\/index.php\/news\/vanhavermaet-a-payne-odchazi\/#breadcrumb"},"inLanguage":"cs","potentialAction":[{"@type":"ReadAction","target":["https:\/\/evertonfc.cz\/index.php\/news\/vanhavermaet-a-payne-odchazi\/"]}]},{"@type":"BreadcrumbList","@id":"https:\/\/evertonfc.cz\/index.php\/news\/vanhavermaet-a-payne-odchazi\/#breadcrumb","itemListElement":[{"@type":"ListItem","position":1,"name":"Home","item":"https:\/\/evertonfc.cz\/"},{"@type":"ListItem","position":2,"name":"News","item":"https:\/\/evertonfc.cz\/index.php\/news\/"},{"@type":"ListItem","position":3,"name":"Vanhavermaet a Payne odch\u00e1zej\u00ed"}]},{"@type":"WebSite","@id":"https:\/\/evertonfc.cz\/#website","url":"https:\/\/evertonfc.cz\/","name":"Official Czech &amp; Slovak Everton Supporters&#039; Club","description":"","publisher":{"@id":"https:\/\/evertonfc.cz\/#organization"},"potentialAction":[{"@type":"SearchAction","target":{"@type":"EntryPoint","urlTemplate":"https:\/\/evertonfc.cz\/?s={search_term_string}"},"query-input":{"@type":"PropertyValueSpecification","valueRequired":true,"valueName":"search_term_string"}}],"inLanguage":"cs"},{"@type":"Organization","@id":"https:\/\/evertonfc.cz\/#organization","name":"Official Czech & Slovak Everton Supporters' Club","url":"https:\/\/evertonfc.cz\/","logo":{"@type":"ImageObject","inLanguage":"cs","@id":"https:\/\/evertonfc.cz\/#\/schema\/logo\/image\/","url":"https:\/\/evertonfc.cz\/wp-content\/uploads\/2019\/05\/logo.png","contentUrl":"https:\/\/evertonfc.cz\/wp-content\/uploads\/2019\/05\/logo.png","width":112,"height":112,"caption":"Official Czech & Slovak Everton Supporters' Club"},"image":{"@id":"https:\/\/evertonfc.cz\/#\/schema\/logo\/image\/"},"sameAs":["https:\/\/www.facebook.com\/everton.fans.cz.sk"]}]}},"_links":{"self":[{"href":"https:\/\/evertonfc.cz\/index.php\/wp-json\/wp\/v2\/news\/26912"}],"collection":[{"href":"https:\/\/evertonfc.cz\/index.php\/wp-json\/wp\/v2\/news"}],"about":[{"href":"https:\/\/evertonfc.cz\/index.php\/wp-json\/wp\/v2\/types\/news"}],"author":[{"embeddable":true,"href":"https:\/\/evertonfc.cz\/index.php\/wp-json\/wp\/v2\/users\/26"}],"replies":[{"embeddable":true,"href":"https:\/\/evertonfc.cz\/index.php\/wp-json\/wp\/v2\/comments?post=26912"}],"version-history":[{"count":3,"href":"https:\/\/evertonfc.cz\/index.php\/wp-json\/wp\/v2\/news\/26912\/revisions"}],"predecessor-version":[{"id":26916,"href":"https:\/\/evertonfc.cz\/index.php\/wp-json\/wp\/v2\/news\/26912\/revisions\/26916"}],"wp:attachment":[{"href":"https:\/\/evertonfc.cz\/index.php\/wp-json\/wp\/v2\/media?parent=26912"}],"wp:term":[{"taxonomy":"post_tag","embeddable":true,"href":"https:\/\/evertonfc.cz\/index.php\/wp-json\/wp\/v2\/tags?post=26912"},{"taxonomy":"news-category","embeddable":true,"href":"https:\/\/evertonfc.cz\/index.php\/wp-json\/wp\/v2\/news-category?post=26912"}],"curies":[{"name":"wp","href":"https:\/\/api.w.org\/{rel}","templated":true}]}}