{"id":26932,"date":"2025-06-24T16:45:03","date_gmt":"2025-06-24T14:45:03","guid":{"rendered":"https:\/\/evertonfc.cz\/?post_type=news&#038;p=26932"},"modified":"2025-06-24T16:59:26","modified_gmt":"2025-06-24T14:59:26","slug":"kapacita-bmd-52-769","status":"publish","type":"news","link":"https:\/\/evertonfc.cz\/index.php\/news\/kapacita-bmd-52-769\/","title":{"rendered":"Kapacita BMD &#8211; 52 769"},"content":{"rendered":"<p>Presne to\u013eko Evertonians, ak zak\u00e1\u017eeme fan\u00fa\u0161ikov host\u00ed, sa dok\u00e1\u017ee zmesti\u0165 do nov\u00e9ho \u0161tadi\u00f3nu Evertonu v doku Bramley-Moore. Dnes to potvrdil klub. Toto ofici\u00e1lne \u010d\u00ed\u0161lo plat\u00ed pre z\u00e1pasy Premier League a \u0161portov\u00e9 podujatia. Po\u010diato\u010dn\u00e1 kapacita 52 888 miest, navrhnut\u00e1 ako s\u00fa\u010das\u0165 fin\u00e1lneho dizajnu vytvoren\u00e9ho pred piatimi rokmi, bola mierne zn\u00ed\u017een\u00e1 po d\u00f4kladnom audite po v\u00fdstavbe a presk\u00faman\u00ed usporiadania sedadiel na \u0161tadi\u00f3ne v r\u00e1mci pr\u00edpravy na nov\u00fa sez\u00f3nu. Posledn\u00fd test bude z\u00e1vere\u010dn\u00fd pr\u00edprav\u00e1k s AS R\u00edm 9. augusta.<\/p>\n<p>Faktory, ako s\u00fa oddelen\u00e9 priestory medzi dom\u00e1cimi a hos\u0165uj\u00facimi sektormi fan\u00fa\u0161ikov, a s\u00falad s predpismi a zabezpe\u010denie medi\u00e1lnych zariaden\u00ed a poz\u00edci\u00ed pre kamery, zohrali \u00falohu v zn\u00ed\u017een\u00ed p\u00f4vodnej maxim\u00e1lnej kapacity o 0,2 % (119 miest). Toto mierne zn\u00ed\u017eenie kapacity neovplyvnilo \u017eiadne miesta zak\u00fapen\u00e9 ako permanentky. T\u00fdch by pod\u013ea pravidiel PL nemalo by\u0165 viac ako 42\u202f215, \u010di\u017ee 80% kapacity. Ak pripo\u010d\u00edtame minim\u00e1lny po\u010det 3 000 l\u00edstkov pre Away sector na severov\u00fdchodnom rohu v spodnom stupni, zostane 7 554 l\u00edstkov do predaja.<\/p>\n","protected":false},"excerpt":{"rendered":"<p>Presne to\u013eko Evertonians, ak zak\u00e1\u017eeme fan\u00fa\u0161ikov host\u00ed, sa dok\u00e1\u017ee zmesti\u0165 do nov\u00e9ho \u0161tadi\u00f3nu Evertonu v doku Bramley-Moore. Dnes to potvrdil&hellip;<\/p>\n","protected":false},"author":1,"featured_media":0,"comment_status":"open","ping_status":"closed","template":"","tags":[],"news-category":[18],"yoast_head":"<!-- This site is optimized with the Yoast SEO plugin v23.4 - https:\/\/yoast.com\/wordpress\/plugins\/seo\/ -->\n<title>Kapacita BMD - 52 769 - Official Czech &amp; Slovak Everton Supporters&#039; Club<\/title>\n<meta name=\"robots\" content=\"index, follow, max-snippet:-1, max-image-preview:large, max-video-preview:-1\" \/>\n<link rel=\"canonical\" href=\"https:\/\/evertonfc.cz\/index.php\/news\/kapacita-bmd-52-769\/\" \/>\n<meta property=\"og:locale\" content=\"cs_CZ\" \/>\n<meta property=\"og:type\" content=\"article\" \/>\n<meta property=\"og:title\" content=\"Kapacita BMD - 52 769 - Official Czech &amp; Slovak Everton Supporters&#039; Club\" \/>\n<meta property=\"og:description\" content=\"Presne to\u013eko Evertonians, ak zak\u00e1\u017eeme fan\u00fa\u0161ikov host\u00ed, sa dok\u00e1\u017ee zmesti\u0165 do nov\u00e9ho \u0161tadi\u00f3nu Evertonu v doku Bramley-Moore. Dnes to potvrdil&hellip;\" \/>\n<meta property=\"og:url\" content=\"https:\/\/evertonfc.cz\/index.php\/news\/kapacita-bmd-52-769\/\" \/>\n<meta property=\"og:site_name\" content=\"Official Czech &amp; Slovak Everton Supporters&#039; Club\" \/>\n<meta property=\"article:publisher\" content=\"https:\/\/www.facebook.com\/everton.fans.cz.sk\" \/>\n<meta property=\"article:modified_time\" content=\"2025-06-24T14:59:26+00:00\" \/>\n<meta name=\"twitter:card\" content=\"summary_large_image\" \/>\n<meta name=\"twitter:label1\" content=\"Odhadovan\u00e1 doba \u010dten\u00ed\" \/>\n\t<meta name=\"twitter:data1\" content=\"1 minuta\" \/>\n<script type=\"application\/ld+json\" class=\"yoast-schema-graph\">{\"@context\":\"https:\/\/schema.org\",\"@graph\":[{\"@type\":\"WebPage\",\"@id\":\"https:\/\/evertonfc.cz\/index.php\/news\/kapacita-bmd-52-769\/\",\"url\":\"https:\/\/evertonfc.cz\/index.php\/news\/kapacita-bmd-52-769\/\",\"name\":\"Kapacita BMD - 52 769 - Official Czech &amp; Slovak Everton Supporters&#039; Club\",\"isPartOf\":{\"@id\":\"https:\/\/evertonfc.cz\/#website\"},\"datePublished\":\"2025-06-24T14:45:03+00:00\",\"dateModified\":\"2025-06-24T14:59:26+00:00\",\"breadcrumb\":{\"@id\":\"https:\/\/evertonfc.cz\/index.php\/news\/kapacita-bmd-52-769\/#breadcrumb\"},\"inLanguage\":\"cs\",\"potentialAction\":[{\"@type\":\"ReadAction\",\"target\":[\"https:\/\/evertonfc.cz\/index.php\/news\/kapacita-bmd-52-769\/\"]}]},{\"@type\":\"BreadcrumbList\",\"@id\":\"https:\/\/evertonfc.cz\/index.php\/news\/kapacita-bmd-52-769\/#breadcrumb\",\"itemListElement\":[{\"@type\":\"ListItem\",\"position\":1,\"name\":\"Home\",\"item\":\"https:\/\/evertonfc.cz\/\"},{\"@type\":\"ListItem\",\"position\":2,\"name\":\"News\",\"item\":\"https:\/\/evertonfc.cz\/index.php\/news\/\"},{\"@type\":\"ListItem\",\"position\":3,\"name\":\"Kapacita BMD &#8211; 52 769\"}]},{\"@type\":\"WebSite\",\"@id\":\"https:\/\/evertonfc.cz\/#website\",\"url\":\"https:\/\/evertonfc.cz\/\",\"name\":\"Official Czech &amp; Slovak Everton Supporters&#039; Club\",\"description\":\"\",\"publisher\":{\"@id\":\"https:\/\/evertonfc.cz\/#organization\"},\"potentialAction\":[{\"@type\":\"SearchAction\",\"target\":{\"@type\":\"EntryPoint\",\"urlTemplate\":\"https:\/\/evertonfc.cz\/?s={search_term_string}\"},\"query-input\":{\"@type\":\"PropertyValueSpecification\",\"valueRequired\":true,\"valueName\":\"search_term_string\"}}],\"inLanguage\":\"cs\"},{\"@type\":\"Organization\",\"@id\":\"https:\/\/evertonfc.cz\/#organization\",\"name\":\"Official Czech & Slovak Everton Supporters' Club\",\"url\":\"https:\/\/evertonfc.cz\/\",\"logo\":{\"@type\":\"ImageObject\",\"inLanguage\":\"cs\",\"@id\":\"https:\/\/evertonfc.cz\/#\/schema\/logo\/image\/\",\"url\":\"https:\/\/evertonfc.cz\/wp-content\/uploads\/2019\/05\/logo.png\",\"contentUrl\":\"https:\/\/evertonfc.cz\/wp-content\/uploads\/2019\/05\/logo.png\",\"width\":112,\"height\":112,\"caption\":\"Official Czech & Slovak Everton Supporters' Club\"},\"image\":{\"@id\":\"https:\/\/evertonfc.cz\/#\/schema\/logo\/image\/\"},\"sameAs\":[\"https:\/\/www.facebook.com\/everton.fans.cz.sk\"]}]}<\/script>\n<!-- \/ Yoast SEO plugin. -->","yoast_head_json":{"title":"Kapacita BMD - 52 769 - Official Czech &amp; Slovak Everton Supporters&#039; Club","robots":{"index":"index","follow":"follow","max-snippet":"max-snippet:-1","max-image-preview":"max-image-preview:large","max-video-preview":"max-video-preview:-1"},"canonical":"https:\/\/evertonfc.cz\/index.php\/news\/kapacita-bmd-52-769\/","og_locale":"cs_CZ","og_type":"article","og_title":"Kapacita BMD - 52 769 - Official Czech &amp; Slovak Everton Supporters&#039; Club","og_description":"Presne to\u013eko Evertonians, ak zak\u00e1\u017eeme fan\u00fa\u0161ikov host\u00ed, sa dok\u00e1\u017ee zmesti\u0165 do nov\u00e9ho \u0161tadi\u00f3nu Evertonu v doku Bramley-Moore. Dnes to potvrdil&hellip;","og_url":"https:\/\/evertonfc.cz\/index.php\/news\/kapacita-bmd-52-769\/","og_site_name":"Official Czech &amp; Slovak Everton Supporters&#039; Club","article_publisher":"https:\/\/www.facebook.com\/everton.fans.cz.sk","article_modified_time":"2025-06-24T14:59:26+00:00","twitter_card":"summary_large_image","twitter_misc":{"Odhadovan\u00e1 doba \u010dten\u00ed":"1 minuta"},"schema":{"@context":"https:\/\/schema.org","@graph":[{"@type":"WebPage","@id":"https:\/\/evertonfc.cz\/index.php\/news\/kapacita-bmd-52-769\/","url":"https:\/\/evertonfc.cz\/index.php\/news\/kapacita-bmd-52-769\/","name":"Kapacita BMD - 52 769 - Official Czech &amp; Slovak Everton Supporters&#039; Club","isPartOf":{"@id":"https:\/\/evertonfc.cz\/#website"},"datePublished":"2025-06-24T14:45:03+00:00","dateModified":"2025-06-24T14:59:26+00:00","breadcrumb":{"@id":"https:\/\/evertonfc.cz\/index.php\/news\/kapacita-bmd-52-769\/#breadcrumb"},"inLanguage":"cs","potentialAction":[{"@type":"ReadAction","target":["https:\/\/evertonfc.cz\/index.php\/news\/kapacita-bmd-52-769\/"]}]},{"@type":"BreadcrumbList","@id":"https:\/\/evertonfc.cz\/index.php\/news\/kapacita-bmd-52-769\/#breadcrumb","itemListElement":[{"@type":"ListItem","position":1,"name":"Home","item":"https:\/\/evertonfc.cz\/"},{"@type":"ListItem","position":2,"name":"News","item":"https:\/\/evertonfc.cz\/index.php\/news\/"},{"@type":"ListItem","position":3,"name":"Kapacita BMD &#8211; 52 769"}]},{"@type":"WebSite","@id":"https:\/\/evertonfc.cz\/#website","url":"https:\/\/evertonfc.cz\/","name":"Official Czech &amp; Slovak Everton Supporters&#039; Club","description":"","publisher":{"@id":"https:\/\/evertonfc.cz\/#organization"},"potentialAction":[{"@type":"SearchAction","target":{"@type":"EntryPoint","urlTemplate":"https:\/\/evertonfc.cz\/?s={search_term_string}"},"query-input":{"@type":"PropertyValueSpecification","valueRequired":true,"valueName":"search_term_string"}}],"inLanguage":"cs"},{"@type":"Organization","@id":"https:\/\/evertonfc.cz\/#organization","name":"Official Czech & Slovak Everton Supporters' Club","url":"https:\/\/evertonfc.cz\/","logo":{"@type":"ImageObject","inLanguage":"cs","@id":"https:\/\/evertonfc.cz\/#\/schema\/logo\/image\/","url":"https:\/\/evertonfc.cz\/wp-content\/uploads\/2019\/05\/logo.png","contentUrl":"https:\/\/evertonfc.cz\/wp-content\/uploads\/2019\/05\/logo.png","width":112,"height":112,"caption":"Official Czech & Slovak Everton Supporters' Club"},"image":{"@id":"https:\/\/evertonfc.cz\/#\/schema\/logo\/image\/"},"sameAs":["https:\/\/www.facebook.com\/everton.fans.cz.sk"]}]}},"_links":{"self":[{"href":"https:\/\/evertonfc.cz\/index.php\/wp-json\/wp\/v2\/news\/26932"}],"collection":[{"href":"https:\/\/evertonfc.cz\/index.php\/wp-json\/wp\/v2\/news"}],"about":[{"href":"https:\/\/evertonfc.cz\/index.php\/wp-json\/wp\/v2\/types\/news"}],"author":[{"embeddable":true,"href":"https:\/\/evertonfc.cz\/index.php\/wp-json\/wp\/v2\/users\/1"}],"replies":[{"embeddable":true,"href":"https:\/\/evertonfc.cz\/index.php\/wp-json\/wp\/v2\/comments?post=26932"}],"version-history":[{"count":5,"href":"https:\/\/evertonfc.cz\/index.php\/wp-json\/wp\/v2\/news\/26932\/revisions"}],"predecessor-version":[{"id":26937,"href":"https:\/\/evertonfc.cz\/index.php\/wp-json\/wp\/v2\/news\/26932\/revisions\/26937"}],"wp:attachment":[{"href":"https:\/\/evertonfc.cz\/index.php\/wp-json\/wp\/v2\/media?parent=26932"}],"wp:term":[{"taxonomy":"post_tag","embeddable":true,"href":"https:\/\/evertonfc.cz\/index.php\/wp-json\/wp\/v2\/tags?post=26932"},{"taxonomy":"news-category","embeddable":true,"href":"https:\/\/evertonfc.cz\/index.php\/wp-json\/wp\/v2\/news-category?post=26932"}],"curies":[{"name":"wp","href":"https:\/\/api.w.org\/{rel}","templated":true}]}}