{"id":26974,"date":"2025-07-04T19:56:14","date_gmt":"2025-07-04T17:56:14","guid":{"rendered":"https:\/\/evertonfc.cz\/?post_type=news&#038;p=26974"},"modified":"2025-07-04T19:56:14","modified_gmt":"2025-07-04T17:56:14","slug":"galli-a-hope-prodlouzily","status":"publish","type":"news","link":"https:\/\/evertonfc.cz\/index.php\/news\/galli-a-hope-prodlouzily\/","title":{"rendered":"Galli a Hope prodlou\u017eily"},"content":{"rendered":"<p>Aurora Galli a Lucy Hope prodlou\u017eily sv\u00e9 st\u00e1vaj\u00edc\u00ed smlouvy s Klubem o rok, tedy do konce \u010dervna 2026. Hope sice v p\u0159\u00ed\u0161t\u00ed sez\u00f3n\u011b na h\u0159i\u0161ti nejsp\u00ed\u0161 moc neuvid\u00edme, proto\u017ee s man\u017eelem \u010dekaj\u00ed p\u0159\u00edrustek do rodiny, ale i tak to je vynikaj\u00edc\u00ed (p\u0159\u00edrustek do rodiny ostatn\u011b tak\u00e9). Galli v\u011bt\u0161inu pr\u00e1v\u011b skon\u010den\u00e9 sez\u00f3ny promarodila s p\u0159etr\u017een\u00fdm p\u0159edn\u00edm zk\u0159\u00ed\u017een\u00fdm vazem hned z prvn\u00edho z\u00e1pasu, ale dok\u00e1zala se obdivuhodn\u011b rychle vyl\u00e9\u010dit a nal\u00e9zt svoj\u00ed obvyklou formu. Dokladem toho budi\u017e i to, \u017ee aktu\u00e1ln\u011b je ve \u0160v\u00fdcarsku, kde reprezentuje It\u00e1lii na mistrovstv\u00ed Evropy. <strong><span style=\"color: #0000ff;\">COYBG!<\/span><\/strong><\/p>\n","protected":false},"excerpt":{"rendered":"<p>Aurora Galli a Lucy Hope prodlou\u017eily sv\u00e9 st\u00e1vaj\u00edc\u00ed smlouvy s Klubem o rok, tedy do konce \u010dervna 2026. Hope sice&hellip;<\/p>\n","protected":false},"author":26,"featured_media":0,"comment_status":"open","ping_status":"closed","template":"","tags":[],"news-category":[18],"yoast_head":"<!-- This site is optimized with the Yoast SEO plugin v23.4 - https:\/\/yoast.com\/wordpress\/plugins\/seo\/ -->\n<title>Galli a Hope prodlou\u017eily - Official Czech &amp; Slovak Everton Supporters&#039; Club<\/title>\n<meta name=\"robots\" content=\"index, follow, max-snippet:-1, max-image-preview:large, max-video-preview:-1\" \/>\n<link rel=\"canonical\" href=\"https:\/\/evertonfc.cz\/index.php\/news\/galli-a-hope-prodlouzily\/\" \/>\n<meta property=\"og:locale\" content=\"cs_CZ\" \/>\n<meta property=\"og:type\" content=\"article\" \/>\n<meta property=\"og:title\" content=\"Galli a Hope prodlou\u017eily - Official Czech &amp; Slovak Everton Supporters&#039; Club\" \/>\n<meta property=\"og:description\" content=\"Aurora Galli a Lucy Hope prodlou\u017eily sv\u00e9 st\u00e1vaj\u00edc\u00ed smlouvy s Klubem o rok, tedy do konce \u010dervna 2026. Hope sice&hellip;\" \/>\n<meta property=\"og:url\" content=\"https:\/\/evertonfc.cz\/index.php\/news\/galli-a-hope-prodlouzily\/\" \/>\n<meta property=\"og:site_name\" content=\"Official Czech &amp; Slovak Everton Supporters&#039; Club\" \/>\n<meta property=\"article:publisher\" content=\"https:\/\/www.facebook.com\/everton.fans.cz.sk\" \/>\n<meta name=\"twitter:card\" content=\"summary_large_image\" \/>\n<meta name=\"twitter:label1\" content=\"Odhadovan\u00e1 doba \u010dten\u00ed\" \/>\n\t<meta name=\"twitter:data1\" content=\"1 minuta\" \/>\n<script type=\"application\/ld+json\" class=\"yoast-schema-graph\">{\"@context\":\"https:\/\/schema.org\",\"@graph\":[{\"@type\":\"WebPage\",\"@id\":\"https:\/\/evertonfc.cz\/index.php\/news\/galli-a-hope-prodlouzily\/\",\"url\":\"https:\/\/evertonfc.cz\/index.php\/news\/galli-a-hope-prodlouzily\/\",\"name\":\"Galli a Hope prodlou\u017eily - Official Czech &amp; Slovak Everton Supporters&#039; Club\",\"isPartOf\":{\"@id\":\"https:\/\/evertonfc.cz\/#website\"},\"datePublished\":\"2025-07-04T17:56:14+00:00\",\"dateModified\":\"2025-07-04T17:56:14+00:00\",\"breadcrumb\":{\"@id\":\"https:\/\/evertonfc.cz\/index.php\/news\/galli-a-hope-prodlouzily\/#breadcrumb\"},\"inLanguage\":\"cs\",\"potentialAction\":[{\"@type\":\"ReadAction\",\"target\":[\"https:\/\/evertonfc.cz\/index.php\/news\/galli-a-hope-prodlouzily\/\"]}]},{\"@type\":\"BreadcrumbList\",\"@id\":\"https:\/\/evertonfc.cz\/index.php\/news\/galli-a-hope-prodlouzily\/#breadcrumb\",\"itemListElement\":[{\"@type\":\"ListItem\",\"position\":1,\"name\":\"Home\",\"item\":\"https:\/\/evertonfc.cz\/\"},{\"@type\":\"ListItem\",\"position\":2,\"name\":\"News\",\"item\":\"https:\/\/evertonfc.cz\/index.php\/news\/\"},{\"@type\":\"ListItem\",\"position\":3,\"name\":\"Galli a Hope prodlou\u017eily\"}]},{\"@type\":\"WebSite\",\"@id\":\"https:\/\/evertonfc.cz\/#website\",\"url\":\"https:\/\/evertonfc.cz\/\",\"name\":\"Official Czech &amp; Slovak Everton Supporters&#039; Club\",\"description\":\"\",\"publisher\":{\"@id\":\"https:\/\/evertonfc.cz\/#organization\"},\"potentialAction\":[{\"@type\":\"SearchAction\",\"target\":{\"@type\":\"EntryPoint\",\"urlTemplate\":\"https:\/\/evertonfc.cz\/?s={search_term_string}\"},\"query-input\":{\"@type\":\"PropertyValueSpecification\",\"valueRequired\":true,\"valueName\":\"search_term_string\"}}],\"inLanguage\":\"cs\"},{\"@type\":\"Organization\",\"@id\":\"https:\/\/evertonfc.cz\/#organization\",\"name\":\"Official Czech & Slovak Everton Supporters' Club\",\"url\":\"https:\/\/evertonfc.cz\/\",\"logo\":{\"@type\":\"ImageObject\",\"inLanguage\":\"cs\",\"@id\":\"https:\/\/evertonfc.cz\/#\/schema\/logo\/image\/\",\"url\":\"https:\/\/evertonfc.cz\/wp-content\/uploads\/2019\/05\/logo.png\",\"contentUrl\":\"https:\/\/evertonfc.cz\/wp-content\/uploads\/2019\/05\/logo.png\",\"width\":112,\"height\":112,\"caption\":\"Official Czech & Slovak Everton Supporters' Club\"},\"image\":{\"@id\":\"https:\/\/evertonfc.cz\/#\/schema\/logo\/image\/\"},\"sameAs\":[\"https:\/\/www.facebook.com\/everton.fans.cz.sk\"]}]}<\/script>\n<!-- \/ Yoast SEO plugin. -->","yoast_head_json":{"title":"Galli a Hope prodlou\u017eily - Official Czech &amp; Slovak Everton Supporters&#039; Club","robots":{"index":"index","follow":"follow","max-snippet":"max-snippet:-1","max-image-preview":"max-image-preview:large","max-video-preview":"max-video-preview:-1"},"canonical":"https:\/\/evertonfc.cz\/index.php\/news\/galli-a-hope-prodlouzily\/","og_locale":"cs_CZ","og_type":"article","og_title":"Galli a Hope prodlou\u017eily - Official Czech &amp; Slovak Everton Supporters&#039; Club","og_description":"Aurora Galli a Lucy Hope prodlou\u017eily sv\u00e9 st\u00e1vaj\u00edc\u00ed smlouvy s Klubem o rok, tedy do konce \u010dervna 2026. Hope sice&hellip;","og_url":"https:\/\/evertonfc.cz\/index.php\/news\/galli-a-hope-prodlouzily\/","og_site_name":"Official Czech &amp; Slovak Everton Supporters&#039; Club","article_publisher":"https:\/\/www.facebook.com\/everton.fans.cz.sk","twitter_card":"summary_large_image","twitter_misc":{"Odhadovan\u00e1 doba \u010dten\u00ed":"1 minuta"},"schema":{"@context":"https:\/\/schema.org","@graph":[{"@type":"WebPage","@id":"https:\/\/evertonfc.cz\/index.php\/news\/galli-a-hope-prodlouzily\/","url":"https:\/\/evertonfc.cz\/index.php\/news\/galli-a-hope-prodlouzily\/","name":"Galli a Hope prodlou\u017eily - Official Czech &amp; Slovak Everton Supporters&#039; Club","isPartOf":{"@id":"https:\/\/evertonfc.cz\/#website"},"datePublished":"2025-07-04T17:56:14+00:00","dateModified":"2025-07-04T17:56:14+00:00","breadcrumb":{"@id":"https:\/\/evertonfc.cz\/index.php\/news\/galli-a-hope-prodlouzily\/#breadcrumb"},"inLanguage":"cs","potentialAction":[{"@type":"ReadAction","target":["https:\/\/evertonfc.cz\/index.php\/news\/galli-a-hope-prodlouzily\/"]}]},{"@type":"BreadcrumbList","@id":"https:\/\/evertonfc.cz\/index.php\/news\/galli-a-hope-prodlouzily\/#breadcrumb","itemListElement":[{"@type":"ListItem","position":1,"name":"Home","item":"https:\/\/evertonfc.cz\/"},{"@type":"ListItem","position":2,"name":"News","item":"https:\/\/evertonfc.cz\/index.php\/news\/"},{"@type":"ListItem","position":3,"name":"Galli a Hope prodlou\u017eily"}]},{"@type":"WebSite","@id":"https:\/\/evertonfc.cz\/#website","url":"https:\/\/evertonfc.cz\/","name":"Official Czech &amp; Slovak Everton Supporters&#039; Club","description":"","publisher":{"@id":"https:\/\/evertonfc.cz\/#organization"},"potentialAction":[{"@type":"SearchAction","target":{"@type":"EntryPoint","urlTemplate":"https:\/\/evertonfc.cz\/?s={search_term_string}"},"query-input":{"@type":"PropertyValueSpecification","valueRequired":true,"valueName":"search_term_string"}}],"inLanguage":"cs"},{"@type":"Organization","@id":"https:\/\/evertonfc.cz\/#organization","name":"Official Czech & Slovak Everton Supporters' Club","url":"https:\/\/evertonfc.cz\/","logo":{"@type":"ImageObject","inLanguage":"cs","@id":"https:\/\/evertonfc.cz\/#\/schema\/logo\/image\/","url":"https:\/\/evertonfc.cz\/wp-content\/uploads\/2019\/05\/logo.png","contentUrl":"https:\/\/evertonfc.cz\/wp-content\/uploads\/2019\/05\/logo.png","width":112,"height":112,"caption":"Official Czech & Slovak Everton Supporters' Club"},"image":{"@id":"https:\/\/evertonfc.cz\/#\/schema\/logo\/image\/"},"sameAs":["https:\/\/www.facebook.com\/everton.fans.cz.sk"]}]}},"_links":{"self":[{"href":"https:\/\/evertonfc.cz\/index.php\/wp-json\/wp\/v2\/news\/26974"}],"collection":[{"href":"https:\/\/evertonfc.cz\/index.php\/wp-json\/wp\/v2\/news"}],"about":[{"href":"https:\/\/evertonfc.cz\/index.php\/wp-json\/wp\/v2\/types\/news"}],"author":[{"embeddable":true,"href":"https:\/\/evertonfc.cz\/index.php\/wp-json\/wp\/v2\/users\/26"}],"replies":[{"embeddable":true,"href":"https:\/\/evertonfc.cz\/index.php\/wp-json\/wp\/v2\/comments?post=26974"}],"version-history":[{"count":1,"href":"https:\/\/evertonfc.cz\/index.php\/wp-json\/wp\/v2\/news\/26974\/revisions"}],"predecessor-version":[{"id":26975,"href":"https:\/\/evertonfc.cz\/index.php\/wp-json\/wp\/v2\/news\/26974\/revisions\/26975"}],"wp:attachment":[{"href":"https:\/\/evertonfc.cz\/index.php\/wp-json\/wp\/v2\/media?parent=26974"}],"wp:term":[{"taxonomy":"post_tag","embeddable":true,"href":"https:\/\/evertonfc.cz\/index.php\/wp-json\/wp\/v2\/tags?post=26974"},{"taxonomy":"news-category","embeddable":true,"href":"https:\/\/evertonfc.cz\/index.php\/wp-json\/wp\/v2\/news-category?post=26974"}],"curies":[{"name":"wp","href":"https:\/\/api.w.org\/{rel}","templated":true}]}}