{"id":26998,"date":"2025-07-07T20:36:39","date_gmt":"2025-07-07T18:36:39","guid":{"rendered":"https:\/\/evertonfc.cz\/?post_type=news&#038;p=26998"},"modified":"2025-07-08T08:16:13","modified_gmt":"2025-07-08T06:16:13","slug":"gueye-a-keane-zustavaji","status":"publish","type":"news","link":"https:\/\/evertonfc.cz\/index.php\/news\/gueye-a-keane-zustavaji\/","title":{"rendered":"Gueye a Keane z\u016fstavaj\u00ed"},"content":{"rendered":"<p>Idrissa Gueye a Michael Keane prodlou\u017eili sv\u00e9 kon\u010d\u00edc\u00ed smlouvy o jeden rok a dres Evertonu budou nosit minim\u00e1ln\u011b do l\u00e9ta 2026. Klub m\u00e1 nav\u00edc mo\u017enost jejich kontrakty prodlou\u017eit o dal\u0161\u00ed rok, p\u0159i\u010dem\u017e v p\u0159\u00edpad\u011b senegalsk\u00e9ho z\u00e1lo\u017en\u00edka se tak stane automaticky po odehr\u00e1n\u00ed ur\u010dit\u00e9ho po\u010dtu utk\u00e1n\u00ed.<\/p>\n<p>35let\u00fd Gueye byl v ned\u00e1vno skon\u010den\u00e9 sez\u00f3n\u011b vyhl\u00e1\u0161en nejlep\u0161\u00edm hr\u00e1\u010dem Evertonu podle fanou\u0161k\u016f i spoluhr\u00e1\u010d\u016f. I p\u0159es sv\u016fj fotbalov\u011b pokro\u010dil\u00fd v\u011bk je st\u00e1le jedn\u00edm z nejlep\u0161\u00edch ligov\u00fdch hr\u00e1\u010d\u016f v po\u010dtu z\u00edskan\u00fdch m\u00ed\u010d\u016f a vyhran\u00fdch souboj\u016f. D\u00e1 se o\u010dek\u00e1vat, \u017ee tak\u00e9 ve sv\u00e9 sedm\u00e9 sez\u00f3n\u011b v Evertonu bude pat\u0159it mezi kl\u00ed\u010dov\u00e9 postavy t\u00fdmu Davida Moyese. Na p\u0159elomu roku v\u0161ak s velkou pravd\u011bpodobnost\u00ed odcestuje reprezentovat Senegal na Africk\u00fd poh\u00e1r n\u00e1rod\u016f, kv\u016fli \u010demu\u017e m\u016f\u017ee chyb\u011bt a\u017e v sedmi ligov\u00fdch z\u00e1pasech.<\/p>\n<p>O t\u0159i roky mlad\u0161\u00ed Keane nepat\u0159\u00ed k tak d\u016fle\u017eit\u00fdm postav\u00e1m jako jeho zm\u00edn\u011bn\u00fd spoluhr\u00e1\u010d. V hierarchii st\u0159edn\u00edch obr\u00e1nc\u016f Toffees mu kv\u016fli \u010dast\u00fdm chyb\u00e1m pat\u0159\u00ed a\u017e \u010dtvrt\u00e9 m\u00edsto. Mana\u017eer David Moyes si ale cen\u00ed jeho zku\u0161enost\u00ed a vyzdvihl zlep\u0161en\u00e9 v\u00fdkony v z\u00e1v\u011bru sez\u00f3ny, kter\u00e9 p\u0159ece jen nab\u00eddly jist\u00fd n\u00e1znak nad\u011bje.<\/p>\n","protected":false},"excerpt":{"rendered":"<p>Idrissa Gueye a Michael Keane prodlou\u017eili sv\u00e9 kon\u010d\u00edc\u00ed smlouvy o jeden rok a dres Evertonu budou nosit minim\u00e1ln\u011b do l\u00e9ta&hellip;<\/p>\n","protected":false},"author":6,"featured_media":0,"comment_status":"open","ping_status":"closed","template":"","tags":[],"news-category":[18],"yoast_head":"<!-- This site is optimized with the Yoast SEO plugin v23.4 - https:\/\/yoast.com\/wordpress\/plugins\/seo\/ -->\n<title>Gueye a Keane z\u016fstavaj\u00ed - Official Czech &amp; Slovak Everton Supporters&#039; Club<\/title>\n<meta name=\"robots\" content=\"index, follow, max-snippet:-1, max-image-preview:large, max-video-preview:-1\" \/>\n<link rel=\"canonical\" href=\"https:\/\/evertonfc.cz\/index.php\/news\/gueye-a-keane-zustavaji\/\" \/>\n<meta property=\"og:locale\" content=\"cs_CZ\" \/>\n<meta property=\"og:type\" content=\"article\" \/>\n<meta property=\"og:title\" content=\"Gueye a Keane z\u016fstavaj\u00ed - Official Czech &amp; Slovak Everton Supporters&#039; Club\" \/>\n<meta property=\"og:description\" content=\"Idrissa Gueye a Michael Keane prodlou\u017eili sv\u00e9 kon\u010d\u00edc\u00ed smlouvy o jeden rok a dres Evertonu budou nosit minim\u00e1ln\u011b do l\u00e9ta&hellip;\" \/>\n<meta property=\"og:url\" content=\"https:\/\/evertonfc.cz\/index.php\/news\/gueye-a-keane-zustavaji\/\" \/>\n<meta property=\"og:site_name\" content=\"Official Czech &amp; Slovak Everton Supporters&#039; Club\" \/>\n<meta property=\"article:publisher\" content=\"https:\/\/www.facebook.com\/everton.fans.cz.sk\" \/>\n<meta property=\"article:modified_time\" content=\"2025-07-08T06:16:13+00:00\" \/>\n<meta name=\"twitter:card\" content=\"summary_large_image\" \/>\n<meta name=\"twitter:label1\" content=\"Odhadovan\u00e1 doba \u010dten\u00ed\" \/>\n\t<meta name=\"twitter:data1\" content=\"1 minuta\" \/>\n<script type=\"application\/ld+json\" class=\"yoast-schema-graph\">{\"@context\":\"https:\/\/schema.org\",\"@graph\":[{\"@type\":\"WebPage\",\"@id\":\"https:\/\/evertonfc.cz\/index.php\/news\/gueye-a-keane-zustavaji\/\",\"url\":\"https:\/\/evertonfc.cz\/index.php\/news\/gueye-a-keane-zustavaji\/\",\"name\":\"Gueye a Keane z\u016fstavaj\u00ed - Official Czech &amp; Slovak Everton Supporters&#039; Club\",\"isPartOf\":{\"@id\":\"https:\/\/evertonfc.cz\/#website\"},\"datePublished\":\"2025-07-07T18:36:39+00:00\",\"dateModified\":\"2025-07-08T06:16:13+00:00\",\"breadcrumb\":{\"@id\":\"https:\/\/evertonfc.cz\/index.php\/news\/gueye-a-keane-zustavaji\/#breadcrumb\"},\"inLanguage\":\"cs\",\"potentialAction\":[{\"@type\":\"ReadAction\",\"target\":[\"https:\/\/evertonfc.cz\/index.php\/news\/gueye-a-keane-zustavaji\/\"]}]},{\"@type\":\"BreadcrumbList\",\"@id\":\"https:\/\/evertonfc.cz\/index.php\/news\/gueye-a-keane-zustavaji\/#breadcrumb\",\"itemListElement\":[{\"@type\":\"ListItem\",\"position\":1,\"name\":\"Home\",\"item\":\"https:\/\/evertonfc.cz\/\"},{\"@type\":\"ListItem\",\"position\":2,\"name\":\"News\",\"item\":\"https:\/\/evertonfc.cz\/index.php\/news\/\"},{\"@type\":\"ListItem\",\"position\":3,\"name\":\"Gueye a Keane z\u016fstavaj\u00ed\"}]},{\"@type\":\"WebSite\",\"@id\":\"https:\/\/evertonfc.cz\/#website\",\"url\":\"https:\/\/evertonfc.cz\/\",\"name\":\"Official Czech &amp; Slovak Everton Supporters&#039; Club\",\"description\":\"\",\"publisher\":{\"@id\":\"https:\/\/evertonfc.cz\/#organization\"},\"potentialAction\":[{\"@type\":\"SearchAction\",\"target\":{\"@type\":\"EntryPoint\",\"urlTemplate\":\"https:\/\/evertonfc.cz\/?s={search_term_string}\"},\"query-input\":{\"@type\":\"PropertyValueSpecification\",\"valueRequired\":true,\"valueName\":\"search_term_string\"}}],\"inLanguage\":\"cs\"},{\"@type\":\"Organization\",\"@id\":\"https:\/\/evertonfc.cz\/#organization\",\"name\":\"Official Czech & Slovak Everton Supporters' Club\",\"url\":\"https:\/\/evertonfc.cz\/\",\"logo\":{\"@type\":\"ImageObject\",\"inLanguage\":\"cs\",\"@id\":\"https:\/\/evertonfc.cz\/#\/schema\/logo\/image\/\",\"url\":\"https:\/\/evertonfc.cz\/wp-content\/uploads\/2019\/05\/logo.png\",\"contentUrl\":\"https:\/\/evertonfc.cz\/wp-content\/uploads\/2019\/05\/logo.png\",\"width\":112,\"height\":112,\"caption\":\"Official Czech & Slovak Everton Supporters' Club\"},\"image\":{\"@id\":\"https:\/\/evertonfc.cz\/#\/schema\/logo\/image\/\"},\"sameAs\":[\"https:\/\/www.facebook.com\/everton.fans.cz.sk\"]}]}<\/script>\n<!-- \/ Yoast SEO plugin. -->","yoast_head_json":{"title":"Gueye a Keane z\u016fstavaj\u00ed - Official Czech &amp; Slovak Everton Supporters&#039; Club","robots":{"index":"index","follow":"follow","max-snippet":"max-snippet:-1","max-image-preview":"max-image-preview:large","max-video-preview":"max-video-preview:-1"},"canonical":"https:\/\/evertonfc.cz\/index.php\/news\/gueye-a-keane-zustavaji\/","og_locale":"cs_CZ","og_type":"article","og_title":"Gueye a Keane z\u016fstavaj\u00ed - Official Czech &amp; Slovak Everton Supporters&#039; Club","og_description":"Idrissa Gueye a Michael Keane prodlou\u017eili sv\u00e9 kon\u010d\u00edc\u00ed smlouvy o jeden rok a dres Evertonu budou nosit minim\u00e1ln\u011b do l\u00e9ta&hellip;","og_url":"https:\/\/evertonfc.cz\/index.php\/news\/gueye-a-keane-zustavaji\/","og_site_name":"Official Czech &amp; Slovak Everton Supporters&#039; Club","article_publisher":"https:\/\/www.facebook.com\/everton.fans.cz.sk","article_modified_time":"2025-07-08T06:16:13+00:00","twitter_card":"summary_large_image","twitter_misc":{"Odhadovan\u00e1 doba \u010dten\u00ed":"1 minuta"},"schema":{"@context":"https:\/\/schema.org","@graph":[{"@type":"WebPage","@id":"https:\/\/evertonfc.cz\/index.php\/news\/gueye-a-keane-zustavaji\/","url":"https:\/\/evertonfc.cz\/index.php\/news\/gueye-a-keane-zustavaji\/","name":"Gueye a Keane z\u016fstavaj\u00ed - Official Czech &amp; Slovak Everton Supporters&#039; Club","isPartOf":{"@id":"https:\/\/evertonfc.cz\/#website"},"datePublished":"2025-07-07T18:36:39+00:00","dateModified":"2025-07-08T06:16:13+00:00","breadcrumb":{"@id":"https:\/\/evertonfc.cz\/index.php\/news\/gueye-a-keane-zustavaji\/#breadcrumb"},"inLanguage":"cs","potentialAction":[{"@type":"ReadAction","target":["https:\/\/evertonfc.cz\/index.php\/news\/gueye-a-keane-zustavaji\/"]}]},{"@type":"BreadcrumbList","@id":"https:\/\/evertonfc.cz\/index.php\/news\/gueye-a-keane-zustavaji\/#breadcrumb","itemListElement":[{"@type":"ListItem","position":1,"name":"Home","item":"https:\/\/evertonfc.cz\/"},{"@type":"ListItem","position":2,"name":"News","item":"https:\/\/evertonfc.cz\/index.php\/news\/"},{"@type":"ListItem","position":3,"name":"Gueye a Keane z\u016fstavaj\u00ed"}]},{"@type":"WebSite","@id":"https:\/\/evertonfc.cz\/#website","url":"https:\/\/evertonfc.cz\/","name":"Official Czech &amp; Slovak Everton Supporters&#039; Club","description":"","publisher":{"@id":"https:\/\/evertonfc.cz\/#organization"},"potentialAction":[{"@type":"SearchAction","target":{"@type":"EntryPoint","urlTemplate":"https:\/\/evertonfc.cz\/?s={search_term_string}"},"query-input":{"@type":"PropertyValueSpecification","valueRequired":true,"valueName":"search_term_string"}}],"inLanguage":"cs"},{"@type":"Organization","@id":"https:\/\/evertonfc.cz\/#organization","name":"Official Czech & Slovak Everton Supporters' Club","url":"https:\/\/evertonfc.cz\/","logo":{"@type":"ImageObject","inLanguage":"cs","@id":"https:\/\/evertonfc.cz\/#\/schema\/logo\/image\/","url":"https:\/\/evertonfc.cz\/wp-content\/uploads\/2019\/05\/logo.png","contentUrl":"https:\/\/evertonfc.cz\/wp-content\/uploads\/2019\/05\/logo.png","width":112,"height":112,"caption":"Official Czech & Slovak Everton Supporters' Club"},"image":{"@id":"https:\/\/evertonfc.cz\/#\/schema\/logo\/image\/"},"sameAs":["https:\/\/www.facebook.com\/everton.fans.cz.sk"]}]}},"_links":{"self":[{"href":"https:\/\/evertonfc.cz\/index.php\/wp-json\/wp\/v2\/news\/26998"}],"collection":[{"href":"https:\/\/evertonfc.cz\/index.php\/wp-json\/wp\/v2\/news"}],"about":[{"href":"https:\/\/evertonfc.cz\/index.php\/wp-json\/wp\/v2\/types\/news"}],"author":[{"embeddable":true,"href":"https:\/\/evertonfc.cz\/index.php\/wp-json\/wp\/v2\/users\/6"}],"replies":[{"embeddable":true,"href":"https:\/\/evertonfc.cz\/index.php\/wp-json\/wp\/v2\/comments?post=26998"}],"version-history":[{"count":3,"href":"https:\/\/evertonfc.cz\/index.php\/wp-json\/wp\/v2\/news\/26998\/revisions"}],"predecessor-version":[{"id":27002,"href":"https:\/\/evertonfc.cz\/index.php\/wp-json\/wp\/v2\/news\/26998\/revisions\/27002"}],"wp:attachment":[{"href":"https:\/\/evertonfc.cz\/index.php\/wp-json\/wp\/v2\/media?parent=26998"}],"wp:term":[{"taxonomy":"post_tag","embeddable":true,"href":"https:\/\/evertonfc.cz\/index.php\/wp-json\/wp\/v2\/tags?post=26998"},{"taxonomy":"news-category","embeddable":true,"href":"https:\/\/evertonfc.cz\/index.php\/wp-json\/wp\/v2\/news-category?post=26998"}],"curies":[{"name":"wp","href":"https:\/\/api.w.org\/{rel}","templated":true}]}}