{"id":27133,"date":"2025-07-26T08:18:24","date_gmt":"2025-07-26T06:18:24","guid":{"rendered":"https:\/\/evertonfc.cz\/?post_type=news&#038;p=27133"},"modified":"2025-07-26T08:18:24","modified_gmt":"2025-07-26T06:18:24","slug":"metcalfe-do-bradfordu","status":"publish","type":"news","link":"https:\/\/evertonfc.cz\/index.php\/news\/metcalfe-do-bradfordu\/","title":{"rendered":"Metcalfe do Bradfordu"},"content":{"rendered":"<p>Jenson Metcalfe p\u0159estoupil za nezve\u0159ejn\u011bnou \u010d\u00e1stku do t\u0159etiligov\u00e9ho Bradford City, kde podepsal t\u0159\u00edletou smlouvu.<\/p>\n<p>Dvacetilet\u00fd st\u0159edopola\u0159 p\u016fsobil v Evertonu od sv\u00fdch p\u011bti let a s kapit\u00e1nskou p\u00e1skou na ruce pro\u0161el v\u0161emi ml\u00e1de\u017enick\u00fdmi kategoriemi. V roce 2022 ho p\u0159ibrzdilo v\u00e1\u017en\u00e9 zran\u011bn\u00ed kolene, ale u\u017e v n\u00e1sleduj\u00edc\u00ed sez\u00f3n\u011b 2023\/24 byl vyhl\u00e1\u0161en nejlep\u0161\u00edm hr\u00e1\u010dem v\u00fdb\u011bru Evertonu do 21 let. V lo\u0148sk\u00e9 sez\u00f3n\u011b pak pod\u00e1val solidn\u00ed v\u00fdkony ve \u010dtvrtoligov\u00e9m Chesterfieldu, kde odehr\u00e1l 30 z\u00e1pas\u016f.<\/p>\n<p>Debutu za A-t\u00fdm Evertonu se v\u0161ak nikdy nedo\u010dkal.<\/p>\n","protected":false},"excerpt":{"rendered":"<p>Jenson Metcalfe p\u0159estoupil za nezve\u0159ejn\u011bnou \u010d\u00e1stku do t\u0159etiligov\u00e9ho Bradford City, kde podepsal t\u0159\u00edletou smlouvu. Dvacetilet\u00fd st\u0159edopola\u0159 p\u016fsobil v Evertonu od&hellip;<\/p>\n","protected":false},"author":6,"featured_media":0,"comment_status":"open","ping_status":"closed","template":"","tags":[],"news-category":[18],"yoast_head":"<!-- This site is optimized with the Yoast SEO plugin v23.4 - https:\/\/yoast.com\/wordpress\/plugins\/seo\/ -->\n<title>Metcalfe do Bradfordu - Official Czech &amp; Slovak Everton Supporters&#039; Club<\/title>\n<meta name=\"robots\" content=\"index, follow, max-snippet:-1, max-image-preview:large, max-video-preview:-1\" \/>\n<link rel=\"canonical\" href=\"https:\/\/evertonfc.cz\/index.php\/news\/metcalfe-do-bradfordu\/\" \/>\n<meta property=\"og:locale\" content=\"cs_CZ\" \/>\n<meta property=\"og:type\" content=\"article\" \/>\n<meta property=\"og:title\" content=\"Metcalfe do Bradfordu - Official Czech &amp; Slovak Everton Supporters&#039; Club\" \/>\n<meta property=\"og:description\" content=\"Jenson Metcalfe p\u0159estoupil za nezve\u0159ejn\u011bnou \u010d\u00e1stku do t\u0159etiligov\u00e9ho Bradford City, kde podepsal t\u0159\u00edletou smlouvu. Dvacetilet\u00fd st\u0159edopola\u0159 p\u016fsobil v Evertonu od&hellip;\" \/>\n<meta property=\"og:url\" content=\"https:\/\/evertonfc.cz\/index.php\/news\/metcalfe-do-bradfordu\/\" \/>\n<meta property=\"og:site_name\" content=\"Official Czech &amp; Slovak Everton Supporters&#039; Club\" \/>\n<meta property=\"article:publisher\" content=\"https:\/\/www.facebook.com\/everton.fans.cz.sk\" \/>\n<meta name=\"twitter:card\" content=\"summary_large_image\" \/>\n<meta name=\"twitter:label1\" content=\"Odhadovan\u00e1 doba \u010dten\u00ed\" \/>\n\t<meta name=\"twitter:data1\" content=\"1 minuta\" \/>\n<script type=\"application\/ld+json\" class=\"yoast-schema-graph\">{\"@context\":\"https:\/\/schema.org\",\"@graph\":[{\"@type\":\"WebPage\",\"@id\":\"https:\/\/evertonfc.cz\/index.php\/news\/metcalfe-do-bradfordu\/\",\"url\":\"https:\/\/evertonfc.cz\/index.php\/news\/metcalfe-do-bradfordu\/\",\"name\":\"Metcalfe do Bradfordu - Official Czech &amp; Slovak Everton Supporters&#039; Club\",\"isPartOf\":{\"@id\":\"https:\/\/evertonfc.cz\/#website\"},\"datePublished\":\"2025-07-26T06:18:24+00:00\",\"dateModified\":\"2025-07-26T06:18:24+00:00\",\"breadcrumb\":{\"@id\":\"https:\/\/evertonfc.cz\/index.php\/news\/metcalfe-do-bradfordu\/#breadcrumb\"},\"inLanguage\":\"cs\",\"potentialAction\":[{\"@type\":\"ReadAction\",\"target\":[\"https:\/\/evertonfc.cz\/index.php\/news\/metcalfe-do-bradfordu\/\"]}]},{\"@type\":\"BreadcrumbList\",\"@id\":\"https:\/\/evertonfc.cz\/index.php\/news\/metcalfe-do-bradfordu\/#breadcrumb\",\"itemListElement\":[{\"@type\":\"ListItem\",\"position\":1,\"name\":\"Home\",\"item\":\"https:\/\/evertonfc.cz\/\"},{\"@type\":\"ListItem\",\"position\":2,\"name\":\"News\",\"item\":\"https:\/\/evertonfc.cz\/index.php\/news\/\"},{\"@type\":\"ListItem\",\"position\":3,\"name\":\"Metcalfe do Bradfordu\"}]},{\"@type\":\"WebSite\",\"@id\":\"https:\/\/evertonfc.cz\/#website\",\"url\":\"https:\/\/evertonfc.cz\/\",\"name\":\"Official Czech &amp; Slovak Everton Supporters&#039; Club\",\"description\":\"\",\"publisher\":{\"@id\":\"https:\/\/evertonfc.cz\/#organization\"},\"potentialAction\":[{\"@type\":\"SearchAction\",\"target\":{\"@type\":\"EntryPoint\",\"urlTemplate\":\"https:\/\/evertonfc.cz\/?s={search_term_string}\"},\"query-input\":{\"@type\":\"PropertyValueSpecification\",\"valueRequired\":true,\"valueName\":\"search_term_string\"}}],\"inLanguage\":\"cs\"},{\"@type\":\"Organization\",\"@id\":\"https:\/\/evertonfc.cz\/#organization\",\"name\":\"Official Czech & Slovak Everton Supporters' Club\",\"url\":\"https:\/\/evertonfc.cz\/\",\"logo\":{\"@type\":\"ImageObject\",\"inLanguage\":\"cs\",\"@id\":\"https:\/\/evertonfc.cz\/#\/schema\/logo\/image\/\",\"url\":\"https:\/\/evertonfc.cz\/wp-content\/uploads\/2019\/05\/logo.png\",\"contentUrl\":\"https:\/\/evertonfc.cz\/wp-content\/uploads\/2019\/05\/logo.png\",\"width\":112,\"height\":112,\"caption\":\"Official Czech & Slovak Everton Supporters' Club\"},\"image\":{\"@id\":\"https:\/\/evertonfc.cz\/#\/schema\/logo\/image\/\"},\"sameAs\":[\"https:\/\/www.facebook.com\/everton.fans.cz.sk\"]}]}<\/script>\n<!-- \/ Yoast SEO plugin. -->","yoast_head_json":{"title":"Metcalfe do Bradfordu - Official Czech &amp; Slovak Everton Supporters&#039; Club","robots":{"index":"index","follow":"follow","max-snippet":"max-snippet:-1","max-image-preview":"max-image-preview:large","max-video-preview":"max-video-preview:-1"},"canonical":"https:\/\/evertonfc.cz\/index.php\/news\/metcalfe-do-bradfordu\/","og_locale":"cs_CZ","og_type":"article","og_title":"Metcalfe do Bradfordu - Official Czech &amp; Slovak Everton Supporters&#039; Club","og_description":"Jenson Metcalfe p\u0159estoupil za nezve\u0159ejn\u011bnou \u010d\u00e1stku do t\u0159etiligov\u00e9ho Bradford City, kde podepsal t\u0159\u00edletou smlouvu. Dvacetilet\u00fd st\u0159edopola\u0159 p\u016fsobil v Evertonu od&hellip;","og_url":"https:\/\/evertonfc.cz\/index.php\/news\/metcalfe-do-bradfordu\/","og_site_name":"Official Czech &amp; Slovak Everton Supporters&#039; Club","article_publisher":"https:\/\/www.facebook.com\/everton.fans.cz.sk","twitter_card":"summary_large_image","twitter_misc":{"Odhadovan\u00e1 doba \u010dten\u00ed":"1 minuta"},"schema":{"@context":"https:\/\/schema.org","@graph":[{"@type":"WebPage","@id":"https:\/\/evertonfc.cz\/index.php\/news\/metcalfe-do-bradfordu\/","url":"https:\/\/evertonfc.cz\/index.php\/news\/metcalfe-do-bradfordu\/","name":"Metcalfe do Bradfordu - Official Czech &amp; Slovak Everton Supporters&#039; Club","isPartOf":{"@id":"https:\/\/evertonfc.cz\/#website"},"datePublished":"2025-07-26T06:18:24+00:00","dateModified":"2025-07-26T06:18:24+00:00","breadcrumb":{"@id":"https:\/\/evertonfc.cz\/index.php\/news\/metcalfe-do-bradfordu\/#breadcrumb"},"inLanguage":"cs","potentialAction":[{"@type":"ReadAction","target":["https:\/\/evertonfc.cz\/index.php\/news\/metcalfe-do-bradfordu\/"]}]},{"@type":"BreadcrumbList","@id":"https:\/\/evertonfc.cz\/index.php\/news\/metcalfe-do-bradfordu\/#breadcrumb","itemListElement":[{"@type":"ListItem","position":1,"name":"Home","item":"https:\/\/evertonfc.cz\/"},{"@type":"ListItem","position":2,"name":"News","item":"https:\/\/evertonfc.cz\/index.php\/news\/"},{"@type":"ListItem","position":3,"name":"Metcalfe do Bradfordu"}]},{"@type":"WebSite","@id":"https:\/\/evertonfc.cz\/#website","url":"https:\/\/evertonfc.cz\/","name":"Official Czech &amp; Slovak Everton Supporters&#039; Club","description":"","publisher":{"@id":"https:\/\/evertonfc.cz\/#organization"},"potentialAction":[{"@type":"SearchAction","target":{"@type":"EntryPoint","urlTemplate":"https:\/\/evertonfc.cz\/?s={search_term_string}"},"query-input":{"@type":"PropertyValueSpecification","valueRequired":true,"valueName":"search_term_string"}}],"inLanguage":"cs"},{"@type":"Organization","@id":"https:\/\/evertonfc.cz\/#organization","name":"Official Czech & Slovak Everton Supporters' Club","url":"https:\/\/evertonfc.cz\/","logo":{"@type":"ImageObject","inLanguage":"cs","@id":"https:\/\/evertonfc.cz\/#\/schema\/logo\/image\/","url":"https:\/\/evertonfc.cz\/wp-content\/uploads\/2019\/05\/logo.png","contentUrl":"https:\/\/evertonfc.cz\/wp-content\/uploads\/2019\/05\/logo.png","width":112,"height":112,"caption":"Official Czech & Slovak Everton Supporters' Club"},"image":{"@id":"https:\/\/evertonfc.cz\/#\/schema\/logo\/image\/"},"sameAs":["https:\/\/www.facebook.com\/everton.fans.cz.sk"]}]}},"_links":{"self":[{"href":"https:\/\/evertonfc.cz\/index.php\/wp-json\/wp\/v2\/news\/27133"}],"collection":[{"href":"https:\/\/evertonfc.cz\/index.php\/wp-json\/wp\/v2\/news"}],"about":[{"href":"https:\/\/evertonfc.cz\/index.php\/wp-json\/wp\/v2\/types\/news"}],"author":[{"embeddable":true,"href":"https:\/\/evertonfc.cz\/index.php\/wp-json\/wp\/v2\/users\/6"}],"replies":[{"embeddable":true,"href":"https:\/\/evertonfc.cz\/index.php\/wp-json\/wp\/v2\/comments?post=27133"}],"version-history":[{"count":1,"href":"https:\/\/evertonfc.cz\/index.php\/wp-json\/wp\/v2\/news\/27133\/revisions"}],"predecessor-version":[{"id":27134,"href":"https:\/\/evertonfc.cz\/index.php\/wp-json\/wp\/v2\/news\/27133\/revisions\/27134"}],"wp:attachment":[{"href":"https:\/\/evertonfc.cz\/index.php\/wp-json\/wp\/v2\/media?parent=27133"}],"wp:term":[{"taxonomy":"post_tag","embeddable":true,"href":"https:\/\/evertonfc.cz\/index.php\/wp-json\/wp\/v2\/tags?post=27133"},{"taxonomy":"news-category","embeddable":true,"href":"https:\/\/evertonfc.cz\/index.php\/wp-json\/wp\/v2\/news-category?post=27133"}],"curies":[{"name":"wp","href":"https:\/\/api.w.org\/{rel}","templated":true}]}}