{"id":27249,"date":"2025-08-15T11:37:54","date_gmt":"2025-08-15T09:37:54","guid":{"rendered":"https:\/\/evertonfc.cz\/?post_type=news&#038;p=27249"},"modified":"2025-08-15T17:10:06","modified_gmt":"2025-08-15T15:10:06","slug":"v-poharu-doma-s-mansfieldem","status":"publish","type":"news","link":"https:\/\/evertonfc.cz\/index.php\/news\/v-poharu-doma-s-mansfieldem\/","title":{"rendered":"V poh\u00e1ru doma s Mansfieldem"},"content":{"rendered":"<p data-start=\"80\" data-end=\"259\">Los Ligov\u00e9ho poh\u00e1ru ur\u010dil, \u017ee Everton ve 2. kole sout\u011b\u017ee p\u0159iv\u00edt\u00e1 na dom\u00e1c\u00ed p\u016fd\u011b Mansfield Town, kter\u00fd v minul\u00e9 sez\u00f3n\u011b obsadil 17. m\u00edsto v League One. Utk\u00e1n\u00ed se odehraje ve st\u0159edu 27. srpna od 20:45 SE\u010c.<\/p>\n<p data-start=\"261\" data-end=\"395\">Mu\u017estvo ze severoz\u00e1padn\u00edho Nottinghamshiru vede b\u00fdval\u00fd anglick\u00fd reprezentant Nigel Clough, syn legend\u00e1rn\u00edho mana\u017eera Briana Clougha.<\/p>\n<p data-start=\"397\" data-end=\"654\">Zaj\u00edmavost\u00ed je, \u017ee utk\u00e1n\u00ed na Hill Dickinson Stadium nab\u00eddne souboj t\u00fdm\u016f, kter\u00e9 v r\u00e1mci anglick\u00fdch profesion\u00e1ln\u00edch sout\u011b\u017e\u00ed hraj\u00ed na nejnov\u011bj\u0161\u00edm a nejstar\u0161\u00edm p\u016fvodn\u011b fotbalov\u00e9m stadionu. Sou\u010dasn\u00fd domov Mansfield Town \u2013 One Call Stadium, tradi\u010dn\u011b zn\u00e1m\u00fd jako Field Mill \u2013 host\u00ed fotbalov\u00e9 z\u00e1pasy u\u017e od roku 1861.<\/p>\n","protected":false},"excerpt":{"rendered":"<p>Los Ligov\u00e9ho poh\u00e1ru ur\u010dil, \u017ee Everton ve 2. kole sout\u011b\u017ee p\u0159iv\u00edt\u00e1 na dom\u00e1c\u00ed p\u016fd\u011b Mansfield Town, kter\u00fd v minul\u00e9 sez\u00f3n\u011b&hellip;<\/p>\n","protected":false},"author":6,"featured_media":0,"comment_status":"open","ping_status":"closed","template":"","tags":[],"news-category":[18],"yoast_head":"<!-- This site is optimized with the Yoast SEO plugin v23.4 - https:\/\/yoast.com\/wordpress\/plugins\/seo\/ -->\n<title>V poh\u00e1ru doma s Mansfieldem - Official Czech &amp; Slovak Everton Supporters&#039; Club<\/title>\n<meta name=\"robots\" content=\"index, follow, max-snippet:-1, max-image-preview:large, max-video-preview:-1\" \/>\n<link rel=\"canonical\" href=\"https:\/\/evertonfc.cz\/index.php\/news\/v-poharu-doma-s-mansfieldem\/\" \/>\n<meta property=\"og:locale\" content=\"cs_CZ\" \/>\n<meta property=\"og:type\" content=\"article\" \/>\n<meta property=\"og:title\" content=\"V poh\u00e1ru doma s Mansfieldem - Official Czech &amp; Slovak Everton Supporters&#039; Club\" \/>\n<meta property=\"og:description\" content=\"Los Ligov\u00e9ho poh\u00e1ru ur\u010dil, \u017ee Everton ve 2. kole sout\u011b\u017ee p\u0159iv\u00edt\u00e1 na dom\u00e1c\u00ed p\u016fd\u011b Mansfield Town, kter\u00fd v minul\u00e9 sez\u00f3n\u011b&hellip;\" \/>\n<meta property=\"og:url\" content=\"https:\/\/evertonfc.cz\/index.php\/news\/v-poharu-doma-s-mansfieldem\/\" \/>\n<meta property=\"og:site_name\" content=\"Official Czech &amp; Slovak Everton Supporters&#039; Club\" \/>\n<meta property=\"article:publisher\" content=\"https:\/\/www.facebook.com\/everton.fans.cz.sk\" \/>\n<meta property=\"article:modified_time\" content=\"2025-08-15T15:10:06+00:00\" \/>\n<meta name=\"twitter:card\" content=\"summary_large_image\" \/>\n<meta name=\"twitter:label1\" content=\"Odhadovan\u00e1 doba \u010dten\u00ed\" \/>\n\t<meta name=\"twitter:data1\" content=\"1 minuta\" \/>\n<script type=\"application\/ld+json\" class=\"yoast-schema-graph\">{\"@context\":\"https:\/\/schema.org\",\"@graph\":[{\"@type\":\"WebPage\",\"@id\":\"https:\/\/evertonfc.cz\/index.php\/news\/v-poharu-doma-s-mansfieldem\/\",\"url\":\"https:\/\/evertonfc.cz\/index.php\/news\/v-poharu-doma-s-mansfieldem\/\",\"name\":\"V poh\u00e1ru doma s Mansfieldem - Official Czech &amp; Slovak Everton Supporters&#039; Club\",\"isPartOf\":{\"@id\":\"https:\/\/evertonfc.cz\/#website\"},\"datePublished\":\"2025-08-15T09:37:54+00:00\",\"dateModified\":\"2025-08-15T15:10:06+00:00\",\"breadcrumb\":{\"@id\":\"https:\/\/evertonfc.cz\/index.php\/news\/v-poharu-doma-s-mansfieldem\/#breadcrumb\"},\"inLanguage\":\"cs\",\"potentialAction\":[{\"@type\":\"ReadAction\",\"target\":[\"https:\/\/evertonfc.cz\/index.php\/news\/v-poharu-doma-s-mansfieldem\/\"]}]},{\"@type\":\"BreadcrumbList\",\"@id\":\"https:\/\/evertonfc.cz\/index.php\/news\/v-poharu-doma-s-mansfieldem\/#breadcrumb\",\"itemListElement\":[{\"@type\":\"ListItem\",\"position\":1,\"name\":\"Home\",\"item\":\"https:\/\/evertonfc.cz\/\"},{\"@type\":\"ListItem\",\"position\":2,\"name\":\"News\",\"item\":\"https:\/\/evertonfc.cz\/index.php\/news\/\"},{\"@type\":\"ListItem\",\"position\":3,\"name\":\"V poh\u00e1ru doma s Mansfieldem\"}]},{\"@type\":\"WebSite\",\"@id\":\"https:\/\/evertonfc.cz\/#website\",\"url\":\"https:\/\/evertonfc.cz\/\",\"name\":\"Official Czech &amp; Slovak Everton Supporters&#039; Club\",\"description\":\"\",\"publisher\":{\"@id\":\"https:\/\/evertonfc.cz\/#organization\"},\"potentialAction\":[{\"@type\":\"SearchAction\",\"target\":{\"@type\":\"EntryPoint\",\"urlTemplate\":\"https:\/\/evertonfc.cz\/?s={search_term_string}\"},\"query-input\":{\"@type\":\"PropertyValueSpecification\",\"valueRequired\":true,\"valueName\":\"search_term_string\"}}],\"inLanguage\":\"cs\"},{\"@type\":\"Organization\",\"@id\":\"https:\/\/evertonfc.cz\/#organization\",\"name\":\"Official Czech & Slovak Everton Supporters' Club\",\"url\":\"https:\/\/evertonfc.cz\/\",\"logo\":{\"@type\":\"ImageObject\",\"inLanguage\":\"cs\",\"@id\":\"https:\/\/evertonfc.cz\/#\/schema\/logo\/image\/\",\"url\":\"https:\/\/evertonfc.cz\/wp-content\/uploads\/2019\/05\/logo.png\",\"contentUrl\":\"https:\/\/evertonfc.cz\/wp-content\/uploads\/2019\/05\/logo.png\",\"width\":112,\"height\":112,\"caption\":\"Official Czech & Slovak Everton Supporters' Club\"},\"image\":{\"@id\":\"https:\/\/evertonfc.cz\/#\/schema\/logo\/image\/\"},\"sameAs\":[\"https:\/\/www.facebook.com\/everton.fans.cz.sk\"]}]}<\/script>\n<!-- \/ Yoast SEO plugin. -->","yoast_head_json":{"title":"V poh\u00e1ru doma s Mansfieldem - Official Czech &amp; Slovak Everton Supporters&#039; Club","robots":{"index":"index","follow":"follow","max-snippet":"max-snippet:-1","max-image-preview":"max-image-preview:large","max-video-preview":"max-video-preview:-1"},"canonical":"https:\/\/evertonfc.cz\/index.php\/news\/v-poharu-doma-s-mansfieldem\/","og_locale":"cs_CZ","og_type":"article","og_title":"V poh\u00e1ru doma s Mansfieldem - Official Czech &amp; Slovak Everton Supporters&#039; Club","og_description":"Los Ligov\u00e9ho poh\u00e1ru ur\u010dil, \u017ee Everton ve 2. kole sout\u011b\u017ee p\u0159iv\u00edt\u00e1 na dom\u00e1c\u00ed p\u016fd\u011b Mansfield Town, kter\u00fd v minul\u00e9 sez\u00f3n\u011b&hellip;","og_url":"https:\/\/evertonfc.cz\/index.php\/news\/v-poharu-doma-s-mansfieldem\/","og_site_name":"Official Czech &amp; Slovak Everton Supporters&#039; Club","article_publisher":"https:\/\/www.facebook.com\/everton.fans.cz.sk","article_modified_time":"2025-08-15T15:10:06+00:00","twitter_card":"summary_large_image","twitter_misc":{"Odhadovan\u00e1 doba \u010dten\u00ed":"1 minuta"},"schema":{"@context":"https:\/\/schema.org","@graph":[{"@type":"WebPage","@id":"https:\/\/evertonfc.cz\/index.php\/news\/v-poharu-doma-s-mansfieldem\/","url":"https:\/\/evertonfc.cz\/index.php\/news\/v-poharu-doma-s-mansfieldem\/","name":"V poh\u00e1ru doma s Mansfieldem - Official Czech &amp; Slovak Everton Supporters&#039; Club","isPartOf":{"@id":"https:\/\/evertonfc.cz\/#website"},"datePublished":"2025-08-15T09:37:54+00:00","dateModified":"2025-08-15T15:10:06+00:00","breadcrumb":{"@id":"https:\/\/evertonfc.cz\/index.php\/news\/v-poharu-doma-s-mansfieldem\/#breadcrumb"},"inLanguage":"cs","potentialAction":[{"@type":"ReadAction","target":["https:\/\/evertonfc.cz\/index.php\/news\/v-poharu-doma-s-mansfieldem\/"]}]},{"@type":"BreadcrumbList","@id":"https:\/\/evertonfc.cz\/index.php\/news\/v-poharu-doma-s-mansfieldem\/#breadcrumb","itemListElement":[{"@type":"ListItem","position":1,"name":"Home","item":"https:\/\/evertonfc.cz\/"},{"@type":"ListItem","position":2,"name":"News","item":"https:\/\/evertonfc.cz\/index.php\/news\/"},{"@type":"ListItem","position":3,"name":"V poh\u00e1ru doma s Mansfieldem"}]},{"@type":"WebSite","@id":"https:\/\/evertonfc.cz\/#website","url":"https:\/\/evertonfc.cz\/","name":"Official Czech &amp; Slovak Everton Supporters&#039; Club","description":"","publisher":{"@id":"https:\/\/evertonfc.cz\/#organization"},"potentialAction":[{"@type":"SearchAction","target":{"@type":"EntryPoint","urlTemplate":"https:\/\/evertonfc.cz\/?s={search_term_string}"},"query-input":{"@type":"PropertyValueSpecification","valueRequired":true,"valueName":"search_term_string"}}],"inLanguage":"cs"},{"@type":"Organization","@id":"https:\/\/evertonfc.cz\/#organization","name":"Official Czech & Slovak Everton Supporters' Club","url":"https:\/\/evertonfc.cz\/","logo":{"@type":"ImageObject","inLanguage":"cs","@id":"https:\/\/evertonfc.cz\/#\/schema\/logo\/image\/","url":"https:\/\/evertonfc.cz\/wp-content\/uploads\/2019\/05\/logo.png","contentUrl":"https:\/\/evertonfc.cz\/wp-content\/uploads\/2019\/05\/logo.png","width":112,"height":112,"caption":"Official Czech & Slovak Everton Supporters' Club"},"image":{"@id":"https:\/\/evertonfc.cz\/#\/schema\/logo\/image\/"},"sameAs":["https:\/\/www.facebook.com\/everton.fans.cz.sk"]}]}},"_links":{"self":[{"href":"https:\/\/evertonfc.cz\/index.php\/wp-json\/wp\/v2\/news\/27249"}],"collection":[{"href":"https:\/\/evertonfc.cz\/index.php\/wp-json\/wp\/v2\/news"}],"about":[{"href":"https:\/\/evertonfc.cz\/index.php\/wp-json\/wp\/v2\/types\/news"}],"author":[{"embeddable":true,"href":"https:\/\/evertonfc.cz\/index.php\/wp-json\/wp\/v2\/users\/6"}],"replies":[{"embeddable":true,"href":"https:\/\/evertonfc.cz\/index.php\/wp-json\/wp\/v2\/comments?post=27249"}],"version-history":[{"count":5,"href":"https:\/\/evertonfc.cz\/index.php\/wp-json\/wp\/v2\/news\/27249\/revisions"}],"predecessor-version":[{"id":27254,"href":"https:\/\/evertonfc.cz\/index.php\/wp-json\/wp\/v2\/news\/27249\/revisions\/27254"}],"wp:attachment":[{"href":"https:\/\/evertonfc.cz\/index.php\/wp-json\/wp\/v2\/media?parent=27249"}],"wp:term":[{"taxonomy":"post_tag","embeddable":true,"href":"https:\/\/evertonfc.cz\/index.php\/wp-json\/wp\/v2\/tags?post=27249"},{"taxonomy":"news-category","embeddable":true,"href":"https:\/\/evertonfc.cz\/index.php\/wp-json\/wp\/v2\/news-category?post=27249"}],"curies":[{"name":"wp","href":"https:\/\/api.w.org\/{rel}","templated":true}]}}