{"id":27255,"date":"2025-08-15T19:45:49","date_gmt":"2025-08-15T17:45:49","guid":{"rendered":"https:\/\/evertonfc.cz\/?post_type=news&#038;p=27255"},"modified":"2025-08-15T19:45:49","modified_gmt":"2025-08-15T17:45:49","slug":"fantasy-2025-26","status":"publish","type":"news","link":"https:\/\/evertonfc.cz\/index.php\/news\/fantasy-2025-26\/","title":{"rendered":"Fantasy 2025\/26"},"content":{"rendered":"<p>Piaty rok po sebe si fan\u00fa\u0161ikovia z \u010cesk\u00e9ho a slovensk\u00e9ho fanklubu Evertonu obnovuj\u00fa vlastn\u00fa ligu v online priestore Fantasy Premier League. Chce\u0161 sa prida\u0165 a s\u00fa\u0165a\u017ei\u0165 s modr\u00fdmi kolegami? Liga za\u010d\u00edna u\u017e dnes!<\/p>\n<p>Princ\u00edp spo\u010d\u00edva v zostaven\u00ed imagin\u00e1rneho t\u00edmu zo skuto\u010dn\u00fdch futbalistov a z\u00edskavan\u00ed bodov na z\u00e1klade aktu\u00e1lnych \u0161tatistick\u00fdch v\u00fdkonov t\u00fdchto hr\u00e1\u010dov, alebo ich vn\u00edman\u00e9ho pr\u00ednosu po\u010das re\u00e1lnych z\u00e1pasov.<\/p>\n<ol>\n<li>ro\u010dn\u00edk vyhral:\u00a0<em><strong>duch.abum<\/strong><\/em><\/li>\n<li>ro\u010dn\u00edk vyhral:\u00a0<strong><em>BlueBlooded<\/em><\/strong><\/li>\n<li>ro\u010dn\u00edk vyhral:\u00a0<em><strong>Ri\u010di<\/strong><\/em><\/li>\n<li>ro\u010dn\u00edk vyhral:\u00a0<strong><em>BlueBlooded<\/em><\/strong><\/li>\n<\/ol>\n<p>Na particip\u00e1ciu potrebuje\u0161 by\u0165 registrovan\u00fd na port\u00e1li\u00a0<strong><a href=\"http:\/\/fantasy.premierleague.com\/\">fantasy.premierleague.com<\/a><\/strong>. Ak ste hrali minul\u00fd rok, sta\u010d\u00ed sa znovu prihl\u00e1si\u0165 a\u00a0do konkr\u00e9tnej na\u0161ej ligy s n\u00e1zvom\u00a0<strong>CZ SK Evertonians <\/strong>je k\u00f3d: <strong>speam6<\/strong><\/p>\n<p>Stanoven\u00e9 s\u00fa aj intern\u00e9 pravidl\u00e1, ktor\u00e9 s\u00fa v\u017edy kontrolovan\u00e9, a d\u00fafame, \u017ee bud\u00fa aj \u010destne dodr\u017eiavan\u00e9:<\/p>\n<ul>\n<li><span style=\"color: #3366ff;\"><strong>V\u017edy ma\u0165 v k\u00e1dri maxim\u00e1lny po\u010det \u013eubovo\u013en\u00fdch hr\u00e1\u010dov Evertonu, \u010di\u017ee 3.<\/strong><\/span><\/li>\n<li><span style=\"color: #ff0000;\"><strong>\u017diadni hr\u00e1\u010di Liverpoolu nie s\u00fa akceptovan\u00ed, \u010di\u017ee 0.<\/strong><\/span><\/li>\n<\/ul>\n<p>V pr\u00edpade poru\u0161enia pravidiel pri n\u00e1hodn\u00fdch kontrol\u00e1ch bude dan\u00fd hr\u00e1\u010d z ligy automaticky vyhoden\u00fd. Tak ako aj minul\u00fd rok, ke\u010f sme pri prvej kontrole vyhodili hne\u010f piatich s\u00fa\u0165a\u017eiacich.<\/p>\n<p>Te\u0161\u00edme sa na va\u0161u \u00fa\u010das\u0165 a\u00a0prajeme ve\u013ea \u0161\u0165astia!<\/p>\n","protected":false},"excerpt":{"rendered":"<p>Piaty rok po sebe si fan\u00fa\u0161ikovia z \u010cesk\u00e9ho a slovensk\u00e9ho fanklubu Evertonu obnovuj\u00fa vlastn\u00fa ligu v online priestore Fantasy Premier&hellip;<\/p>\n","protected":false},"author":1,"featured_media":0,"comment_status":"open","ping_status":"closed","template":"","tags":[],"news-category":[18],"yoast_head":"<!-- This site is optimized with the Yoast SEO plugin v23.4 - https:\/\/yoast.com\/wordpress\/plugins\/seo\/ -->\n<title>Fantasy 2025\/26 - Official Czech &amp; Slovak Everton Supporters&#039; Club<\/title>\n<meta name=\"robots\" content=\"index, follow, max-snippet:-1, max-image-preview:large, max-video-preview:-1\" \/>\n<link rel=\"canonical\" href=\"https:\/\/evertonfc.cz\/index.php\/news\/fantasy-2025-26\/\" \/>\n<meta property=\"og:locale\" content=\"cs_CZ\" \/>\n<meta property=\"og:type\" content=\"article\" \/>\n<meta property=\"og:title\" content=\"Fantasy 2025\/26 - Official Czech &amp; Slovak Everton Supporters&#039; Club\" \/>\n<meta property=\"og:description\" content=\"Piaty rok po sebe si fan\u00fa\u0161ikovia z \u010cesk\u00e9ho a slovensk\u00e9ho fanklubu Evertonu obnovuj\u00fa vlastn\u00fa ligu v online priestore Fantasy Premier&hellip;\" \/>\n<meta property=\"og:url\" content=\"https:\/\/evertonfc.cz\/index.php\/news\/fantasy-2025-26\/\" \/>\n<meta property=\"og:site_name\" content=\"Official Czech &amp; Slovak Everton Supporters&#039; Club\" \/>\n<meta property=\"article:publisher\" content=\"https:\/\/www.facebook.com\/everton.fans.cz.sk\" \/>\n<meta name=\"twitter:card\" content=\"summary_large_image\" \/>\n<meta name=\"twitter:label1\" content=\"Odhadovan\u00e1 doba \u010dten\u00ed\" \/>\n\t<meta name=\"twitter:data1\" content=\"1 minuta\" \/>\n<script type=\"application\/ld+json\" class=\"yoast-schema-graph\">{\"@context\":\"https:\/\/schema.org\",\"@graph\":[{\"@type\":\"WebPage\",\"@id\":\"https:\/\/evertonfc.cz\/index.php\/news\/fantasy-2025-26\/\",\"url\":\"https:\/\/evertonfc.cz\/index.php\/news\/fantasy-2025-26\/\",\"name\":\"Fantasy 2025\/26 - Official Czech &amp; Slovak Everton Supporters&#039; Club\",\"isPartOf\":{\"@id\":\"https:\/\/evertonfc.cz\/#website\"},\"datePublished\":\"2025-08-15T17:45:49+00:00\",\"dateModified\":\"2025-08-15T17:45:49+00:00\",\"breadcrumb\":{\"@id\":\"https:\/\/evertonfc.cz\/index.php\/news\/fantasy-2025-26\/#breadcrumb\"},\"inLanguage\":\"cs\",\"potentialAction\":[{\"@type\":\"ReadAction\",\"target\":[\"https:\/\/evertonfc.cz\/index.php\/news\/fantasy-2025-26\/\"]}]},{\"@type\":\"BreadcrumbList\",\"@id\":\"https:\/\/evertonfc.cz\/index.php\/news\/fantasy-2025-26\/#breadcrumb\",\"itemListElement\":[{\"@type\":\"ListItem\",\"position\":1,\"name\":\"Home\",\"item\":\"https:\/\/evertonfc.cz\/\"},{\"@type\":\"ListItem\",\"position\":2,\"name\":\"News\",\"item\":\"https:\/\/evertonfc.cz\/index.php\/news\/\"},{\"@type\":\"ListItem\",\"position\":3,\"name\":\"Fantasy 2025\/26\"}]},{\"@type\":\"WebSite\",\"@id\":\"https:\/\/evertonfc.cz\/#website\",\"url\":\"https:\/\/evertonfc.cz\/\",\"name\":\"Official Czech &amp; Slovak Everton Supporters&#039; Club\",\"description\":\"\",\"publisher\":{\"@id\":\"https:\/\/evertonfc.cz\/#organization\"},\"potentialAction\":[{\"@type\":\"SearchAction\",\"target\":{\"@type\":\"EntryPoint\",\"urlTemplate\":\"https:\/\/evertonfc.cz\/?s={search_term_string}\"},\"query-input\":{\"@type\":\"PropertyValueSpecification\",\"valueRequired\":true,\"valueName\":\"search_term_string\"}}],\"inLanguage\":\"cs\"},{\"@type\":\"Organization\",\"@id\":\"https:\/\/evertonfc.cz\/#organization\",\"name\":\"Official Czech & Slovak Everton Supporters' Club\",\"url\":\"https:\/\/evertonfc.cz\/\",\"logo\":{\"@type\":\"ImageObject\",\"inLanguage\":\"cs\",\"@id\":\"https:\/\/evertonfc.cz\/#\/schema\/logo\/image\/\",\"url\":\"https:\/\/evertonfc.cz\/wp-content\/uploads\/2019\/05\/logo.png\",\"contentUrl\":\"https:\/\/evertonfc.cz\/wp-content\/uploads\/2019\/05\/logo.png\",\"width\":112,\"height\":112,\"caption\":\"Official Czech & Slovak Everton Supporters' Club\"},\"image\":{\"@id\":\"https:\/\/evertonfc.cz\/#\/schema\/logo\/image\/\"},\"sameAs\":[\"https:\/\/www.facebook.com\/everton.fans.cz.sk\"]}]}<\/script>\n<!-- \/ Yoast SEO plugin. -->","yoast_head_json":{"title":"Fantasy 2025\/26 - Official Czech &amp; Slovak Everton Supporters&#039; Club","robots":{"index":"index","follow":"follow","max-snippet":"max-snippet:-1","max-image-preview":"max-image-preview:large","max-video-preview":"max-video-preview:-1"},"canonical":"https:\/\/evertonfc.cz\/index.php\/news\/fantasy-2025-26\/","og_locale":"cs_CZ","og_type":"article","og_title":"Fantasy 2025\/26 - Official Czech &amp; Slovak Everton Supporters&#039; Club","og_description":"Piaty rok po sebe si fan\u00fa\u0161ikovia z \u010cesk\u00e9ho a slovensk\u00e9ho fanklubu Evertonu obnovuj\u00fa vlastn\u00fa ligu v online priestore Fantasy Premier&hellip;","og_url":"https:\/\/evertonfc.cz\/index.php\/news\/fantasy-2025-26\/","og_site_name":"Official Czech &amp; Slovak Everton Supporters&#039; Club","article_publisher":"https:\/\/www.facebook.com\/everton.fans.cz.sk","twitter_card":"summary_large_image","twitter_misc":{"Odhadovan\u00e1 doba \u010dten\u00ed":"1 minuta"},"schema":{"@context":"https:\/\/schema.org","@graph":[{"@type":"WebPage","@id":"https:\/\/evertonfc.cz\/index.php\/news\/fantasy-2025-26\/","url":"https:\/\/evertonfc.cz\/index.php\/news\/fantasy-2025-26\/","name":"Fantasy 2025\/26 - Official Czech &amp; Slovak Everton Supporters&#039; Club","isPartOf":{"@id":"https:\/\/evertonfc.cz\/#website"},"datePublished":"2025-08-15T17:45:49+00:00","dateModified":"2025-08-15T17:45:49+00:00","breadcrumb":{"@id":"https:\/\/evertonfc.cz\/index.php\/news\/fantasy-2025-26\/#breadcrumb"},"inLanguage":"cs","potentialAction":[{"@type":"ReadAction","target":["https:\/\/evertonfc.cz\/index.php\/news\/fantasy-2025-26\/"]}]},{"@type":"BreadcrumbList","@id":"https:\/\/evertonfc.cz\/index.php\/news\/fantasy-2025-26\/#breadcrumb","itemListElement":[{"@type":"ListItem","position":1,"name":"Home","item":"https:\/\/evertonfc.cz\/"},{"@type":"ListItem","position":2,"name":"News","item":"https:\/\/evertonfc.cz\/index.php\/news\/"},{"@type":"ListItem","position":3,"name":"Fantasy 2025\/26"}]},{"@type":"WebSite","@id":"https:\/\/evertonfc.cz\/#website","url":"https:\/\/evertonfc.cz\/","name":"Official Czech &amp; Slovak Everton Supporters&#039; Club","description":"","publisher":{"@id":"https:\/\/evertonfc.cz\/#organization"},"potentialAction":[{"@type":"SearchAction","target":{"@type":"EntryPoint","urlTemplate":"https:\/\/evertonfc.cz\/?s={search_term_string}"},"query-input":{"@type":"PropertyValueSpecification","valueRequired":true,"valueName":"search_term_string"}}],"inLanguage":"cs"},{"@type":"Organization","@id":"https:\/\/evertonfc.cz\/#organization","name":"Official Czech & Slovak Everton Supporters' Club","url":"https:\/\/evertonfc.cz\/","logo":{"@type":"ImageObject","inLanguage":"cs","@id":"https:\/\/evertonfc.cz\/#\/schema\/logo\/image\/","url":"https:\/\/evertonfc.cz\/wp-content\/uploads\/2019\/05\/logo.png","contentUrl":"https:\/\/evertonfc.cz\/wp-content\/uploads\/2019\/05\/logo.png","width":112,"height":112,"caption":"Official Czech & Slovak Everton Supporters' Club"},"image":{"@id":"https:\/\/evertonfc.cz\/#\/schema\/logo\/image\/"},"sameAs":["https:\/\/www.facebook.com\/everton.fans.cz.sk"]}]}},"_links":{"self":[{"href":"https:\/\/evertonfc.cz\/index.php\/wp-json\/wp\/v2\/news\/27255"}],"collection":[{"href":"https:\/\/evertonfc.cz\/index.php\/wp-json\/wp\/v2\/news"}],"about":[{"href":"https:\/\/evertonfc.cz\/index.php\/wp-json\/wp\/v2\/types\/news"}],"author":[{"embeddable":true,"href":"https:\/\/evertonfc.cz\/index.php\/wp-json\/wp\/v2\/users\/1"}],"replies":[{"embeddable":true,"href":"https:\/\/evertonfc.cz\/index.php\/wp-json\/wp\/v2\/comments?post=27255"}],"version-history":[{"count":1,"href":"https:\/\/evertonfc.cz\/index.php\/wp-json\/wp\/v2\/news\/27255\/revisions"}],"predecessor-version":[{"id":27256,"href":"https:\/\/evertonfc.cz\/index.php\/wp-json\/wp\/v2\/news\/27255\/revisions\/27256"}],"wp:attachment":[{"href":"https:\/\/evertonfc.cz\/index.php\/wp-json\/wp\/v2\/media?parent=27255"}],"wp:term":[{"taxonomy":"post_tag","embeddable":true,"href":"https:\/\/evertonfc.cz\/index.php\/wp-json\/wp\/v2\/tags?post=27255"},{"taxonomy":"news-category","embeddable":true,"href":"https:\/\/evertonfc.cz\/index.php\/wp-json\/wp\/v2\/news-category?post=27255"}],"curies":[{"name":"wp","href":"https:\/\/api.w.org\/{rel}","templated":true}]}}