{"id":27410,"date":"2025-09-01T18:34:38","date_gmt":"2025-09-01T16:34:38","guid":{"rendered":"https:\/\/evertonfc.cz\/?post_type=news&#038;p=27410"},"modified":"2025-09-01T18:35:35","modified_gmt":"2025-09-01T16:35:35","slug":"onyango-se-vratil-do-stockportu","status":"publish","type":"news","link":"https:\/\/evertonfc.cz\/index.php\/news\/onyango-se-vratil-do-stockportu\/","title":{"rendered":"Onyango se vr\u00e1til do Stockportu"},"content":{"rendered":"<p data-start=\"80\" data-end=\"241\">Tyler Onyango se po roce vr\u00e1til na dal\u0161\u00ed hostov\u00e1n\u00ed do t\u0159etiligov\u00e9ho Stockportu County, kde loni kv\u016fli v\u00e1\u017en\u00e9mu svalov\u00e9mu zran\u011bn\u00ed stihl odehr\u00e1t jen dev\u011bt z\u00e1pas\u016f.<\/p>\n<p data-start=\"243\" data-end=\"465\">U\u017e 22let\u00fd obr\u00e1nce \u010di z\u00e1lo\u017en\u00edk kdysi pat\u0159il mezi velk\u00e9 talenty akademie Toffees, ale jeho rozvoj v\u00fdrazn\u011b zpomalila opakovan\u00e1 zran\u011bn\u00ed. Leto\u0161n\u00ed letn\u00ed p\u0159\u00edpravu absolvoval s A-t\u00fdmem Evertonu a nastoupil i do n\u011bkolika utk\u00e1n\u00ed.<\/p>\n<p data-start=\"53\" data-end=\"259\">Na za\u010d\u00e1tku l\u00e9ta se ke Stockportu na zkou\u0161ku p\u0159ipojil tak\u00e9 dal\u0161\u00ed odchovanec Evertonu Roman Dixon. Utrp\u011bl v\u0161ak v\u00e1\u017en\u011bj\u0161\u00ed zran\u011bn\u00ed kotn\u00edku, kter\u00e9 si vy\u017e\u00e1dalo operaci, a jeho hostov\u00e1n\u00ed se prozat\u00edm odlo\u017eilo.<\/p>\n","protected":false},"excerpt":{"rendered":"<p>Tyler Onyango se po roce vr\u00e1til na dal\u0161\u00ed hostov\u00e1n\u00ed do t\u0159etiligov\u00e9ho Stockportu County, kde loni kv\u016fli v\u00e1\u017en\u00e9mu svalov\u00e9mu zran\u011bn\u00ed stihl&hellip;<\/p>\n","protected":false},"author":6,"featured_media":0,"comment_status":"open","ping_status":"closed","template":"","tags":[],"news-category":[18],"yoast_head":"<!-- This site is optimized with the Yoast SEO plugin v23.4 - https:\/\/yoast.com\/wordpress\/plugins\/seo\/ -->\n<title>Onyango se vr\u00e1til do Stockportu - Official Czech &amp; Slovak Everton Supporters&#039; Club<\/title>\n<meta name=\"robots\" content=\"index, follow, max-snippet:-1, max-image-preview:large, max-video-preview:-1\" \/>\n<link rel=\"canonical\" href=\"https:\/\/evertonfc.cz\/index.php\/news\/onyango-se-vratil-do-stockportu\/\" \/>\n<meta property=\"og:locale\" content=\"cs_CZ\" \/>\n<meta property=\"og:type\" content=\"article\" \/>\n<meta property=\"og:title\" content=\"Onyango se vr\u00e1til do Stockportu - Official Czech &amp; Slovak Everton Supporters&#039; Club\" \/>\n<meta property=\"og:description\" content=\"Tyler Onyango se po roce vr\u00e1til na dal\u0161\u00ed hostov\u00e1n\u00ed do t\u0159etiligov\u00e9ho Stockportu County, kde loni kv\u016fli v\u00e1\u017en\u00e9mu svalov\u00e9mu zran\u011bn\u00ed stihl&hellip;\" \/>\n<meta property=\"og:url\" content=\"https:\/\/evertonfc.cz\/index.php\/news\/onyango-se-vratil-do-stockportu\/\" \/>\n<meta property=\"og:site_name\" content=\"Official Czech &amp; Slovak Everton Supporters&#039; Club\" \/>\n<meta property=\"article:publisher\" content=\"https:\/\/www.facebook.com\/everton.fans.cz.sk\" \/>\n<meta property=\"article:modified_time\" content=\"2025-09-01T16:35:35+00:00\" \/>\n<meta name=\"twitter:card\" content=\"summary_large_image\" \/>\n<meta name=\"twitter:label1\" content=\"Odhadovan\u00e1 doba \u010dten\u00ed\" \/>\n\t<meta name=\"twitter:data1\" content=\"1 minuta\" \/>\n<script type=\"application\/ld+json\" class=\"yoast-schema-graph\">{\"@context\":\"https:\/\/schema.org\",\"@graph\":[{\"@type\":\"WebPage\",\"@id\":\"https:\/\/evertonfc.cz\/index.php\/news\/onyango-se-vratil-do-stockportu\/\",\"url\":\"https:\/\/evertonfc.cz\/index.php\/news\/onyango-se-vratil-do-stockportu\/\",\"name\":\"Onyango se vr\u00e1til do Stockportu - Official Czech &amp; Slovak Everton Supporters&#039; Club\",\"isPartOf\":{\"@id\":\"https:\/\/evertonfc.cz\/#website\"},\"datePublished\":\"2025-09-01T16:34:38+00:00\",\"dateModified\":\"2025-09-01T16:35:35+00:00\",\"breadcrumb\":{\"@id\":\"https:\/\/evertonfc.cz\/index.php\/news\/onyango-se-vratil-do-stockportu\/#breadcrumb\"},\"inLanguage\":\"cs\",\"potentialAction\":[{\"@type\":\"ReadAction\",\"target\":[\"https:\/\/evertonfc.cz\/index.php\/news\/onyango-se-vratil-do-stockportu\/\"]}]},{\"@type\":\"BreadcrumbList\",\"@id\":\"https:\/\/evertonfc.cz\/index.php\/news\/onyango-se-vratil-do-stockportu\/#breadcrumb\",\"itemListElement\":[{\"@type\":\"ListItem\",\"position\":1,\"name\":\"Home\",\"item\":\"https:\/\/evertonfc.cz\/\"},{\"@type\":\"ListItem\",\"position\":2,\"name\":\"News\",\"item\":\"https:\/\/evertonfc.cz\/index.php\/news\/\"},{\"@type\":\"ListItem\",\"position\":3,\"name\":\"Onyango se vr\u00e1til do Stockportu\"}]},{\"@type\":\"WebSite\",\"@id\":\"https:\/\/evertonfc.cz\/#website\",\"url\":\"https:\/\/evertonfc.cz\/\",\"name\":\"Official Czech &amp; Slovak Everton Supporters&#039; Club\",\"description\":\"\",\"publisher\":{\"@id\":\"https:\/\/evertonfc.cz\/#organization\"},\"potentialAction\":[{\"@type\":\"SearchAction\",\"target\":{\"@type\":\"EntryPoint\",\"urlTemplate\":\"https:\/\/evertonfc.cz\/?s={search_term_string}\"},\"query-input\":{\"@type\":\"PropertyValueSpecification\",\"valueRequired\":true,\"valueName\":\"search_term_string\"}}],\"inLanguage\":\"cs\"},{\"@type\":\"Organization\",\"@id\":\"https:\/\/evertonfc.cz\/#organization\",\"name\":\"Official Czech & Slovak Everton Supporters' Club\",\"url\":\"https:\/\/evertonfc.cz\/\",\"logo\":{\"@type\":\"ImageObject\",\"inLanguage\":\"cs\",\"@id\":\"https:\/\/evertonfc.cz\/#\/schema\/logo\/image\/\",\"url\":\"https:\/\/evertonfc.cz\/wp-content\/uploads\/2019\/05\/logo.png\",\"contentUrl\":\"https:\/\/evertonfc.cz\/wp-content\/uploads\/2019\/05\/logo.png\",\"width\":112,\"height\":112,\"caption\":\"Official Czech & Slovak Everton Supporters' Club\"},\"image\":{\"@id\":\"https:\/\/evertonfc.cz\/#\/schema\/logo\/image\/\"},\"sameAs\":[\"https:\/\/www.facebook.com\/everton.fans.cz.sk\"]}]}<\/script>\n<!-- \/ Yoast SEO plugin. -->","yoast_head_json":{"title":"Onyango se vr\u00e1til do Stockportu - Official Czech &amp; Slovak Everton Supporters&#039; Club","robots":{"index":"index","follow":"follow","max-snippet":"max-snippet:-1","max-image-preview":"max-image-preview:large","max-video-preview":"max-video-preview:-1"},"canonical":"https:\/\/evertonfc.cz\/index.php\/news\/onyango-se-vratil-do-stockportu\/","og_locale":"cs_CZ","og_type":"article","og_title":"Onyango se vr\u00e1til do Stockportu - Official Czech &amp; Slovak Everton Supporters&#039; Club","og_description":"Tyler Onyango se po roce vr\u00e1til na dal\u0161\u00ed hostov\u00e1n\u00ed do t\u0159etiligov\u00e9ho Stockportu County, kde loni kv\u016fli v\u00e1\u017en\u00e9mu svalov\u00e9mu zran\u011bn\u00ed stihl&hellip;","og_url":"https:\/\/evertonfc.cz\/index.php\/news\/onyango-se-vratil-do-stockportu\/","og_site_name":"Official Czech &amp; Slovak Everton Supporters&#039; Club","article_publisher":"https:\/\/www.facebook.com\/everton.fans.cz.sk","article_modified_time":"2025-09-01T16:35:35+00:00","twitter_card":"summary_large_image","twitter_misc":{"Odhadovan\u00e1 doba \u010dten\u00ed":"1 minuta"},"schema":{"@context":"https:\/\/schema.org","@graph":[{"@type":"WebPage","@id":"https:\/\/evertonfc.cz\/index.php\/news\/onyango-se-vratil-do-stockportu\/","url":"https:\/\/evertonfc.cz\/index.php\/news\/onyango-se-vratil-do-stockportu\/","name":"Onyango se vr\u00e1til do Stockportu - Official Czech &amp; Slovak Everton Supporters&#039; Club","isPartOf":{"@id":"https:\/\/evertonfc.cz\/#website"},"datePublished":"2025-09-01T16:34:38+00:00","dateModified":"2025-09-01T16:35:35+00:00","breadcrumb":{"@id":"https:\/\/evertonfc.cz\/index.php\/news\/onyango-se-vratil-do-stockportu\/#breadcrumb"},"inLanguage":"cs","potentialAction":[{"@type":"ReadAction","target":["https:\/\/evertonfc.cz\/index.php\/news\/onyango-se-vratil-do-stockportu\/"]}]},{"@type":"BreadcrumbList","@id":"https:\/\/evertonfc.cz\/index.php\/news\/onyango-se-vratil-do-stockportu\/#breadcrumb","itemListElement":[{"@type":"ListItem","position":1,"name":"Home","item":"https:\/\/evertonfc.cz\/"},{"@type":"ListItem","position":2,"name":"News","item":"https:\/\/evertonfc.cz\/index.php\/news\/"},{"@type":"ListItem","position":3,"name":"Onyango se vr\u00e1til do Stockportu"}]},{"@type":"WebSite","@id":"https:\/\/evertonfc.cz\/#website","url":"https:\/\/evertonfc.cz\/","name":"Official Czech &amp; Slovak Everton Supporters&#039; Club","description":"","publisher":{"@id":"https:\/\/evertonfc.cz\/#organization"},"potentialAction":[{"@type":"SearchAction","target":{"@type":"EntryPoint","urlTemplate":"https:\/\/evertonfc.cz\/?s={search_term_string}"},"query-input":{"@type":"PropertyValueSpecification","valueRequired":true,"valueName":"search_term_string"}}],"inLanguage":"cs"},{"@type":"Organization","@id":"https:\/\/evertonfc.cz\/#organization","name":"Official Czech & Slovak Everton Supporters' Club","url":"https:\/\/evertonfc.cz\/","logo":{"@type":"ImageObject","inLanguage":"cs","@id":"https:\/\/evertonfc.cz\/#\/schema\/logo\/image\/","url":"https:\/\/evertonfc.cz\/wp-content\/uploads\/2019\/05\/logo.png","contentUrl":"https:\/\/evertonfc.cz\/wp-content\/uploads\/2019\/05\/logo.png","width":112,"height":112,"caption":"Official Czech & Slovak Everton Supporters' Club"},"image":{"@id":"https:\/\/evertonfc.cz\/#\/schema\/logo\/image\/"},"sameAs":["https:\/\/www.facebook.com\/everton.fans.cz.sk"]}]}},"_links":{"self":[{"href":"https:\/\/evertonfc.cz\/index.php\/wp-json\/wp\/v2\/news\/27410"}],"collection":[{"href":"https:\/\/evertonfc.cz\/index.php\/wp-json\/wp\/v2\/news"}],"about":[{"href":"https:\/\/evertonfc.cz\/index.php\/wp-json\/wp\/v2\/types\/news"}],"author":[{"embeddable":true,"href":"https:\/\/evertonfc.cz\/index.php\/wp-json\/wp\/v2\/users\/6"}],"replies":[{"embeddable":true,"href":"https:\/\/evertonfc.cz\/index.php\/wp-json\/wp\/v2\/comments?post=27410"}],"version-history":[{"count":1,"href":"https:\/\/evertonfc.cz\/index.php\/wp-json\/wp\/v2\/news\/27410\/revisions"}],"predecessor-version":[{"id":27412,"href":"https:\/\/evertonfc.cz\/index.php\/wp-json\/wp\/v2\/news\/27410\/revisions\/27412"}],"wp:attachment":[{"href":"https:\/\/evertonfc.cz\/index.php\/wp-json\/wp\/v2\/media?parent=27410"}],"wp:term":[{"taxonomy":"post_tag","embeddable":true,"href":"https:\/\/evertonfc.cz\/index.php\/wp-json\/wp\/v2\/tags?post=27410"},{"taxonomy":"news-category","embeddable":true,"href":"https:\/\/evertonfc.cz\/index.php\/wp-json\/wp\/v2\/news-category?post=27410"}],"curies":[{"name":"wp","href":"https:\/\/api.w.org\/{rel}","templated":true}]}}