{"id":27619,"date":"2025-09-17T13:16:38","date_gmt":"2025-09-17T11:16:38","guid":{"rendered":"https:\/\/evertonfc.cz\/?post_type=news&#038;p=27619"},"modified":"2025-09-17T13:16:38","modified_gmt":"2025-09-17T11:16:38","slug":"prieskum-pre-fab","status":"publish","type":"news","link":"https:\/\/evertonfc.cz\/index.php\/news\/prieskum-pre-fab\/","title":{"rendered":"Prieskum pre FAB"},"content":{"rendered":"<p data-start=\"126\" data-end=\"289\">Everton Fan Advisory Board (FAB) spustil nov\u00fd prieskum, ktor\u00e9ho cie\u013eom je lep\u0161ie pochopi\u0165, \u010do je pre fan\u00fa\u0161ikov d\u00f4le\u017eit\u00e9 a ako ich n\u00e1zory \u010do najlep\u0161ie zastupova\u0165.<\/p>\n<p data-start=\"291\" data-end=\"470\">Zapojenie sa medzin\u00e1rodn\u00fdch fanklubov je k\u013e\u00fa\u010dov\u00e9 \u2013 preto vyz\u00fdvame v\u0161etk\u00fdch \u010dlenov, aby prieskum vyplnili. Zaberie to maxim\u00e1lne 5 min\u00fat a otvoren\u00fd bude do <strong data-start=\"445\" data-end=\"467\">30. septembra 2025<\/strong>.<\/p>\n<p data-start=\"472\" data-end=\"533\">\ud83d\udc49 Link na prieskum: <a href=\"https:\/\/spottedbee.typeform.com\/FAB0925\"><em><strong>Everton FC FAB Survey September 2025<\/strong><\/em><\/a><\/p>\n<p data-start=\"535\" data-end=\"591\">\u010eakujeme za podporu a v\u00e1\u0161 hlas! \ud83d\udc99 <strong data-start=\"570\" data-end=\"589\">Up The Toffees!<\/strong><\/p>\n","protected":false},"excerpt":{"rendered":"<p>Everton Fan Advisory Board (FAB) spustil nov\u00fd prieskum, ktor\u00e9ho cie\u013eom je lep\u0161ie pochopi\u0165, \u010do je pre fan\u00fa\u0161ikov d\u00f4le\u017eit\u00e9 a ako&hellip;<\/p>\n","protected":false},"author":1,"featured_media":0,"comment_status":"open","ping_status":"closed","template":"","tags":[],"news-category":[18],"yoast_head":"<!-- This site is optimized with the Yoast SEO plugin v23.4 - https:\/\/yoast.com\/wordpress\/plugins\/seo\/ -->\n<title>Prieskum pre FAB - Official Czech &amp; Slovak Everton Supporters&#039; Club<\/title>\n<meta name=\"robots\" content=\"index, follow, max-snippet:-1, max-image-preview:large, max-video-preview:-1\" \/>\n<link rel=\"canonical\" href=\"https:\/\/evertonfc.cz\/index.php\/news\/prieskum-pre-fab\/\" \/>\n<meta property=\"og:locale\" content=\"cs_CZ\" \/>\n<meta property=\"og:type\" content=\"article\" \/>\n<meta property=\"og:title\" content=\"Prieskum pre FAB - Official Czech &amp; Slovak Everton Supporters&#039; Club\" \/>\n<meta property=\"og:description\" content=\"Everton Fan Advisory Board (FAB) spustil nov\u00fd prieskum, ktor\u00e9ho cie\u013eom je lep\u0161ie pochopi\u0165, \u010do je pre fan\u00fa\u0161ikov d\u00f4le\u017eit\u00e9 a ako&hellip;\" \/>\n<meta property=\"og:url\" content=\"https:\/\/evertonfc.cz\/index.php\/news\/prieskum-pre-fab\/\" \/>\n<meta property=\"og:site_name\" content=\"Official Czech &amp; Slovak Everton Supporters&#039; Club\" \/>\n<meta property=\"article:publisher\" content=\"https:\/\/www.facebook.com\/everton.fans.cz.sk\" \/>\n<meta name=\"twitter:card\" content=\"summary_large_image\" \/>\n<meta name=\"twitter:label1\" content=\"Odhadovan\u00e1 doba \u010dten\u00ed\" \/>\n\t<meta name=\"twitter:data1\" content=\"1 minuta\" \/>\n<script type=\"application\/ld+json\" class=\"yoast-schema-graph\">{\"@context\":\"https:\/\/schema.org\",\"@graph\":[{\"@type\":\"WebPage\",\"@id\":\"https:\/\/evertonfc.cz\/index.php\/news\/prieskum-pre-fab\/\",\"url\":\"https:\/\/evertonfc.cz\/index.php\/news\/prieskum-pre-fab\/\",\"name\":\"Prieskum pre FAB - Official Czech &amp; Slovak Everton Supporters&#039; Club\",\"isPartOf\":{\"@id\":\"https:\/\/evertonfc.cz\/#website\"},\"datePublished\":\"2025-09-17T11:16:38+00:00\",\"dateModified\":\"2025-09-17T11:16:38+00:00\",\"breadcrumb\":{\"@id\":\"https:\/\/evertonfc.cz\/index.php\/news\/prieskum-pre-fab\/#breadcrumb\"},\"inLanguage\":\"cs\",\"potentialAction\":[{\"@type\":\"ReadAction\",\"target\":[\"https:\/\/evertonfc.cz\/index.php\/news\/prieskum-pre-fab\/\"]}]},{\"@type\":\"BreadcrumbList\",\"@id\":\"https:\/\/evertonfc.cz\/index.php\/news\/prieskum-pre-fab\/#breadcrumb\",\"itemListElement\":[{\"@type\":\"ListItem\",\"position\":1,\"name\":\"Home\",\"item\":\"https:\/\/evertonfc.cz\/\"},{\"@type\":\"ListItem\",\"position\":2,\"name\":\"News\",\"item\":\"https:\/\/evertonfc.cz\/index.php\/news\/\"},{\"@type\":\"ListItem\",\"position\":3,\"name\":\"Prieskum pre FAB\"}]},{\"@type\":\"WebSite\",\"@id\":\"https:\/\/evertonfc.cz\/#website\",\"url\":\"https:\/\/evertonfc.cz\/\",\"name\":\"Official Czech &amp; Slovak Everton Supporters&#039; Club\",\"description\":\"\",\"publisher\":{\"@id\":\"https:\/\/evertonfc.cz\/#organization\"},\"potentialAction\":[{\"@type\":\"SearchAction\",\"target\":{\"@type\":\"EntryPoint\",\"urlTemplate\":\"https:\/\/evertonfc.cz\/?s={search_term_string}\"},\"query-input\":{\"@type\":\"PropertyValueSpecification\",\"valueRequired\":true,\"valueName\":\"search_term_string\"}}],\"inLanguage\":\"cs\"},{\"@type\":\"Organization\",\"@id\":\"https:\/\/evertonfc.cz\/#organization\",\"name\":\"Official Czech & Slovak Everton Supporters' Club\",\"url\":\"https:\/\/evertonfc.cz\/\",\"logo\":{\"@type\":\"ImageObject\",\"inLanguage\":\"cs\",\"@id\":\"https:\/\/evertonfc.cz\/#\/schema\/logo\/image\/\",\"url\":\"https:\/\/evertonfc.cz\/wp-content\/uploads\/2019\/05\/logo.png\",\"contentUrl\":\"https:\/\/evertonfc.cz\/wp-content\/uploads\/2019\/05\/logo.png\",\"width\":112,\"height\":112,\"caption\":\"Official Czech & Slovak Everton Supporters' Club\"},\"image\":{\"@id\":\"https:\/\/evertonfc.cz\/#\/schema\/logo\/image\/\"},\"sameAs\":[\"https:\/\/www.facebook.com\/everton.fans.cz.sk\"]}]}<\/script>\n<!-- \/ Yoast SEO plugin. -->","yoast_head_json":{"title":"Prieskum pre FAB - Official Czech &amp; Slovak Everton Supporters&#039; Club","robots":{"index":"index","follow":"follow","max-snippet":"max-snippet:-1","max-image-preview":"max-image-preview:large","max-video-preview":"max-video-preview:-1"},"canonical":"https:\/\/evertonfc.cz\/index.php\/news\/prieskum-pre-fab\/","og_locale":"cs_CZ","og_type":"article","og_title":"Prieskum pre FAB - Official Czech &amp; Slovak Everton Supporters&#039; Club","og_description":"Everton Fan Advisory Board (FAB) spustil nov\u00fd prieskum, ktor\u00e9ho cie\u013eom je lep\u0161ie pochopi\u0165, \u010do je pre fan\u00fa\u0161ikov d\u00f4le\u017eit\u00e9 a ako&hellip;","og_url":"https:\/\/evertonfc.cz\/index.php\/news\/prieskum-pre-fab\/","og_site_name":"Official Czech &amp; Slovak Everton Supporters&#039; Club","article_publisher":"https:\/\/www.facebook.com\/everton.fans.cz.sk","twitter_card":"summary_large_image","twitter_misc":{"Odhadovan\u00e1 doba \u010dten\u00ed":"1 minuta"},"schema":{"@context":"https:\/\/schema.org","@graph":[{"@type":"WebPage","@id":"https:\/\/evertonfc.cz\/index.php\/news\/prieskum-pre-fab\/","url":"https:\/\/evertonfc.cz\/index.php\/news\/prieskum-pre-fab\/","name":"Prieskum pre FAB - Official Czech &amp; Slovak Everton Supporters&#039; Club","isPartOf":{"@id":"https:\/\/evertonfc.cz\/#website"},"datePublished":"2025-09-17T11:16:38+00:00","dateModified":"2025-09-17T11:16:38+00:00","breadcrumb":{"@id":"https:\/\/evertonfc.cz\/index.php\/news\/prieskum-pre-fab\/#breadcrumb"},"inLanguage":"cs","potentialAction":[{"@type":"ReadAction","target":["https:\/\/evertonfc.cz\/index.php\/news\/prieskum-pre-fab\/"]}]},{"@type":"BreadcrumbList","@id":"https:\/\/evertonfc.cz\/index.php\/news\/prieskum-pre-fab\/#breadcrumb","itemListElement":[{"@type":"ListItem","position":1,"name":"Home","item":"https:\/\/evertonfc.cz\/"},{"@type":"ListItem","position":2,"name":"News","item":"https:\/\/evertonfc.cz\/index.php\/news\/"},{"@type":"ListItem","position":3,"name":"Prieskum pre FAB"}]},{"@type":"WebSite","@id":"https:\/\/evertonfc.cz\/#website","url":"https:\/\/evertonfc.cz\/","name":"Official Czech &amp; Slovak Everton Supporters&#039; Club","description":"","publisher":{"@id":"https:\/\/evertonfc.cz\/#organization"},"potentialAction":[{"@type":"SearchAction","target":{"@type":"EntryPoint","urlTemplate":"https:\/\/evertonfc.cz\/?s={search_term_string}"},"query-input":{"@type":"PropertyValueSpecification","valueRequired":true,"valueName":"search_term_string"}}],"inLanguage":"cs"},{"@type":"Organization","@id":"https:\/\/evertonfc.cz\/#organization","name":"Official Czech & Slovak Everton Supporters' Club","url":"https:\/\/evertonfc.cz\/","logo":{"@type":"ImageObject","inLanguage":"cs","@id":"https:\/\/evertonfc.cz\/#\/schema\/logo\/image\/","url":"https:\/\/evertonfc.cz\/wp-content\/uploads\/2019\/05\/logo.png","contentUrl":"https:\/\/evertonfc.cz\/wp-content\/uploads\/2019\/05\/logo.png","width":112,"height":112,"caption":"Official Czech & Slovak Everton Supporters' Club"},"image":{"@id":"https:\/\/evertonfc.cz\/#\/schema\/logo\/image\/"},"sameAs":["https:\/\/www.facebook.com\/everton.fans.cz.sk"]}]}},"_links":{"self":[{"href":"https:\/\/evertonfc.cz\/index.php\/wp-json\/wp\/v2\/news\/27619"}],"collection":[{"href":"https:\/\/evertonfc.cz\/index.php\/wp-json\/wp\/v2\/news"}],"about":[{"href":"https:\/\/evertonfc.cz\/index.php\/wp-json\/wp\/v2\/types\/news"}],"author":[{"embeddable":true,"href":"https:\/\/evertonfc.cz\/index.php\/wp-json\/wp\/v2\/users\/1"}],"replies":[{"embeddable":true,"href":"https:\/\/evertonfc.cz\/index.php\/wp-json\/wp\/v2\/comments?post=27619"}],"version-history":[{"count":1,"href":"https:\/\/evertonfc.cz\/index.php\/wp-json\/wp\/v2\/news\/27619\/revisions"}],"predecessor-version":[{"id":27620,"href":"https:\/\/evertonfc.cz\/index.php\/wp-json\/wp\/v2\/news\/27619\/revisions\/27620"}],"wp:attachment":[{"href":"https:\/\/evertonfc.cz\/index.php\/wp-json\/wp\/v2\/media?parent=27619"}],"wp:term":[{"taxonomy":"post_tag","embeddable":true,"href":"https:\/\/evertonfc.cz\/index.php\/wp-json\/wp\/v2\/tags?post=27619"},{"taxonomy":"news-category","embeddable":true,"href":"https:\/\/evertonfc.cz\/index.php\/wp-json\/wp\/v2\/news-category?post=27619"}],"curies":[{"name":"wp","href":"https:\/\/api.w.org\/{rel}","templated":true}]}}