{"id":28133,"date":"2026-01-01T18:58:20","date_gmt":"2026-01-01T17:58:20","guid":{"rendered":"https:\/\/evertonfc.cz\/?post_type=news&#038;p=28133"},"modified":"2026-01-02T16:41:13","modified_gmt":"2026-01-02T15:41:13","slug":"armstrong-se-vraci-do-evertonu","status":"publish","type":"news","link":"https:\/\/evertonfc.cz\/index.php\/news\/armstrong-se-vraci-do-evertonu\/","title":{"rendered":"Armstrong se vrac\u00ed do Evertonu"},"content":{"rendered":"<p>Harrison Armstrong, v posledn\u00ed dob\u011b nejv\u011bt\u0161\u00ed talent akademie Evertonu, p\u0159ed\u010dasn\u011b ukon\u010dil sv\u00e9 hostov\u00e1n\u00ed v druholigov\u00e9m Prestonu North End, odkud si ho osobn\u011b vy\u017e\u00e1dal mana\u017eer David Moyes.<\/p>\n<p>Brzy devaten\u00e1ctilet\u00fd st\u0159edopola\u0159 odehr\u00e1l za celek z Deepdale 17 ligov\u00fdch z\u00e1pas\u016f a p\u0159edv\u00e1d\u011bl velmi dobr\u00e9 a vysp\u011bl\u00e9 v\u00fdkony. Everton aktu\u00e1ln\u011b tr\u00e1p\u00ed \u010detn\u00e9 absence, a tak sv\u00e9ho odchovance za\u0159ad\u00ed u\u017e do ned\u011bln\u00ed z\u00e1pasov\u00e9 nominace dom\u00e1c\u00edho ligov\u00e9ho utk\u00e1n\u00ed proti Brentfordu.<\/p>\n<p>Je v\u0161ak mo\u017en\u00e9, \u017ee se Armstrong je\u0161t\u011b koncem ledna vr\u00e1t\u00ed do Prestonu na hostov\u00e1n\u00ed do konce sezony.<\/p>\n","protected":false},"excerpt":{"rendered":"<p>Harrison Armstrong, v posledn\u00ed dob\u011b nejv\u011bt\u0161\u00ed talent akademie Evertonu, p\u0159ed\u010dasn\u011b ukon\u010dil sv\u00e9 hostov\u00e1n\u00ed v druholigov\u00e9m Prestonu North End, odkud si&hellip;<\/p>\n","protected":false},"author":6,"featured_media":0,"comment_status":"open","ping_status":"closed","template":"","tags":[],"news-category":[18],"yoast_head":"<!-- This site is optimized with the Yoast SEO plugin v23.4 - https:\/\/yoast.com\/wordpress\/plugins\/seo\/ -->\n<title>Armstrong se vrac\u00ed do Evertonu - Official Czech &amp; Slovak Everton Supporters&#039; Club<\/title>\n<meta name=\"robots\" content=\"index, follow, max-snippet:-1, max-image-preview:large, max-video-preview:-1\" \/>\n<link rel=\"canonical\" href=\"https:\/\/evertonfc.cz\/index.php\/news\/armstrong-se-vraci-do-evertonu\/\" \/>\n<meta property=\"og:locale\" content=\"cs_CZ\" \/>\n<meta property=\"og:type\" content=\"article\" \/>\n<meta property=\"og:title\" content=\"Armstrong se vrac\u00ed do Evertonu - Official Czech &amp; Slovak Everton Supporters&#039; Club\" \/>\n<meta property=\"og:description\" content=\"Harrison Armstrong, v posledn\u00ed dob\u011b nejv\u011bt\u0161\u00ed talent akademie Evertonu, p\u0159ed\u010dasn\u011b ukon\u010dil sv\u00e9 hostov\u00e1n\u00ed v druholigov\u00e9m Prestonu North End, odkud si&hellip;\" \/>\n<meta property=\"og:url\" content=\"https:\/\/evertonfc.cz\/index.php\/news\/armstrong-se-vraci-do-evertonu\/\" \/>\n<meta property=\"og:site_name\" content=\"Official Czech &amp; Slovak Everton Supporters&#039; Club\" \/>\n<meta property=\"article:publisher\" content=\"https:\/\/www.facebook.com\/everton.fans.cz.sk\" \/>\n<meta property=\"article:modified_time\" content=\"2026-01-02T15:41:13+00:00\" \/>\n<meta name=\"twitter:card\" content=\"summary_large_image\" \/>\n<meta name=\"twitter:label1\" content=\"Odhadovan\u00e1 doba \u010dten\u00ed\" \/>\n\t<meta name=\"twitter:data1\" content=\"1 minuta\" \/>\n<script type=\"application\/ld+json\" class=\"yoast-schema-graph\">{\"@context\":\"https:\/\/schema.org\",\"@graph\":[{\"@type\":\"WebPage\",\"@id\":\"https:\/\/evertonfc.cz\/index.php\/news\/armstrong-se-vraci-do-evertonu\/\",\"url\":\"https:\/\/evertonfc.cz\/index.php\/news\/armstrong-se-vraci-do-evertonu\/\",\"name\":\"Armstrong se vrac\u00ed do Evertonu - Official Czech &amp; Slovak Everton Supporters&#039; Club\",\"isPartOf\":{\"@id\":\"https:\/\/evertonfc.cz\/#website\"},\"datePublished\":\"2026-01-01T17:58:20+00:00\",\"dateModified\":\"2026-01-02T15:41:13+00:00\",\"breadcrumb\":{\"@id\":\"https:\/\/evertonfc.cz\/index.php\/news\/armstrong-se-vraci-do-evertonu\/#breadcrumb\"},\"inLanguage\":\"cs\",\"potentialAction\":[{\"@type\":\"ReadAction\",\"target\":[\"https:\/\/evertonfc.cz\/index.php\/news\/armstrong-se-vraci-do-evertonu\/\"]}]},{\"@type\":\"BreadcrumbList\",\"@id\":\"https:\/\/evertonfc.cz\/index.php\/news\/armstrong-se-vraci-do-evertonu\/#breadcrumb\",\"itemListElement\":[{\"@type\":\"ListItem\",\"position\":1,\"name\":\"Home\",\"item\":\"https:\/\/evertonfc.cz\/\"},{\"@type\":\"ListItem\",\"position\":2,\"name\":\"News\",\"item\":\"https:\/\/evertonfc.cz\/index.php\/news\/\"},{\"@type\":\"ListItem\",\"position\":3,\"name\":\"Armstrong se vrac\u00ed do Evertonu\"}]},{\"@type\":\"WebSite\",\"@id\":\"https:\/\/evertonfc.cz\/#website\",\"url\":\"https:\/\/evertonfc.cz\/\",\"name\":\"Official Czech &amp; Slovak Everton Supporters&#039; Club\",\"description\":\"\",\"publisher\":{\"@id\":\"https:\/\/evertonfc.cz\/#organization\"},\"potentialAction\":[{\"@type\":\"SearchAction\",\"target\":{\"@type\":\"EntryPoint\",\"urlTemplate\":\"https:\/\/evertonfc.cz\/?s={search_term_string}\"},\"query-input\":{\"@type\":\"PropertyValueSpecification\",\"valueRequired\":true,\"valueName\":\"search_term_string\"}}],\"inLanguage\":\"cs\"},{\"@type\":\"Organization\",\"@id\":\"https:\/\/evertonfc.cz\/#organization\",\"name\":\"Official Czech & Slovak Everton Supporters' Club\",\"url\":\"https:\/\/evertonfc.cz\/\",\"logo\":{\"@type\":\"ImageObject\",\"inLanguage\":\"cs\",\"@id\":\"https:\/\/evertonfc.cz\/#\/schema\/logo\/image\/\",\"url\":\"https:\/\/evertonfc.cz\/wp-content\/uploads\/2019\/05\/logo.png\",\"contentUrl\":\"https:\/\/evertonfc.cz\/wp-content\/uploads\/2019\/05\/logo.png\",\"width\":112,\"height\":112,\"caption\":\"Official Czech & Slovak Everton Supporters' Club\"},\"image\":{\"@id\":\"https:\/\/evertonfc.cz\/#\/schema\/logo\/image\/\"},\"sameAs\":[\"https:\/\/www.facebook.com\/everton.fans.cz.sk\"]}]}<\/script>\n<!-- \/ Yoast SEO plugin. -->","yoast_head_json":{"title":"Armstrong se vrac\u00ed do Evertonu - Official Czech &amp; Slovak Everton Supporters&#039; Club","robots":{"index":"index","follow":"follow","max-snippet":"max-snippet:-1","max-image-preview":"max-image-preview:large","max-video-preview":"max-video-preview:-1"},"canonical":"https:\/\/evertonfc.cz\/index.php\/news\/armstrong-se-vraci-do-evertonu\/","og_locale":"cs_CZ","og_type":"article","og_title":"Armstrong se vrac\u00ed do Evertonu - Official Czech &amp; Slovak Everton Supporters&#039; Club","og_description":"Harrison Armstrong, v posledn\u00ed dob\u011b nejv\u011bt\u0161\u00ed talent akademie Evertonu, p\u0159ed\u010dasn\u011b ukon\u010dil sv\u00e9 hostov\u00e1n\u00ed v druholigov\u00e9m Prestonu North End, odkud si&hellip;","og_url":"https:\/\/evertonfc.cz\/index.php\/news\/armstrong-se-vraci-do-evertonu\/","og_site_name":"Official Czech &amp; Slovak Everton Supporters&#039; Club","article_publisher":"https:\/\/www.facebook.com\/everton.fans.cz.sk","article_modified_time":"2026-01-02T15:41:13+00:00","twitter_card":"summary_large_image","twitter_misc":{"Odhadovan\u00e1 doba \u010dten\u00ed":"1 minuta"},"schema":{"@context":"https:\/\/schema.org","@graph":[{"@type":"WebPage","@id":"https:\/\/evertonfc.cz\/index.php\/news\/armstrong-se-vraci-do-evertonu\/","url":"https:\/\/evertonfc.cz\/index.php\/news\/armstrong-se-vraci-do-evertonu\/","name":"Armstrong se vrac\u00ed do Evertonu - Official Czech &amp; Slovak Everton Supporters&#039; Club","isPartOf":{"@id":"https:\/\/evertonfc.cz\/#website"},"datePublished":"2026-01-01T17:58:20+00:00","dateModified":"2026-01-02T15:41:13+00:00","breadcrumb":{"@id":"https:\/\/evertonfc.cz\/index.php\/news\/armstrong-se-vraci-do-evertonu\/#breadcrumb"},"inLanguage":"cs","potentialAction":[{"@type":"ReadAction","target":["https:\/\/evertonfc.cz\/index.php\/news\/armstrong-se-vraci-do-evertonu\/"]}]},{"@type":"BreadcrumbList","@id":"https:\/\/evertonfc.cz\/index.php\/news\/armstrong-se-vraci-do-evertonu\/#breadcrumb","itemListElement":[{"@type":"ListItem","position":1,"name":"Home","item":"https:\/\/evertonfc.cz\/"},{"@type":"ListItem","position":2,"name":"News","item":"https:\/\/evertonfc.cz\/index.php\/news\/"},{"@type":"ListItem","position":3,"name":"Armstrong se vrac\u00ed do Evertonu"}]},{"@type":"WebSite","@id":"https:\/\/evertonfc.cz\/#website","url":"https:\/\/evertonfc.cz\/","name":"Official Czech &amp; Slovak Everton Supporters&#039; Club","description":"","publisher":{"@id":"https:\/\/evertonfc.cz\/#organization"},"potentialAction":[{"@type":"SearchAction","target":{"@type":"EntryPoint","urlTemplate":"https:\/\/evertonfc.cz\/?s={search_term_string}"},"query-input":{"@type":"PropertyValueSpecification","valueRequired":true,"valueName":"search_term_string"}}],"inLanguage":"cs"},{"@type":"Organization","@id":"https:\/\/evertonfc.cz\/#organization","name":"Official Czech & Slovak Everton Supporters' Club","url":"https:\/\/evertonfc.cz\/","logo":{"@type":"ImageObject","inLanguage":"cs","@id":"https:\/\/evertonfc.cz\/#\/schema\/logo\/image\/","url":"https:\/\/evertonfc.cz\/wp-content\/uploads\/2019\/05\/logo.png","contentUrl":"https:\/\/evertonfc.cz\/wp-content\/uploads\/2019\/05\/logo.png","width":112,"height":112,"caption":"Official Czech & Slovak Everton Supporters' Club"},"image":{"@id":"https:\/\/evertonfc.cz\/#\/schema\/logo\/image\/"},"sameAs":["https:\/\/www.facebook.com\/everton.fans.cz.sk"]}]}},"_links":{"self":[{"href":"https:\/\/evertonfc.cz\/index.php\/wp-json\/wp\/v2\/news\/28133"}],"collection":[{"href":"https:\/\/evertonfc.cz\/index.php\/wp-json\/wp\/v2\/news"}],"about":[{"href":"https:\/\/evertonfc.cz\/index.php\/wp-json\/wp\/v2\/types\/news"}],"author":[{"embeddable":true,"href":"https:\/\/evertonfc.cz\/index.php\/wp-json\/wp\/v2\/users\/6"}],"replies":[{"embeddable":true,"href":"https:\/\/evertonfc.cz\/index.php\/wp-json\/wp\/v2\/comments?post=28133"}],"version-history":[{"count":4,"href":"https:\/\/evertonfc.cz\/index.php\/wp-json\/wp\/v2\/news\/28133\/revisions"}],"predecessor-version":[{"id":28143,"href":"https:\/\/evertonfc.cz\/index.php\/wp-json\/wp\/v2\/news\/28133\/revisions\/28143"}],"wp:attachment":[{"href":"https:\/\/evertonfc.cz\/index.php\/wp-json\/wp\/v2\/media?parent=28133"}],"wp:term":[{"taxonomy":"post_tag","embeddable":true,"href":"https:\/\/evertonfc.cz\/index.php\/wp-json\/wp\/v2\/tags?post=28133"},{"taxonomy":"news-category","embeddable":true,"href":"https:\/\/evertonfc.cz\/index.php\/wp-json\/wp\/v2\/news-category?post=28133"}],"curies":[{"name":"wp","href":"https:\/\/api.w.org\/{rel}","templated":true}]}}