{"id":28255,"date":"2026-01-19T08:17:59","date_gmt":"2026-01-19T07:17:59","guid":{"rendered":"https:\/\/evertonfc.cz\/?post_type=news&#038;p=28255"},"modified":"2026-01-19T08:17:59","modified_gmt":"2026-01-19T07:17:59","slug":"gueye-a-ndiaye-africkymi-sampiony","status":"publish","type":"news","link":"https:\/\/evertonfc.cz\/index.php\/news\/gueye-a-ndiaye-africkymi-sampiony\/","title":{"rendered":"Gueye a Ndiaye africk\u00fdmi \u0161ampiony"},"content":{"rendered":"<p data-start=\"91\" data-end=\"267\">Reprezentace Senegalu ovl\u00e1dla Africk\u00fd poh\u00e1r n\u00e1rod\u016f, kdy\u017e v nerv\u00f3zn\u00edm a vypjat\u00e9m fin\u00e1le po prodlou\u017een\u00ed porazila dom\u00e1c\u00ed Maroko 1:0. Na v\u00edt\u011bznou branku Papeho Gueyeho p\u0159ihr\u00e1l Idrissa Gana Gueye.<\/p>\n<p data-start=\"269\" data-end=\"456\">\u0160estat\u0159icetilet\u00fd defenzivn\u00ed z\u00e1lo\u017en\u00edk odehr\u00e1l kompletn\u00ed minut\u00e1\u017e v\u0161ech sedmi utk\u00e1n\u00ed Senegalu a ve fin\u00e1le nav\u00edc p\u0159i absenci vykartovan\u00e9ho Kalidoua Koulibalyho nastoupil s kapit\u00e1nskou p\u00e1skou.<\/p>\n<p data-start=\"458\" data-end=\"666\">Z triumfu se raduje tak\u00e9 Iliman Ndiaye. Na \u0161ampion\u00e1tu nastoupil do \u0161esti z\u00e1pas\u016f, poka\u017ed\u00e9 v z\u00e1kladn\u00ed sestav\u011b, a pat\u0159il mezi ofenzivn\u00ed tahouny sv\u00e9ho t\u00fdmu. Jeho branka nav\u00edc rozhodla \u010dtvrtfin\u00e1lov\u00fd duel proti Mali.<\/p>\n<p data-start=\"668\" data-end=\"859\">Africk\u00fd poh\u00e1r n\u00e1rod\u016f se hraje od roku 1957. Senegal slav\u00ed sv\u016fj druh\u00fd titul v historii, ten prvn\u00ed z\u00edskal v roce 2022 rovn\u011b\u017e s Gueyem v sestav\u011b. Dal\u0161\u00ed ro\u010dn\u00edk turnaje je napl\u00e1nov\u00e1n na l\u00e9to 2027.<\/p>\n<p data-start=\"861\" data-end=\"1095\" data-is-last-node=\"\" data-is-only-node=\"\">Gueye s Ndiayem se v nejbli\u017e\u0161\u00edch dnech znovu zapoj\u00ed do tr\u00e9ninku Evertonu, a pokud jim to zdravotn\u00ed stav dovol\u00ed, budou k dispozici pro pond\u011bln\u00ed dom\u00e1c\u00ed ligov\u00fd z\u00e1pas s Leedsem. Toffees sch\u00e1zeli od 20. prosince v sedmi sout\u011b\u017en\u00edch utk\u00e1n\u00edch.<\/p>\n","protected":false},"excerpt":{"rendered":"<p>Reprezentace Senegalu ovl\u00e1dla Africk\u00fd poh\u00e1r n\u00e1rod\u016f, kdy\u017e v nerv\u00f3zn\u00edm a vypjat\u00e9m fin\u00e1le po prodlou\u017een\u00ed porazila dom\u00e1c\u00ed Maroko 1:0. Na v\u00edt\u011bznou&hellip;<\/p>\n","protected":false},"author":6,"featured_media":0,"comment_status":"open","ping_status":"closed","template":"","tags":[],"news-category":[18],"yoast_head":"<!-- This site is optimized with the Yoast SEO plugin v23.4 - https:\/\/yoast.com\/wordpress\/plugins\/seo\/ -->\n<title>Gueye a Ndiaye africk\u00fdmi \u0161ampiony - Official Czech &amp; Slovak Everton Supporters&#039; Club<\/title>\n<meta name=\"robots\" content=\"index, follow, max-snippet:-1, max-image-preview:large, max-video-preview:-1\" \/>\n<link rel=\"canonical\" href=\"https:\/\/evertonfc.cz\/index.php\/news\/gueye-a-ndiaye-africkymi-sampiony\/\" \/>\n<meta property=\"og:locale\" content=\"cs_CZ\" \/>\n<meta property=\"og:type\" content=\"article\" \/>\n<meta property=\"og:title\" content=\"Gueye a Ndiaye africk\u00fdmi \u0161ampiony - Official Czech &amp; Slovak Everton Supporters&#039; Club\" \/>\n<meta property=\"og:description\" content=\"Reprezentace Senegalu ovl\u00e1dla Africk\u00fd poh\u00e1r n\u00e1rod\u016f, kdy\u017e v nerv\u00f3zn\u00edm a vypjat\u00e9m fin\u00e1le po prodlou\u017een\u00ed porazila dom\u00e1c\u00ed Maroko 1:0. Na v\u00edt\u011bznou&hellip;\" \/>\n<meta property=\"og:url\" content=\"https:\/\/evertonfc.cz\/index.php\/news\/gueye-a-ndiaye-africkymi-sampiony\/\" \/>\n<meta property=\"og:site_name\" content=\"Official Czech &amp; Slovak Everton Supporters&#039; Club\" \/>\n<meta property=\"article:publisher\" content=\"https:\/\/www.facebook.com\/everton.fans.cz.sk\" \/>\n<meta name=\"twitter:card\" content=\"summary_large_image\" \/>\n<meta name=\"twitter:label1\" content=\"Odhadovan\u00e1 doba \u010dten\u00ed\" \/>\n\t<meta name=\"twitter:data1\" content=\"1 minuta\" \/>\n<script type=\"application\/ld+json\" class=\"yoast-schema-graph\">{\"@context\":\"https:\/\/schema.org\",\"@graph\":[{\"@type\":\"WebPage\",\"@id\":\"https:\/\/evertonfc.cz\/index.php\/news\/gueye-a-ndiaye-africkymi-sampiony\/\",\"url\":\"https:\/\/evertonfc.cz\/index.php\/news\/gueye-a-ndiaye-africkymi-sampiony\/\",\"name\":\"Gueye a Ndiaye africk\u00fdmi \u0161ampiony - Official Czech &amp; Slovak Everton Supporters&#039; Club\",\"isPartOf\":{\"@id\":\"https:\/\/evertonfc.cz\/#website\"},\"datePublished\":\"2026-01-19T07:17:59+00:00\",\"dateModified\":\"2026-01-19T07:17:59+00:00\",\"breadcrumb\":{\"@id\":\"https:\/\/evertonfc.cz\/index.php\/news\/gueye-a-ndiaye-africkymi-sampiony\/#breadcrumb\"},\"inLanguage\":\"cs\",\"potentialAction\":[{\"@type\":\"ReadAction\",\"target\":[\"https:\/\/evertonfc.cz\/index.php\/news\/gueye-a-ndiaye-africkymi-sampiony\/\"]}]},{\"@type\":\"BreadcrumbList\",\"@id\":\"https:\/\/evertonfc.cz\/index.php\/news\/gueye-a-ndiaye-africkymi-sampiony\/#breadcrumb\",\"itemListElement\":[{\"@type\":\"ListItem\",\"position\":1,\"name\":\"Home\",\"item\":\"https:\/\/evertonfc.cz\/\"},{\"@type\":\"ListItem\",\"position\":2,\"name\":\"News\",\"item\":\"https:\/\/evertonfc.cz\/index.php\/news\/\"},{\"@type\":\"ListItem\",\"position\":3,\"name\":\"Gueye a Ndiaye africk\u00fdmi \u0161ampiony\"}]},{\"@type\":\"WebSite\",\"@id\":\"https:\/\/evertonfc.cz\/#website\",\"url\":\"https:\/\/evertonfc.cz\/\",\"name\":\"Official Czech &amp; Slovak Everton Supporters&#039; Club\",\"description\":\"\",\"publisher\":{\"@id\":\"https:\/\/evertonfc.cz\/#organization\"},\"potentialAction\":[{\"@type\":\"SearchAction\",\"target\":{\"@type\":\"EntryPoint\",\"urlTemplate\":\"https:\/\/evertonfc.cz\/?s={search_term_string}\"},\"query-input\":{\"@type\":\"PropertyValueSpecification\",\"valueRequired\":true,\"valueName\":\"search_term_string\"}}],\"inLanguage\":\"cs\"},{\"@type\":\"Organization\",\"@id\":\"https:\/\/evertonfc.cz\/#organization\",\"name\":\"Official Czech & Slovak Everton Supporters' Club\",\"url\":\"https:\/\/evertonfc.cz\/\",\"logo\":{\"@type\":\"ImageObject\",\"inLanguage\":\"cs\",\"@id\":\"https:\/\/evertonfc.cz\/#\/schema\/logo\/image\/\",\"url\":\"https:\/\/evertonfc.cz\/wp-content\/uploads\/2019\/05\/logo.png\",\"contentUrl\":\"https:\/\/evertonfc.cz\/wp-content\/uploads\/2019\/05\/logo.png\",\"width\":112,\"height\":112,\"caption\":\"Official Czech & Slovak Everton Supporters' Club\"},\"image\":{\"@id\":\"https:\/\/evertonfc.cz\/#\/schema\/logo\/image\/\"},\"sameAs\":[\"https:\/\/www.facebook.com\/everton.fans.cz.sk\"]}]}<\/script>\n<!-- \/ Yoast SEO plugin. -->","yoast_head_json":{"title":"Gueye a Ndiaye africk\u00fdmi \u0161ampiony - Official Czech &amp; Slovak Everton Supporters&#039; Club","robots":{"index":"index","follow":"follow","max-snippet":"max-snippet:-1","max-image-preview":"max-image-preview:large","max-video-preview":"max-video-preview:-1"},"canonical":"https:\/\/evertonfc.cz\/index.php\/news\/gueye-a-ndiaye-africkymi-sampiony\/","og_locale":"cs_CZ","og_type":"article","og_title":"Gueye a Ndiaye africk\u00fdmi \u0161ampiony - Official Czech &amp; Slovak Everton Supporters&#039; Club","og_description":"Reprezentace Senegalu ovl\u00e1dla Africk\u00fd poh\u00e1r n\u00e1rod\u016f, kdy\u017e v nerv\u00f3zn\u00edm a vypjat\u00e9m fin\u00e1le po prodlou\u017een\u00ed porazila dom\u00e1c\u00ed Maroko 1:0. Na v\u00edt\u011bznou&hellip;","og_url":"https:\/\/evertonfc.cz\/index.php\/news\/gueye-a-ndiaye-africkymi-sampiony\/","og_site_name":"Official Czech &amp; Slovak Everton Supporters&#039; Club","article_publisher":"https:\/\/www.facebook.com\/everton.fans.cz.sk","twitter_card":"summary_large_image","twitter_misc":{"Odhadovan\u00e1 doba \u010dten\u00ed":"1 minuta"},"schema":{"@context":"https:\/\/schema.org","@graph":[{"@type":"WebPage","@id":"https:\/\/evertonfc.cz\/index.php\/news\/gueye-a-ndiaye-africkymi-sampiony\/","url":"https:\/\/evertonfc.cz\/index.php\/news\/gueye-a-ndiaye-africkymi-sampiony\/","name":"Gueye a Ndiaye africk\u00fdmi \u0161ampiony - Official Czech &amp; Slovak Everton Supporters&#039; Club","isPartOf":{"@id":"https:\/\/evertonfc.cz\/#website"},"datePublished":"2026-01-19T07:17:59+00:00","dateModified":"2026-01-19T07:17:59+00:00","breadcrumb":{"@id":"https:\/\/evertonfc.cz\/index.php\/news\/gueye-a-ndiaye-africkymi-sampiony\/#breadcrumb"},"inLanguage":"cs","potentialAction":[{"@type":"ReadAction","target":["https:\/\/evertonfc.cz\/index.php\/news\/gueye-a-ndiaye-africkymi-sampiony\/"]}]},{"@type":"BreadcrumbList","@id":"https:\/\/evertonfc.cz\/index.php\/news\/gueye-a-ndiaye-africkymi-sampiony\/#breadcrumb","itemListElement":[{"@type":"ListItem","position":1,"name":"Home","item":"https:\/\/evertonfc.cz\/"},{"@type":"ListItem","position":2,"name":"News","item":"https:\/\/evertonfc.cz\/index.php\/news\/"},{"@type":"ListItem","position":3,"name":"Gueye a Ndiaye africk\u00fdmi \u0161ampiony"}]},{"@type":"WebSite","@id":"https:\/\/evertonfc.cz\/#website","url":"https:\/\/evertonfc.cz\/","name":"Official Czech &amp; Slovak Everton Supporters&#039; Club","description":"","publisher":{"@id":"https:\/\/evertonfc.cz\/#organization"},"potentialAction":[{"@type":"SearchAction","target":{"@type":"EntryPoint","urlTemplate":"https:\/\/evertonfc.cz\/?s={search_term_string}"},"query-input":{"@type":"PropertyValueSpecification","valueRequired":true,"valueName":"search_term_string"}}],"inLanguage":"cs"},{"@type":"Organization","@id":"https:\/\/evertonfc.cz\/#organization","name":"Official Czech & Slovak Everton Supporters' Club","url":"https:\/\/evertonfc.cz\/","logo":{"@type":"ImageObject","inLanguage":"cs","@id":"https:\/\/evertonfc.cz\/#\/schema\/logo\/image\/","url":"https:\/\/evertonfc.cz\/wp-content\/uploads\/2019\/05\/logo.png","contentUrl":"https:\/\/evertonfc.cz\/wp-content\/uploads\/2019\/05\/logo.png","width":112,"height":112,"caption":"Official Czech & Slovak Everton Supporters' Club"},"image":{"@id":"https:\/\/evertonfc.cz\/#\/schema\/logo\/image\/"},"sameAs":["https:\/\/www.facebook.com\/everton.fans.cz.sk"]}]}},"_links":{"self":[{"href":"https:\/\/evertonfc.cz\/index.php\/wp-json\/wp\/v2\/news\/28255"}],"collection":[{"href":"https:\/\/evertonfc.cz\/index.php\/wp-json\/wp\/v2\/news"}],"about":[{"href":"https:\/\/evertonfc.cz\/index.php\/wp-json\/wp\/v2\/types\/news"}],"author":[{"embeddable":true,"href":"https:\/\/evertonfc.cz\/index.php\/wp-json\/wp\/v2\/users\/6"}],"replies":[{"embeddable":true,"href":"https:\/\/evertonfc.cz\/index.php\/wp-json\/wp\/v2\/comments?post=28255"}],"version-history":[{"count":1,"href":"https:\/\/evertonfc.cz\/index.php\/wp-json\/wp\/v2\/news\/28255\/revisions"}],"predecessor-version":[{"id":28256,"href":"https:\/\/evertonfc.cz\/index.php\/wp-json\/wp\/v2\/news\/28255\/revisions\/28256"}],"wp:attachment":[{"href":"https:\/\/evertonfc.cz\/index.php\/wp-json\/wp\/v2\/media?parent=28255"}],"wp:term":[{"taxonomy":"post_tag","embeddable":true,"href":"https:\/\/evertonfc.cz\/index.php\/wp-json\/wp\/v2\/tags?post=28255"},{"taxonomy":"news-category","embeddable":true,"href":"https:\/\/evertonfc.cz\/index.php\/wp-json\/wp\/v2\/news-category?post=28255"}],"curies":[{"name":"wp","href":"https:\/\/api.w.org\/{rel}","templated":true}]}}