{"id":28259,"date":"2026-01-19T21:38:51","date_gmt":"2026-01-19T20:38:51","guid":{"rendered":"https:\/\/evertonfc.cz\/?post_type=news&#038;p=28259"},"modified":"2026-01-19T21:38:51","modified_gmt":"2026-01-19T20:38:51","slug":"karen-holmgaard-ma-pretrzeny-krizovy-vaz","status":"publish","type":"news","link":"https:\/\/evertonfc.cz\/index.php\/news\/karen-holmgaard-ma-pretrzeny-krizovy-vaz\/","title":{"rendered":"Karen Holmgaard m\u00e1 p\u0159etr\u017een\u00fd k\u0159\u00ed\u017eov\u00fd vaz"},"content":{"rendered":"<p>Zran\u011bn\u00ed Karen Holmgaard ze z\u00e1pasu 4. kola FA Cup se uk\u00e1zalo jako bohu\u017eel dosti z\u00e1va\u017en\u00e9. Na\u0161e d\u00e1nsk\u00e1 hr\u00e1\u010dka si p\u0159etrhla p\u0159edn\u00ed zk\u0159\u00ed\u017een\u00fd vaz v koleni a sez\u00f3na pro ni bohu\u017eel p\u0159ed\u010dasn\u011b skon\u010dila. O\u010dek\u00e1van\u00e1 doba l\u00e9\u010dby a n\u00e1vrat k pln\u00e9mu nasazen\u00ed zat\u00edm nebyly odhadnut\u00e9, ale obvykle se jedn\u00e1 o zhruba ro\u010dn\u00ed p\u0159eru\u0161en\u00ed kari\u00e9ry. Dr\u017e\u00edme palce k co nejrychlej\u0161\u00edmu uzdraven\u00ed! <strong><span style=\"color: #0000ff;\">COYBG!<\/span><\/strong><\/p>\n","protected":false},"excerpt":{"rendered":"<p>Zran\u011bn\u00ed Karen Holmgaard ze z\u00e1pasu 4. kola FA Cup se uk\u00e1zalo jako bohu\u017eel dosti z\u00e1va\u017en\u00e9. Na\u0161e d\u00e1nsk\u00e1 hr\u00e1\u010dka si p\u0159etrhla&hellip;<\/p>\n","protected":false},"author":26,"featured_media":0,"comment_status":"open","ping_status":"closed","template":"","tags":[],"news-category":[18],"yoast_head":"<!-- This site is optimized with the Yoast SEO plugin v23.4 - https:\/\/yoast.com\/wordpress\/plugins\/seo\/ -->\n<title>Karen Holmgaard m\u00e1 p\u0159etr\u017een\u00fd k\u0159\u00ed\u017eov\u00fd vaz - Official Czech &amp; Slovak Everton Supporters&#039; Club<\/title>\n<meta name=\"robots\" content=\"index, follow, max-snippet:-1, max-image-preview:large, max-video-preview:-1\" \/>\n<link rel=\"canonical\" href=\"https:\/\/evertonfc.cz\/index.php\/news\/karen-holmgaard-ma-pretrzeny-krizovy-vaz\/\" \/>\n<meta property=\"og:locale\" content=\"cs_CZ\" \/>\n<meta property=\"og:type\" content=\"article\" \/>\n<meta property=\"og:title\" content=\"Karen Holmgaard m\u00e1 p\u0159etr\u017een\u00fd k\u0159\u00ed\u017eov\u00fd vaz - Official Czech &amp; Slovak Everton Supporters&#039; Club\" \/>\n<meta property=\"og:description\" content=\"Zran\u011bn\u00ed Karen Holmgaard ze z\u00e1pasu 4. kola FA Cup se uk\u00e1zalo jako bohu\u017eel dosti z\u00e1va\u017en\u00e9. Na\u0161e d\u00e1nsk\u00e1 hr\u00e1\u010dka si p\u0159etrhla&hellip;\" \/>\n<meta property=\"og:url\" content=\"https:\/\/evertonfc.cz\/index.php\/news\/karen-holmgaard-ma-pretrzeny-krizovy-vaz\/\" \/>\n<meta property=\"og:site_name\" content=\"Official Czech &amp; Slovak Everton Supporters&#039; Club\" \/>\n<meta property=\"article:publisher\" content=\"https:\/\/www.facebook.com\/everton.fans.cz.sk\" \/>\n<meta name=\"twitter:card\" content=\"summary_large_image\" \/>\n<meta name=\"twitter:label1\" content=\"Odhadovan\u00e1 doba \u010dten\u00ed\" \/>\n\t<meta name=\"twitter:data1\" content=\"1 minuta\" \/>\n<script type=\"application\/ld+json\" class=\"yoast-schema-graph\">{\"@context\":\"https:\/\/schema.org\",\"@graph\":[{\"@type\":\"WebPage\",\"@id\":\"https:\/\/evertonfc.cz\/index.php\/news\/karen-holmgaard-ma-pretrzeny-krizovy-vaz\/\",\"url\":\"https:\/\/evertonfc.cz\/index.php\/news\/karen-holmgaard-ma-pretrzeny-krizovy-vaz\/\",\"name\":\"Karen Holmgaard m\u00e1 p\u0159etr\u017een\u00fd k\u0159\u00ed\u017eov\u00fd vaz - Official Czech &amp; Slovak Everton Supporters&#039; Club\",\"isPartOf\":{\"@id\":\"https:\/\/evertonfc.cz\/#website\"},\"datePublished\":\"2026-01-19T20:38:51+00:00\",\"dateModified\":\"2026-01-19T20:38:51+00:00\",\"breadcrumb\":{\"@id\":\"https:\/\/evertonfc.cz\/index.php\/news\/karen-holmgaard-ma-pretrzeny-krizovy-vaz\/#breadcrumb\"},\"inLanguage\":\"cs\",\"potentialAction\":[{\"@type\":\"ReadAction\",\"target\":[\"https:\/\/evertonfc.cz\/index.php\/news\/karen-holmgaard-ma-pretrzeny-krizovy-vaz\/\"]}]},{\"@type\":\"BreadcrumbList\",\"@id\":\"https:\/\/evertonfc.cz\/index.php\/news\/karen-holmgaard-ma-pretrzeny-krizovy-vaz\/#breadcrumb\",\"itemListElement\":[{\"@type\":\"ListItem\",\"position\":1,\"name\":\"Home\",\"item\":\"https:\/\/evertonfc.cz\/\"},{\"@type\":\"ListItem\",\"position\":2,\"name\":\"News\",\"item\":\"https:\/\/evertonfc.cz\/index.php\/news\/\"},{\"@type\":\"ListItem\",\"position\":3,\"name\":\"Karen Holmgaard m\u00e1 p\u0159etr\u017een\u00fd k\u0159\u00ed\u017eov\u00fd vaz\"}]},{\"@type\":\"WebSite\",\"@id\":\"https:\/\/evertonfc.cz\/#website\",\"url\":\"https:\/\/evertonfc.cz\/\",\"name\":\"Official Czech &amp; Slovak Everton Supporters&#039; Club\",\"description\":\"\",\"publisher\":{\"@id\":\"https:\/\/evertonfc.cz\/#organization\"},\"potentialAction\":[{\"@type\":\"SearchAction\",\"target\":{\"@type\":\"EntryPoint\",\"urlTemplate\":\"https:\/\/evertonfc.cz\/?s={search_term_string}\"},\"query-input\":{\"@type\":\"PropertyValueSpecification\",\"valueRequired\":true,\"valueName\":\"search_term_string\"}}],\"inLanguage\":\"cs\"},{\"@type\":\"Organization\",\"@id\":\"https:\/\/evertonfc.cz\/#organization\",\"name\":\"Official Czech & Slovak Everton Supporters' Club\",\"url\":\"https:\/\/evertonfc.cz\/\",\"logo\":{\"@type\":\"ImageObject\",\"inLanguage\":\"cs\",\"@id\":\"https:\/\/evertonfc.cz\/#\/schema\/logo\/image\/\",\"url\":\"https:\/\/evertonfc.cz\/wp-content\/uploads\/2019\/05\/logo.png\",\"contentUrl\":\"https:\/\/evertonfc.cz\/wp-content\/uploads\/2019\/05\/logo.png\",\"width\":112,\"height\":112,\"caption\":\"Official Czech & Slovak Everton Supporters' Club\"},\"image\":{\"@id\":\"https:\/\/evertonfc.cz\/#\/schema\/logo\/image\/\"},\"sameAs\":[\"https:\/\/www.facebook.com\/everton.fans.cz.sk\"]}]}<\/script>\n<!-- \/ Yoast SEO plugin. -->","yoast_head_json":{"title":"Karen Holmgaard m\u00e1 p\u0159etr\u017een\u00fd k\u0159\u00ed\u017eov\u00fd vaz - Official Czech &amp; Slovak Everton Supporters&#039; Club","robots":{"index":"index","follow":"follow","max-snippet":"max-snippet:-1","max-image-preview":"max-image-preview:large","max-video-preview":"max-video-preview:-1"},"canonical":"https:\/\/evertonfc.cz\/index.php\/news\/karen-holmgaard-ma-pretrzeny-krizovy-vaz\/","og_locale":"cs_CZ","og_type":"article","og_title":"Karen Holmgaard m\u00e1 p\u0159etr\u017een\u00fd k\u0159\u00ed\u017eov\u00fd vaz - Official Czech &amp; Slovak Everton Supporters&#039; Club","og_description":"Zran\u011bn\u00ed Karen Holmgaard ze z\u00e1pasu 4. kola FA Cup se uk\u00e1zalo jako bohu\u017eel dosti z\u00e1va\u017en\u00e9. Na\u0161e d\u00e1nsk\u00e1 hr\u00e1\u010dka si p\u0159etrhla&hellip;","og_url":"https:\/\/evertonfc.cz\/index.php\/news\/karen-holmgaard-ma-pretrzeny-krizovy-vaz\/","og_site_name":"Official Czech &amp; Slovak Everton Supporters&#039; Club","article_publisher":"https:\/\/www.facebook.com\/everton.fans.cz.sk","twitter_card":"summary_large_image","twitter_misc":{"Odhadovan\u00e1 doba \u010dten\u00ed":"1 minuta"},"schema":{"@context":"https:\/\/schema.org","@graph":[{"@type":"WebPage","@id":"https:\/\/evertonfc.cz\/index.php\/news\/karen-holmgaard-ma-pretrzeny-krizovy-vaz\/","url":"https:\/\/evertonfc.cz\/index.php\/news\/karen-holmgaard-ma-pretrzeny-krizovy-vaz\/","name":"Karen Holmgaard m\u00e1 p\u0159etr\u017een\u00fd k\u0159\u00ed\u017eov\u00fd vaz - Official Czech &amp; Slovak Everton Supporters&#039; Club","isPartOf":{"@id":"https:\/\/evertonfc.cz\/#website"},"datePublished":"2026-01-19T20:38:51+00:00","dateModified":"2026-01-19T20:38:51+00:00","breadcrumb":{"@id":"https:\/\/evertonfc.cz\/index.php\/news\/karen-holmgaard-ma-pretrzeny-krizovy-vaz\/#breadcrumb"},"inLanguage":"cs","potentialAction":[{"@type":"ReadAction","target":["https:\/\/evertonfc.cz\/index.php\/news\/karen-holmgaard-ma-pretrzeny-krizovy-vaz\/"]}]},{"@type":"BreadcrumbList","@id":"https:\/\/evertonfc.cz\/index.php\/news\/karen-holmgaard-ma-pretrzeny-krizovy-vaz\/#breadcrumb","itemListElement":[{"@type":"ListItem","position":1,"name":"Home","item":"https:\/\/evertonfc.cz\/"},{"@type":"ListItem","position":2,"name":"News","item":"https:\/\/evertonfc.cz\/index.php\/news\/"},{"@type":"ListItem","position":3,"name":"Karen Holmgaard m\u00e1 p\u0159etr\u017een\u00fd k\u0159\u00ed\u017eov\u00fd vaz"}]},{"@type":"WebSite","@id":"https:\/\/evertonfc.cz\/#website","url":"https:\/\/evertonfc.cz\/","name":"Official Czech &amp; Slovak Everton Supporters&#039; Club","description":"","publisher":{"@id":"https:\/\/evertonfc.cz\/#organization"},"potentialAction":[{"@type":"SearchAction","target":{"@type":"EntryPoint","urlTemplate":"https:\/\/evertonfc.cz\/?s={search_term_string}"},"query-input":{"@type":"PropertyValueSpecification","valueRequired":true,"valueName":"search_term_string"}}],"inLanguage":"cs"},{"@type":"Organization","@id":"https:\/\/evertonfc.cz\/#organization","name":"Official Czech & Slovak Everton Supporters' Club","url":"https:\/\/evertonfc.cz\/","logo":{"@type":"ImageObject","inLanguage":"cs","@id":"https:\/\/evertonfc.cz\/#\/schema\/logo\/image\/","url":"https:\/\/evertonfc.cz\/wp-content\/uploads\/2019\/05\/logo.png","contentUrl":"https:\/\/evertonfc.cz\/wp-content\/uploads\/2019\/05\/logo.png","width":112,"height":112,"caption":"Official Czech & Slovak Everton Supporters' Club"},"image":{"@id":"https:\/\/evertonfc.cz\/#\/schema\/logo\/image\/"},"sameAs":["https:\/\/www.facebook.com\/everton.fans.cz.sk"]}]}},"_links":{"self":[{"href":"https:\/\/evertonfc.cz\/index.php\/wp-json\/wp\/v2\/news\/28259"}],"collection":[{"href":"https:\/\/evertonfc.cz\/index.php\/wp-json\/wp\/v2\/news"}],"about":[{"href":"https:\/\/evertonfc.cz\/index.php\/wp-json\/wp\/v2\/types\/news"}],"author":[{"embeddable":true,"href":"https:\/\/evertonfc.cz\/index.php\/wp-json\/wp\/v2\/users\/26"}],"replies":[{"embeddable":true,"href":"https:\/\/evertonfc.cz\/index.php\/wp-json\/wp\/v2\/comments?post=28259"}],"version-history":[{"count":1,"href":"https:\/\/evertonfc.cz\/index.php\/wp-json\/wp\/v2\/news\/28259\/revisions"}],"predecessor-version":[{"id":28260,"href":"https:\/\/evertonfc.cz\/index.php\/wp-json\/wp\/v2\/news\/28259\/revisions\/28260"}],"wp:attachment":[{"href":"https:\/\/evertonfc.cz\/index.php\/wp-json\/wp\/v2\/media?parent=28259"}],"wp:term":[{"taxonomy":"post_tag","embeddable":true,"href":"https:\/\/evertonfc.cz\/index.php\/wp-json\/wp\/v2\/tags?post=28259"},{"taxonomy":"news-category","embeddable":true,"href":"https:\/\/evertonfc.cz\/index.php\/wp-json\/wp\/v2\/news-category?post=28259"}],"curies":[{"name":"wp","href":"https:\/\/api.w.org\/{rel}","templated":true}]}}