{"id":28304,"date":"2026-01-28T08:47:04","date_gmt":"2026-01-28T07:47:04","guid":{"rendered":"https:\/\/evertonfc.cz\/?post_type=news&#038;p=28304"},"modified":"2026-01-28T08:47:04","modified_gmt":"2026-01-28T07:47:04","slug":"dixon-na-jare-ve-stockportu","status":"publish","type":"news","link":"https:\/\/evertonfc.cz\/index.php\/news\/dixon-na-jare-ve-stockportu\/","title":{"rendered":"Dixon na ja\u0159e ve Stockportu"},"content":{"rendered":"<p>V l\u00e9t\u011b 2024 coby devaten\u00e1ctilet\u00fd debutoval v Premier League pod veden\u00edm Seana Dyche p\u0159i debaklu 0:4 na h\u0159i\u0161ti Tottenhamu. N\u00e1sledn\u011b odehr\u00e1l pln\u00fdch 90 minut tak\u00e9 v Ligov\u00e9m poh\u00e1ru proti Tranmere a Accringtonu. Dal\u0161\u00ed p\u0159\u00edle\u017eitost v A t\u00fdmu u\u017e ale nedostal ani od Dychea ani od jeho n\u00e1stupce Moyese.<\/p>\n<p>\u0158e\u010d je o hbit\u00e9m prav\u00e9m obr\u00e1nci Romanu Dixonovi, kter\u00fd nyn\u00ed ve 21 letech odch\u00e1z\u00ed na p\u016flro\u010dn\u00ed hostov\u00e1n\u00ed do t\u0159etiligov\u00e9ho Stockportu County. Pr\u00e1v\u011b tam m\u011bl zam\u00ed\u0159it u\u017e v l\u00e9t\u011b. U Hatters absolvoval letn\u00ed p\u0159\u00edpravu, v\u00e1\u017en\u00e9 poran\u011bn\u00ed kotn\u00edku mu v\u0161ak znemo\u017enilo dal\u0161\u00ed p\u016fsoben\u00ed a v\u011bt\u0161inu prvn\u00ed poloviny aktu\u00e1ln\u00ed sezony str\u00e1vil rekonvalescenc\u00ed.<\/p>\n<p>Dixon p\u016fsob\u00ed v Evertonu od sv\u00fdch dvan\u00e1cti let a od roku 2022 pravideln\u011b nastupuje za klubov\u00fd t\u00fdm do 21 let.<\/p>\n","protected":false},"excerpt":{"rendered":"<p>V l\u00e9t\u011b 2024 coby devaten\u00e1ctilet\u00fd debutoval v Premier League pod veden\u00edm Seana Dyche p\u0159i debaklu 0:4 na h\u0159i\u0161ti Tottenhamu. N\u00e1sledn\u011b&hellip;<\/p>\n","protected":false},"author":6,"featured_media":0,"comment_status":"open","ping_status":"closed","template":"","tags":[],"news-category":[18],"yoast_head":"<!-- This site is optimized with the Yoast SEO plugin v23.4 - https:\/\/yoast.com\/wordpress\/plugins\/seo\/ -->\n<title>Dixon na ja\u0159e ve Stockportu - Official Czech &amp; Slovak Everton Supporters&#039; Club<\/title>\n<meta name=\"robots\" content=\"index, follow, max-snippet:-1, max-image-preview:large, max-video-preview:-1\" \/>\n<link rel=\"canonical\" href=\"https:\/\/evertonfc.cz\/index.php\/news\/dixon-na-jare-ve-stockportu\/\" \/>\n<meta property=\"og:locale\" content=\"cs_CZ\" \/>\n<meta property=\"og:type\" content=\"article\" \/>\n<meta property=\"og:title\" content=\"Dixon na ja\u0159e ve Stockportu - Official Czech &amp; Slovak Everton Supporters&#039; Club\" \/>\n<meta property=\"og:description\" content=\"V l\u00e9t\u011b 2024 coby devaten\u00e1ctilet\u00fd debutoval v Premier League pod veden\u00edm Seana Dyche p\u0159i debaklu 0:4 na h\u0159i\u0161ti Tottenhamu. N\u00e1sledn\u011b&hellip;\" \/>\n<meta property=\"og:url\" content=\"https:\/\/evertonfc.cz\/index.php\/news\/dixon-na-jare-ve-stockportu\/\" \/>\n<meta property=\"og:site_name\" content=\"Official Czech &amp; Slovak Everton Supporters&#039; Club\" \/>\n<meta property=\"article:publisher\" content=\"https:\/\/www.facebook.com\/everton.fans.cz.sk\" \/>\n<meta name=\"twitter:card\" content=\"summary_large_image\" \/>\n<meta name=\"twitter:label1\" content=\"Odhadovan\u00e1 doba \u010dten\u00ed\" \/>\n\t<meta name=\"twitter:data1\" content=\"1 minuta\" \/>\n<script type=\"application\/ld+json\" class=\"yoast-schema-graph\">{\"@context\":\"https:\/\/schema.org\",\"@graph\":[{\"@type\":\"WebPage\",\"@id\":\"https:\/\/evertonfc.cz\/index.php\/news\/dixon-na-jare-ve-stockportu\/\",\"url\":\"https:\/\/evertonfc.cz\/index.php\/news\/dixon-na-jare-ve-stockportu\/\",\"name\":\"Dixon na ja\u0159e ve Stockportu - Official Czech &amp; Slovak Everton Supporters&#039; Club\",\"isPartOf\":{\"@id\":\"https:\/\/evertonfc.cz\/#website\"},\"datePublished\":\"2026-01-28T07:47:04+00:00\",\"dateModified\":\"2026-01-28T07:47:04+00:00\",\"breadcrumb\":{\"@id\":\"https:\/\/evertonfc.cz\/index.php\/news\/dixon-na-jare-ve-stockportu\/#breadcrumb\"},\"inLanguage\":\"cs\",\"potentialAction\":[{\"@type\":\"ReadAction\",\"target\":[\"https:\/\/evertonfc.cz\/index.php\/news\/dixon-na-jare-ve-stockportu\/\"]}]},{\"@type\":\"BreadcrumbList\",\"@id\":\"https:\/\/evertonfc.cz\/index.php\/news\/dixon-na-jare-ve-stockportu\/#breadcrumb\",\"itemListElement\":[{\"@type\":\"ListItem\",\"position\":1,\"name\":\"Home\",\"item\":\"https:\/\/evertonfc.cz\/\"},{\"@type\":\"ListItem\",\"position\":2,\"name\":\"News\",\"item\":\"https:\/\/evertonfc.cz\/index.php\/news\/\"},{\"@type\":\"ListItem\",\"position\":3,\"name\":\"Dixon na ja\u0159e ve Stockportu\"}]},{\"@type\":\"WebSite\",\"@id\":\"https:\/\/evertonfc.cz\/#website\",\"url\":\"https:\/\/evertonfc.cz\/\",\"name\":\"Official Czech &amp; Slovak Everton Supporters&#039; Club\",\"description\":\"\",\"publisher\":{\"@id\":\"https:\/\/evertonfc.cz\/#organization\"},\"potentialAction\":[{\"@type\":\"SearchAction\",\"target\":{\"@type\":\"EntryPoint\",\"urlTemplate\":\"https:\/\/evertonfc.cz\/?s={search_term_string}\"},\"query-input\":{\"@type\":\"PropertyValueSpecification\",\"valueRequired\":true,\"valueName\":\"search_term_string\"}}],\"inLanguage\":\"cs\"},{\"@type\":\"Organization\",\"@id\":\"https:\/\/evertonfc.cz\/#organization\",\"name\":\"Official Czech & Slovak Everton Supporters' Club\",\"url\":\"https:\/\/evertonfc.cz\/\",\"logo\":{\"@type\":\"ImageObject\",\"inLanguage\":\"cs\",\"@id\":\"https:\/\/evertonfc.cz\/#\/schema\/logo\/image\/\",\"url\":\"https:\/\/evertonfc.cz\/wp-content\/uploads\/2019\/05\/logo.png\",\"contentUrl\":\"https:\/\/evertonfc.cz\/wp-content\/uploads\/2019\/05\/logo.png\",\"width\":112,\"height\":112,\"caption\":\"Official Czech & Slovak Everton Supporters' Club\"},\"image\":{\"@id\":\"https:\/\/evertonfc.cz\/#\/schema\/logo\/image\/\"},\"sameAs\":[\"https:\/\/www.facebook.com\/everton.fans.cz.sk\"]}]}<\/script>\n<!-- \/ Yoast SEO plugin. -->","yoast_head_json":{"title":"Dixon na ja\u0159e ve Stockportu - Official Czech &amp; Slovak Everton Supporters&#039; Club","robots":{"index":"index","follow":"follow","max-snippet":"max-snippet:-1","max-image-preview":"max-image-preview:large","max-video-preview":"max-video-preview:-1"},"canonical":"https:\/\/evertonfc.cz\/index.php\/news\/dixon-na-jare-ve-stockportu\/","og_locale":"cs_CZ","og_type":"article","og_title":"Dixon na ja\u0159e ve Stockportu - Official Czech &amp; Slovak Everton Supporters&#039; Club","og_description":"V l\u00e9t\u011b 2024 coby devaten\u00e1ctilet\u00fd debutoval v Premier League pod veden\u00edm Seana Dyche p\u0159i debaklu 0:4 na h\u0159i\u0161ti Tottenhamu. N\u00e1sledn\u011b&hellip;","og_url":"https:\/\/evertonfc.cz\/index.php\/news\/dixon-na-jare-ve-stockportu\/","og_site_name":"Official Czech &amp; Slovak Everton Supporters&#039; Club","article_publisher":"https:\/\/www.facebook.com\/everton.fans.cz.sk","twitter_card":"summary_large_image","twitter_misc":{"Odhadovan\u00e1 doba \u010dten\u00ed":"1 minuta"},"schema":{"@context":"https:\/\/schema.org","@graph":[{"@type":"WebPage","@id":"https:\/\/evertonfc.cz\/index.php\/news\/dixon-na-jare-ve-stockportu\/","url":"https:\/\/evertonfc.cz\/index.php\/news\/dixon-na-jare-ve-stockportu\/","name":"Dixon na ja\u0159e ve Stockportu - Official Czech &amp; Slovak Everton Supporters&#039; Club","isPartOf":{"@id":"https:\/\/evertonfc.cz\/#website"},"datePublished":"2026-01-28T07:47:04+00:00","dateModified":"2026-01-28T07:47:04+00:00","breadcrumb":{"@id":"https:\/\/evertonfc.cz\/index.php\/news\/dixon-na-jare-ve-stockportu\/#breadcrumb"},"inLanguage":"cs","potentialAction":[{"@type":"ReadAction","target":["https:\/\/evertonfc.cz\/index.php\/news\/dixon-na-jare-ve-stockportu\/"]}]},{"@type":"BreadcrumbList","@id":"https:\/\/evertonfc.cz\/index.php\/news\/dixon-na-jare-ve-stockportu\/#breadcrumb","itemListElement":[{"@type":"ListItem","position":1,"name":"Home","item":"https:\/\/evertonfc.cz\/"},{"@type":"ListItem","position":2,"name":"News","item":"https:\/\/evertonfc.cz\/index.php\/news\/"},{"@type":"ListItem","position":3,"name":"Dixon na ja\u0159e ve Stockportu"}]},{"@type":"WebSite","@id":"https:\/\/evertonfc.cz\/#website","url":"https:\/\/evertonfc.cz\/","name":"Official Czech &amp; Slovak Everton Supporters&#039; Club","description":"","publisher":{"@id":"https:\/\/evertonfc.cz\/#organization"},"potentialAction":[{"@type":"SearchAction","target":{"@type":"EntryPoint","urlTemplate":"https:\/\/evertonfc.cz\/?s={search_term_string}"},"query-input":{"@type":"PropertyValueSpecification","valueRequired":true,"valueName":"search_term_string"}}],"inLanguage":"cs"},{"@type":"Organization","@id":"https:\/\/evertonfc.cz\/#organization","name":"Official Czech & Slovak Everton Supporters' Club","url":"https:\/\/evertonfc.cz\/","logo":{"@type":"ImageObject","inLanguage":"cs","@id":"https:\/\/evertonfc.cz\/#\/schema\/logo\/image\/","url":"https:\/\/evertonfc.cz\/wp-content\/uploads\/2019\/05\/logo.png","contentUrl":"https:\/\/evertonfc.cz\/wp-content\/uploads\/2019\/05\/logo.png","width":112,"height":112,"caption":"Official Czech & Slovak Everton Supporters' Club"},"image":{"@id":"https:\/\/evertonfc.cz\/#\/schema\/logo\/image\/"},"sameAs":["https:\/\/www.facebook.com\/everton.fans.cz.sk"]}]}},"_links":{"self":[{"href":"https:\/\/evertonfc.cz\/index.php\/wp-json\/wp\/v2\/news\/28304"}],"collection":[{"href":"https:\/\/evertonfc.cz\/index.php\/wp-json\/wp\/v2\/news"}],"about":[{"href":"https:\/\/evertonfc.cz\/index.php\/wp-json\/wp\/v2\/types\/news"}],"author":[{"embeddable":true,"href":"https:\/\/evertonfc.cz\/index.php\/wp-json\/wp\/v2\/users\/6"}],"replies":[{"embeddable":true,"href":"https:\/\/evertonfc.cz\/index.php\/wp-json\/wp\/v2\/comments?post=28304"}],"version-history":[{"count":1,"href":"https:\/\/evertonfc.cz\/index.php\/wp-json\/wp\/v2\/news\/28304\/revisions"}],"predecessor-version":[{"id":28305,"href":"https:\/\/evertonfc.cz\/index.php\/wp-json\/wp\/v2\/news\/28304\/revisions\/28305"}],"wp:attachment":[{"href":"https:\/\/evertonfc.cz\/index.php\/wp-json\/wp\/v2\/media?parent=28304"}],"wp:term":[{"taxonomy":"post_tag","embeddable":true,"href":"https:\/\/evertonfc.cz\/index.php\/wp-json\/wp\/v2\/tags?post=28304"},{"taxonomy":"news-category","embeddable":true,"href":"https:\/\/evertonfc.cz\/index.php\/wp-json\/wp\/v2\/news-category?post=28304"}],"curies":[{"name":"wp","href":"https:\/\/api.w.org\/{rel}","templated":true}]}}