{"id":28363,"date":"2026-02-01T22:10:47","date_gmt":"2026-02-01T21:10:47","guid":{"rendered":"https:\/\/evertonfc.cz\/?post_type=news&#038;p=28363"},"modified":"2026-02-01T22:27:47","modified_gmt":"2026-02-01T21:27:47","slug":"duo-do-port-vale","status":"publish","type":"news","link":"https:\/\/evertonfc.cz\/index.php\/news\/duo-do-port-vale\/","title":{"rendered":"Duo do Port Vale"},"content":{"rendered":"<p data-start=\"22\" data-end=\"181\">Mlad\u00edci Elijah Campbell a Martin Sherif budou do konce sezony hostovat v t\u0159etiligov\u00e9m Port Vale, kter\u00fd se suver\u00e9nn\u011b nach\u00e1z\u00ed na posledn\u00edm m\u00edst\u011b tabulky League One.<\/p>\n<p data-start=\"183\" data-end=\"537\">Jednadvacetilet\u00fd st\u0159edn\u00ed \u010di lev\u00fd obr\u00e1nce Campbell se v lednu stal dal\u0161\u00edm z \u0159ady odchovanc\u016f Toffees, jim\u017e se poda\u0159ilo odb\u00fdt si debut v A-t\u00fdmu. Stalo se tak b\u011bhem prodlou\u017een\u00ed v dom\u00e1c\u00edm, nepoveden\u00e9m utk\u00e1n\u00ed FA Cupu proti Sunderlandu. \u010cty\u0159n\u00e1sobn\u00fd reprezentant Anglie do 20 let v minul\u00e9 sezon\u011b pravideln\u011b nastupoval v nejvy\u0161\u0161\u00ed skotsk\u00e9 sout\u011b\u017ei na hostov\u00e1n\u00ed v Ross County.<\/p>\n<p data-start=\"539\" data-end=\"798\" data-is-last-node=\"\" data-is-only-node=\"\">Do t\u0159et\u00ed anglick\u00e9 ligy se vrac\u00ed tak\u00e9 Martin Sherif. Teprve p\u0159ed n\u011bkolika t\u00fddny byl povol\u00e1n zp\u011bt z hostov\u00e1n\u00ed v Rotherhamu United, kde se i vinou opakovan\u00fdch zdravotn\u00edch probl\u00e9m\u016f v\u00fdrazn\u011bji neprosadil. V 19 letech ale plat\u00ed za perspektivn\u00edho zakon\u010dovatele.<\/p>\n","protected":false},"excerpt":{"rendered":"<p>Mlad\u00edci Elijah Campbell a Martin Sherif budou do konce sezony hostovat v t\u0159etiligov\u00e9m Port Vale, kter\u00fd se suver\u00e9nn\u011b nach\u00e1z\u00ed na&hellip;<\/p>\n","protected":false},"author":6,"featured_media":0,"comment_status":"open","ping_status":"closed","template":"","tags":[],"news-category":[18],"yoast_head":"<!-- This site is optimized with the Yoast SEO plugin v23.4 - https:\/\/yoast.com\/wordpress\/plugins\/seo\/ -->\n<title>Duo do Port Vale - Official Czech &amp; Slovak Everton Supporters&#039; Club<\/title>\n<meta name=\"robots\" content=\"index, follow, max-snippet:-1, max-image-preview:large, max-video-preview:-1\" \/>\n<link rel=\"canonical\" href=\"https:\/\/evertonfc.cz\/index.php\/news\/duo-do-port-vale\/\" \/>\n<meta property=\"og:locale\" content=\"cs_CZ\" \/>\n<meta property=\"og:type\" content=\"article\" \/>\n<meta property=\"og:title\" content=\"Duo do Port Vale - Official Czech &amp; Slovak Everton Supporters&#039; Club\" \/>\n<meta property=\"og:description\" content=\"Mlad\u00edci Elijah Campbell a Martin Sherif budou do konce sezony hostovat v t\u0159etiligov\u00e9m Port Vale, kter\u00fd se suver\u00e9nn\u011b nach\u00e1z\u00ed na&hellip;\" \/>\n<meta property=\"og:url\" content=\"https:\/\/evertonfc.cz\/index.php\/news\/duo-do-port-vale\/\" \/>\n<meta property=\"og:site_name\" content=\"Official Czech &amp; Slovak Everton Supporters&#039; Club\" \/>\n<meta property=\"article:publisher\" content=\"https:\/\/www.facebook.com\/everton.fans.cz.sk\" \/>\n<meta property=\"article:modified_time\" content=\"2026-02-01T21:27:47+00:00\" \/>\n<meta name=\"twitter:card\" content=\"summary_large_image\" \/>\n<meta name=\"twitter:label1\" content=\"Odhadovan\u00e1 doba \u010dten\u00ed\" \/>\n\t<meta name=\"twitter:data1\" content=\"1 minuta\" \/>\n<script type=\"application\/ld+json\" class=\"yoast-schema-graph\">{\"@context\":\"https:\/\/schema.org\",\"@graph\":[{\"@type\":\"WebPage\",\"@id\":\"https:\/\/evertonfc.cz\/index.php\/news\/duo-do-port-vale\/\",\"url\":\"https:\/\/evertonfc.cz\/index.php\/news\/duo-do-port-vale\/\",\"name\":\"Duo do Port Vale - Official Czech &amp; Slovak Everton Supporters&#039; Club\",\"isPartOf\":{\"@id\":\"https:\/\/evertonfc.cz\/#website\"},\"datePublished\":\"2026-02-01T21:10:47+00:00\",\"dateModified\":\"2026-02-01T21:27:47+00:00\",\"breadcrumb\":{\"@id\":\"https:\/\/evertonfc.cz\/index.php\/news\/duo-do-port-vale\/#breadcrumb\"},\"inLanguage\":\"cs\",\"potentialAction\":[{\"@type\":\"ReadAction\",\"target\":[\"https:\/\/evertonfc.cz\/index.php\/news\/duo-do-port-vale\/\"]}]},{\"@type\":\"BreadcrumbList\",\"@id\":\"https:\/\/evertonfc.cz\/index.php\/news\/duo-do-port-vale\/#breadcrumb\",\"itemListElement\":[{\"@type\":\"ListItem\",\"position\":1,\"name\":\"Home\",\"item\":\"https:\/\/evertonfc.cz\/\"},{\"@type\":\"ListItem\",\"position\":2,\"name\":\"News\",\"item\":\"https:\/\/evertonfc.cz\/index.php\/news\/\"},{\"@type\":\"ListItem\",\"position\":3,\"name\":\"Duo do Port Vale\"}]},{\"@type\":\"WebSite\",\"@id\":\"https:\/\/evertonfc.cz\/#website\",\"url\":\"https:\/\/evertonfc.cz\/\",\"name\":\"Official Czech &amp; Slovak Everton Supporters&#039; Club\",\"description\":\"\",\"publisher\":{\"@id\":\"https:\/\/evertonfc.cz\/#organization\"},\"potentialAction\":[{\"@type\":\"SearchAction\",\"target\":{\"@type\":\"EntryPoint\",\"urlTemplate\":\"https:\/\/evertonfc.cz\/?s={search_term_string}\"},\"query-input\":{\"@type\":\"PropertyValueSpecification\",\"valueRequired\":true,\"valueName\":\"search_term_string\"}}],\"inLanguage\":\"cs\"},{\"@type\":\"Organization\",\"@id\":\"https:\/\/evertonfc.cz\/#organization\",\"name\":\"Official Czech & Slovak Everton Supporters' Club\",\"url\":\"https:\/\/evertonfc.cz\/\",\"logo\":{\"@type\":\"ImageObject\",\"inLanguage\":\"cs\",\"@id\":\"https:\/\/evertonfc.cz\/#\/schema\/logo\/image\/\",\"url\":\"https:\/\/evertonfc.cz\/wp-content\/uploads\/2019\/05\/logo.png\",\"contentUrl\":\"https:\/\/evertonfc.cz\/wp-content\/uploads\/2019\/05\/logo.png\",\"width\":112,\"height\":112,\"caption\":\"Official Czech & Slovak Everton Supporters' Club\"},\"image\":{\"@id\":\"https:\/\/evertonfc.cz\/#\/schema\/logo\/image\/\"},\"sameAs\":[\"https:\/\/www.facebook.com\/everton.fans.cz.sk\"]}]}<\/script>\n<!-- \/ Yoast SEO plugin. -->","yoast_head_json":{"title":"Duo do Port Vale - Official Czech &amp; Slovak Everton Supporters&#039; Club","robots":{"index":"index","follow":"follow","max-snippet":"max-snippet:-1","max-image-preview":"max-image-preview:large","max-video-preview":"max-video-preview:-1"},"canonical":"https:\/\/evertonfc.cz\/index.php\/news\/duo-do-port-vale\/","og_locale":"cs_CZ","og_type":"article","og_title":"Duo do Port Vale - Official Czech &amp; Slovak Everton Supporters&#039; Club","og_description":"Mlad\u00edci Elijah Campbell a Martin Sherif budou do konce sezony hostovat v t\u0159etiligov\u00e9m Port Vale, kter\u00fd se suver\u00e9nn\u011b nach\u00e1z\u00ed na&hellip;","og_url":"https:\/\/evertonfc.cz\/index.php\/news\/duo-do-port-vale\/","og_site_name":"Official Czech &amp; Slovak Everton Supporters&#039; Club","article_publisher":"https:\/\/www.facebook.com\/everton.fans.cz.sk","article_modified_time":"2026-02-01T21:27:47+00:00","twitter_card":"summary_large_image","twitter_misc":{"Odhadovan\u00e1 doba \u010dten\u00ed":"1 minuta"},"schema":{"@context":"https:\/\/schema.org","@graph":[{"@type":"WebPage","@id":"https:\/\/evertonfc.cz\/index.php\/news\/duo-do-port-vale\/","url":"https:\/\/evertonfc.cz\/index.php\/news\/duo-do-port-vale\/","name":"Duo do Port Vale - Official Czech &amp; Slovak Everton Supporters&#039; Club","isPartOf":{"@id":"https:\/\/evertonfc.cz\/#website"},"datePublished":"2026-02-01T21:10:47+00:00","dateModified":"2026-02-01T21:27:47+00:00","breadcrumb":{"@id":"https:\/\/evertonfc.cz\/index.php\/news\/duo-do-port-vale\/#breadcrumb"},"inLanguage":"cs","potentialAction":[{"@type":"ReadAction","target":["https:\/\/evertonfc.cz\/index.php\/news\/duo-do-port-vale\/"]}]},{"@type":"BreadcrumbList","@id":"https:\/\/evertonfc.cz\/index.php\/news\/duo-do-port-vale\/#breadcrumb","itemListElement":[{"@type":"ListItem","position":1,"name":"Home","item":"https:\/\/evertonfc.cz\/"},{"@type":"ListItem","position":2,"name":"News","item":"https:\/\/evertonfc.cz\/index.php\/news\/"},{"@type":"ListItem","position":3,"name":"Duo do Port Vale"}]},{"@type":"WebSite","@id":"https:\/\/evertonfc.cz\/#website","url":"https:\/\/evertonfc.cz\/","name":"Official Czech &amp; Slovak Everton Supporters&#039; Club","description":"","publisher":{"@id":"https:\/\/evertonfc.cz\/#organization"},"potentialAction":[{"@type":"SearchAction","target":{"@type":"EntryPoint","urlTemplate":"https:\/\/evertonfc.cz\/?s={search_term_string}"},"query-input":{"@type":"PropertyValueSpecification","valueRequired":true,"valueName":"search_term_string"}}],"inLanguage":"cs"},{"@type":"Organization","@id":"https:\/\/evertonfc.cz\/#organization","name":"Official Czech & Slovak Everton Supporters' Club","url":"https:\/\/evertonfc.cz\/","logo":{"@type":"ImageObject","inLanguage":"cs","@id":"https:\/\/evertonfc.cz\/#\/schema\/logo\/image\/","url":"https:\/\/evertonfc.cz\/wp-content\/uploads\/2019\/05\/logo.png","contentUrl":"https:\/\/evertonfc.cz\/wp-content\/uploads\/2019\/05\/logo.png","width":112,"height":112,"caption":"Official Czech & Slovak Everton Supporters' Club"},"image":{"@id":"https:\/\/evertonfc.cz\/#\/schema\/logo\/image\/"},"sameAs":["https:\/\/www.facebook.com\/everton.fans.cz.sk"]}]}},"_links":{"self":[{"href":"https:\/\/evertonfc.cz\/index.php\/wp-json\/wp\/v2\/news\/28363"}],"collection":[{"href":"https:\/\/evertonfc.cz\/index.php\/wp-json\/wp\/v2\/news"}],"about":[{"href":"https:\/\/evertonfc.cz\/index.php\/wp-json\/wp\/v2\/types\/news"}],"author":[{"embeddable":true,"href":"https:\/\/evertonfc.cz\/index.php\/wp-json\/wp\/v2\/users\/6"}],"replies":[{"embeddable":true,"href":"https:\/\/evertonfc.cz\/index.php\/wp-json\/wp\/v2\/comments?post=28363"}],"version-history":[{"count":3,"href":"https:\/\/evertonfc.cz\/index.php\/wp-json\/wp\/v2\/news\/28363\/revisions"}],"predecessor-version":[{"id":28368,"href":"https:\/\/evertonfc.cz\/index.php\/wp-json\/wp\/v2\/news\/28363\/revisions\/28368"}],"wp:attachment":[{"href":"https:\/\/evertonfc.cz\/index.php\/wp-json\/wp\/v2\/media?parent=28363"}],"wp:term":[{"taxonomy":"post_tag","embeddable":true,"href":"https:\/\/evertonfc.cz\/index.php\/wp-json\/wp\/v2\/tags?post=28363"},{"taxonomy":"news-category","embeddable":true,"href":"https:\/\/evertonfc.cz\/index.php\/wp-json\/wp\/v2\/news-category?post=28363"}],"curies":[{"name":"wp","href":"https:\/\/api.w.org\/{rel}","templated":true}]}}