{"id":28377,"date":"2026-02-02T23:51:07","date_gmt":"2026-02-02T22:51:07","guid":{"rendered":"https:\/\/evertonfc.cz\/?post_type=news&#038;p=28377"},"modified":"2026-02-02T23:51:16","modified_gmt":"2026-02-02T22:51:16","slug":"z-evertonu-do-polska","status":"publish","type":"news","link":"https:\/\/evertonfc.cz\/index.php\/news\/z-evertonu-do-polska\/","title":{"rendered":"Z Evertonu do Polska"},"content":{"rendered":"<p data-start=\"79\" data-end=\"244\">Dvacetilet\u00fd defenzivn\u00ed z\u00e1lo\u017en\u00edk Jack Patterson odch\u00e1z\u00ed na hostov\u00e1n\u00ed do konce sez\u00f3ny do polsk\u00e9ho druholigov\u00e9ho klubu \u0141KS \u0141\u00f3d\u017a, kter\u00fd m\u00e1 v dohod\u011b zakotvenou tak\u00e9 opci na p\u0159estup.<\/p>\n<p data-start=\"246\" data-end=\"427\">Severoirsk\u00fd hr\u00e1\u010d p\u0159i\u0161el do Evertonu z domovsk\u00e9ho klubu Crusaders jako \u0161estn\u00e1ctilet\u00fd v roce 2016. V posledn\u00edch dvou letech pravideln\u011b nastupoval za ml\u00e1de\u017enick\u00fd t\u00fdm Toffees do 21 let.<\/p>\n","protected":false},"excerpt":{"rendered":"<p>Dvacetilet\u00fd defenzivn\u00ed z\u00e1lo\u017en\u00edk Jack Patterson odch\u00e1z\u00ed na hostov\u00e1n\u00ed do konce sez\u00f3ny do polsk\u00e9ho druholigov\u00e9ho klubu \u0141KS \u0141\u00f3d\u017a, kter\u00fd m\u00e1 v&hellip;<\/p>\n","protected":false},"author":6,"featured_media":0,"comment_status":"open","ping_status":"closed","template":"","tags":[],"news-category":[18],"yoast_head":"<!-- This site is optimized with the Yoast SEO plugin v23.4 - https:\/\/yoast.com\/wordpress\/plugins\/seo\/ -->\n<title>Z Evertonu do Polska - Official Czech &amp; Slovak Everton Supporters&#039; Club<\/title>\n<meta name=\"robots\" content=\"index, follow, max-snippet:-1, max-image-preview:large, max-video-preview:-1\" \/>\n<link rel=\"canonical\" href=\"https:\/\/evertonfc.cz\/index.php\/news\/z-evertonu-do-polska\/\" \/>\n<meta property=\"og:locale\" content=\"cs_CZ\" \/>\n<meta property=\"og:type\" content=\"article\" \/>\n<meta property=\"og:title\" content=\"Z Evertonu do Polska - Official Czech &amp; Slovak Everton Supporters&#039; Club\" \/>\n<meta property=\"og:description\" content=\"Dvacetilet\u00fd defenzivn\u00ed z\u00e1lo\u017en\u00edk Jack Patterson odch\u00e1z\u00ed na hostov\u00e1n\u00ed do konce sez\u00f3ny do polsk\u00e9ho druholigov\u00e9ho klubu \u0141KS \u0141\u00f3d\u017a, kter\u00fd m\u00e1 v&hellip;\" \/>\n<meta property=\"og:url\" content=\"https:\/\/evertonfc.cz\/index.php\/news\/z-evertonu-do-polska\/\" \/>\n<meta property=\"og:site_name\" content=\"Official Czech &amp; Slovak Everton Supporters&#039; Club\" \/>\n<meta property=\"article:publisher\" content=\"https:\/\/www.facebook.com\/everton.fans.cz.sk\" \/>\n<meta property=\"article:modified_time\" content=\"2026-02-02T22:51:16+00:00\" \/>\n<meta name=\"twitter:card\" content=\"summary_large_image\" \/>\n<meta name=\"twitter:label1\" content=\"Odhadovan\u00e1 doba \u010dten\u00ed\" \/>\n\t<meta name=\"twitter:data1\" content=\"1 minuta\" \/>\n<script type=\"application\/ld+json\" class=\"yoast-schema-graph\">{\"@context\":\"https:\/\/schema.org\",\"@graph\":[{\"@type\":\"WebPage\",\"@id\":\"https:\/\/evertonfc.cz\/index.php\/news\/z-evertonu-do-polska\/\",\"url\":\"https:\/\/evertonfc.cz\/index.php\/news\/z-evertonu-do-polska\/\",\"name\":\"Z Evertonu do Polska - Official Czech &amp; Slovak Everton Supporters&#039; Club\",\"isPartOf\":{\"@id\":\"https:\/\/evertonfc.cz\/#website\"},\"datePublished\":\"2026-02-02T22:51:07+00:00\",\"dateModified\":\"2026-02-02T22:51:16+00:00\",\"breadcrumb\":{\"@id\":\"https:\/\/evertonfc.cz\/index.php\/news\/z-evertonu-do-polska\/#breadcrumb\"},\"inLanguage\":\"cs\",\"potentialAction\":[{\"@type\":\"ReadAction\",\"target\":[\"https:\/\/evertonfc.cz\/index.php\/news\/z-evertonu-do-polska\/\"]}]},{\"@type\":\"BreadcrumbList\",\"@id\":\"https:\/\/evertonfc.cz\/index.php\/news\/z-evertonu-do-polska\/#breadcrumb\",\"itemListElement\":[{\"@type\":\"ListItem\",\"position\":1,\"name\":\"Home\",\"item\":\"https:\/\/evertonfc.cz\/\"},{\"@type\":\"ListItem\",\"position\":2,\"name\":\"News\",\"item\":\"https:\/\/evertonfc.cz\/index.php\/news\/\"},{\"@type\":\"ListItem\",\"position\":3,\"name\":\"Z Evertonu do Polska\"}]},{\"@type\":\"WebSite\",\"@id\":\"https:\/\/evertonfc.cz\/#website\",\"url\":\"https:\/\/evertonfc.cz\/\",\"name\":\"Official Czech &amp; Slovak Everton Supporters&#039; Club\",\"description\":\"\",\"publisher\":{\"@id\":\"https:\/\/evertonfc.cz\/#organization\"},\"potentialAction\":[{\"@type\":\"SearchAction\",\"target\":{\"@type\":\"EntryPoint\",\"urlTemplate\":\"https:\/\/evertonfc.cz\/?s={search_term_string}\"},\"query-input\":{\"@type\":\"PropertyValueSpecification\",\"valueRequired\":true,\"valueName\":\"search_term_string\"}}],\"inLanguage\":\"cs\"},{\"@type\":\"Organization\",\"@id\":\"https:\/\/evertonfc.cz\/#organization\",\"name\":\"Official Czech & Slovak Everton Supporters' Club\",\"url\":\"https:\/\/evertonfc.cz\/\",\"logo\":{\"@type\":\"ImageObject\",\"inLanguage\":\"cs\",\"@id\":\"https:\/\/evertonfc.cz\/#\/schema\/logo\/image\/\",\"url\":\"https:\/\/evertonfc.cz\/wp-content\/uploads\/2019\/05\/logo.png\",\"contentUrl\":\"https:\/\/evertonfc.cz\/wp-content\/uploads\/2019\/05\/logo.png\",\"width\":112,\"height\":112,\"caption\":\"Official Czech & Slovak Everton Supporters' Club\"},\"image\":{\"@id\":\"https:\/\/evertonfc.cz\/#\/schema\/logo\/image\/\"},\"sameAs\":[\"https:\/\/www.facebook.com\/everton.fans.cz.sk\"]}]}<\/script>\n<!-- \/ Yoast SEO plugin. -->","yoast_head_json":{"title":"Z Evertonu do Polska - Official Czech &amp; Slovak Everton Supporters&#039; Club","robots":{"index":"index","follow":"follow","max-snippet":"max-snippet:-1","max-image-preview":"max-image-preview:large","max-video-preview":"max-video-preview:-1"},"canonical":"https:\/\/evertonfc.cz\/index.php\/news\/z-evertonu-do-polska\/","og_locale":"cs_CZ","og_type":"article","og_title":"Z Evertonu do Polska - Official Czech &amp; Slovak Everton Supporters&#039; Club","og_description":"Dvacetilet\u00fd defenzivn\u00ed z\u00e1lo\u017en\u00edk Jack Patterson odch\u00e1z\u00ed na hostov\u00e1n\u00ed do konce sez\u00f3ny do polsk\u00e9ho druholigov\u00e9ho klubu \u0141KS \u0141\u00f3d\u017a, kter\u00fd m\u00e1 v&hellip;","og_url":"https:\/\/evertonfc.cz\/index.php\/news\/z-evertonu-do-polska\/","og_site_name":"Official Czech &amp; Slovak Everton Supporters&#039; Club","article_publisher":"https:\/\/www.facebook.com\/everton.fans.cz.sk","article_modified_time":"2026-02-02T22:51:16+00:00","twitter_card":"summary_large_image","twitter_misc":{"Odhadovan\u00e1 doba \u010dten\u00ed":"1 minuta"},"schema":{"@context":"https:\/\/schema.org","@graph":[{"@type":"WebPage","@id":"https:\/\/evertonfc.cz\/index.php\/news\/z-evertonu-do-polska\/","url":"https:\/\/evertonfc.cz\/index.php\/news\/z-evertonu-do-polska\/","name":"Z Evertonu do Polska - Official Czech &amp; Slovak Everton Supporters&#039; Club","isPartOf":{"@id":"https:\/\/evertonfc.cz\/#website"},"datePublished":"2026-02-02T22:51:07+00:00","dateModified":"2026-02-02T22:51:16+00:00","breadcrumb":{"@id":"https:\/\/evertonfc.cz\/index.php\/news\/z-evertonu-do-polska\/#breadcrumb"},"inLanguage":"cs","potentialAction":[{"@type":"ReadAction","target":["https:\/\/evertonfc.cz\/index.php\/news\/z-evertonu-do-polska\/"]}]},{"@type":"BreadcrumbList","@id":"https:\/\/evertonfc.cz\/index.php\/news\/z-evertonu-do-polska\/#breadcrumb","itemListElement":[{"@type":"ListItem","position":1,"name":"Home","item":"https:\/\/evertonfc.cz\/"},{"@type":"ListItem","position":2,"name":"News","item":"https:\/\/evertonfc.cz\/index.php\/news\/"},{"@type":"ListItem","position":3,"name":"Z Evertonu do Polska"}]},{"@type":"WebSite","@id":"https:\/\/evertonfc.cz\/#website","url":"https:\/\/evertonfc.cz\/","name":"Official Czech &amp; Slovak Everton Supporters&#039; Club","description":"","publisher":{"@id":"https:\/\/evertonfc.cz\/#organization"},"potentialAction":[{"@type":"SearchAction","target":{"@type":"EntryPoint","urlTemplate":"https:\/\/evertonfc.cz\/?s={search_term_string}"},"query-input":{"@type":"PropertyValueSpecification","valueRequired":true,"valueName":"search_term_string"}}],"inLanguage":"cs"},{"@type":"Organization","@id":"https:\/\/evertonfc.cz\/#organization","name":"Official Czech & Slovak Everton Supporters' Club","url":"https:\/\/evertonfc.cz\/","logo":{"@type":"ImageObject","inLanguage":"cs","@id":"https:\/\/evertonfc.cz\/#\/schema\/logo\/image\/","url":"https:\/\/evertonfc.cz\/wp-content\/uploads\/2019\/05\/logo.png","contentUrl":"https:\/\/evertonfc.cz\/wp-content\/uploads\/2019\/05\/logo.png","width":112,"height":112,"caption":"Official Czech & Slovak Everton Supporters' Club"},"image":{"@id":"https:\/\/evertonfc.cz\/#\/schema\/logo\/image\/"},"sameAs":["https:\/\/www.facebook.com\/everton.fans.cz.sk"]}]}},"_links":{"self":[{"href":"https:\/\/evertonfc.cz\/index.php\/wp-json\/wp\/v2\/news\/28377"}],"collection":[{"href":"https:\/\/evertonfc.cz\/index.php\/wp-json\/wp\/v2\/news"}],"about":[{"href":"https:\/\/evertonfc.cz\/index.php\/wp-json\/wp\/v2\/types\/news"}],"author":[{"embeddable":true,"href":"https:\/\/evertonfc.cz\/index.php\/wp-json\/wp\/v2\/users\/6"}],"replies":[{"embeddable":true,"href":"https:\/\/evertonfc.cz\/index.php\/wp-json\/wp\/v2\/comments?post=28377"}],"version-history":[{"count":1,"href":"https:\/\/evertonfc.cz\/index.php\/wp-json\/wp\/v2\/news\/28377\/revisions"}],"predecessor-version":[{"id":28378,"href":"https:\/\/evertonfc.cz\/index.php\/wp-json\/wp\/v2\/news\/28377\/revisions\/28378"}],"wp:attachment":[{"href":"https:\/\/evertonfc.cz\/index.php\/wp-json\/wp\/v2\/media?parent=28377"}],"wp:term":[{"taxonomy":"post_tag","embeddable":true,"href":"https:\/\/evertonfc.cz\/index.php\/wp-json\/wp\/v2\/tags?post=28377"},{"taxonomy":"news-category","embeddable":true,"href":"https:\/\/evertonfc.cz\/index.php\/wp-json\/wp\/v2\/news-category?post=28377"}],"curies":[{"name":"wp","href":"https:\/\/api.w.org\/{rel}","templated":true}]}}