{"id":29459,"date":"2026-08-31T20:14:33","date_gmt":"2026-08-31T18:14:33","guid":{"rendered":"https:\/\/evertonfc.cz\/?post_type=news&#038;p=29459"},"modified":"2026-08-31T21:32:46","modified_gmt":"2026-08-31T19:32:46","slug":"aznou-hostuje-v-malaze","status":"publish","type":"news","link":"https:\/\/evertonfc.cz\/index.php\/news\/aznou-hostuje-v-malaze\/","title":{"rendered":"Aznou hostuje v M\u00e1laze"},"content":{"rendered":"<p>Adam Aznou u\u017e nebude \u010dekat na svou \u0161anci na lavi\u010dce \u010di tribun\u011b Evertonu a sez\u00f3nu 2026\/27 str\u00e1v\u00ed na hostov\u00e1n\u00ed u nov\u00e1\u010dka \u0161pan\u011blsk\u00e9 ligy z M\u00e1lagy. La Liga pro n\u011bj p\u0159itom nen\u00ed nezn\u00e1mou, na ja\u0159e 2025 si ji vyzkou\u0161el ve 13 z\u00e1pasech b\u011bhem hostov\u00e1n\u00ed v dresu Realu Valladolid.<\/p>\n<p>Dvacetilet\u00fd lev\u00fd obr\u00e1nce p\u0159estoupil na Hill Dickinson Stadium loni v l\u00e9t\u011b za osm milion\u016f liber z Bayernu Mnichov, a t\u0159eba\u017ee pod\u00e1val nad\u011bjn\u00e9 v\u00fdkony v p\u0159\u00edprav\u011b, mana\u017eer David Moyes mu ned\u016fv\u011b\u0159oval a nasadil ho pouze jako st\u0159\u00eddaj\u00edc\u00edho hr\u00e1\u010de do utk\u00e1n\u00ed FA Cupu proti Sunderlandu. Sv\u016fj druh\u00fd start za Toffees si odbyl a\u017e p\u0159ed t\u00fddnem v Ligov\u00e9m poh\u00e1ru na p\u016fd\u011b Prestonu, kdy\u017e op\u011bt nasko\u010dil z lavi\u010dky n\u00e1hradn\u00edk\u016f.<\/p>\n<p>V Evertonu m\u00e1 tento marock\u00fd reprezentant smlouvu do roku 2029. Jeho odchod z\u00e1rove\u0148 znamen\u00e1, \u017ee den p\u0159ed koncem p\u0159estupov\u00e9ho obdob\u00ed z\u016fst\u00e1v\u00e1 v k\u00e1dru Toffees jedin\u00fd lev\u00fd bek, Vitaliy Mykolenko.<\/p>\n","protected":false},"excerpt":{"rendered":"<p>Adam Aznou u\u017e nebude \u010dekat na svou \u0161anci na lavi\u010dce \u010di tribun\u011b Evertonu a sez\u00f3nu 2026\/27 str\u00e1v\u00ed na hostov\u00e1n\u00ed u&hellip;<\/p>\n","protected":false},"author":6,"featured_media":0,"comment_status":"open","ping_status":"closed","template":"","tags":[],"news-category":[18],"class_list":["post-29459","news","type-news","status-publish","hentry","news-category-rychlezpravy"],"yoast_head":"<!-- This site is optimized with the Yoast SEO plugin v28.2 - https:\/\/yoast.com\/product\/yoast-seo-wordpress\/ -->\n<title>Aznou hostuje v M\u00e1laze - Official Czech &amp; Slovak Everton Supporters&#039; Club<\/title>\n<meta name=\"robots\" content=\"index, follow, max-snippet:-1, max-image-preview:large, max-video-preview:-1\" \/>\n<link rel=\"canonical\" href=\"https:\/\/evertonfc.cz\/index.php\/news\/aznou-hostuje-v-malaze\/\" \/>\n<meta property=\"og:locale\" content=\"cs_CZ\" \/>\n<meta property=\"og:type\" content=\"article\" \/>\n<meta property=\"og:title\" content=\"Aznou hostuje v M\u00e1laze - Official Czech &amp; Slovak Everton Supporters&#039; Club\" \/>\n<meta property=\"og:description\" content=\"Adam Aznou u\u017e nebude \u010dekat na svou \u0161anci na lavi\u010dce \u010di tribun\u011b Evertonu a sez\u00f3nu 2026\/27 str\u00e1v\u00ed na hostov\u00e1n\u00ed u&hellip;\" \/>\n<meta property=\"og:url\" content=\"https:\/\/evertonfc.cz\/index.php\/news\/aznou-hostuje-v-malaze\/\" \/>\n<meta property=\"og:site_name\" content=\"Official Czech &amp; Slovak Everton Supporters&#039; Club\" \/>\n<meta property=\"article:publisher\" content=\"https:\/\/www.facebook.com\/everton.fans.cz.sk\" \/>\n<meta property=\"article:modified_time\" content=\"2026-08-31T19:32:46+00:00\" \/>\n<meta name=\"twitter:card\" content=\"summary_large_image\" \/>\n<meta name=\"twitter:label1\" content=\"Odhadovan\u00e1 doba \u010dten\u00ed\" \/>\n\t<meta name=\"twitter:data1\" content=\"1 minuta\" \/>\n<script type=\"application\/ld+json\" class=\"yoast-schema-graph\">{\"@context\":\"https:\\\/\\\/schema.org\",\"@graph\":[{\"@type\":\"WebPage\",\"@id\":\"https:\\\/\\\/evertonfc.cz\\\/index.php\\\/news\\\/aznou-hostuje-v-malaze\\\/\",\"url\":\"https:\\\/\\\/evertonfc.cz\\\/index.php\\\/news\\\/aznou-hostuje-v-malaze\\\/\",\"name\":\"Aznou hostuje v M\u00e1laze - Official Czech &amp; Slovak Everton Supporters&#039; Club\",\"isPartOf\":{\"@id\":\"https:\\\/\\\/evertonfc.cz\\\/#website\"},\"datePublished\":\"2026-08-31T18:14:33+00:00\",\"dateModified\":\"2026-08-31T19:32:46+00:00\",\"breadcrumb\":{\"@id\":\"https:\\\/\\\/evertonfc.cz\\\/index.php\\\/news\\\/aznou-hostuje-v-malaze\\\/#breadcrumb\"},\"inLanguage\":\"cs\",\"potentialAction\":[{\"@type\":\"ReadAction\",\"target\":[\"https:\\\/\\\/evertonfc.cz\\\/index.php\\\/news\\\/aznou-hostuje-v-malaze\\\/\"]}]},{\"@type\":\"BreadcrumbList\",\"@id\":\"https:\\\/\\\/evertonfc.cz\\\/index.php\\\/news\\\/aznou-hostuje-v-malaze\\\/#breadcrumb\",\"itemListElement\":[{\"@type\":\"ListItem\",\"position\":1,\"name\":\"Home\",\"item\":\"https:\\\/\\\/evertonfc.cz\\\/\"},{\"@type\":\"ListItem\",\"position\":2,\"name\":\"News\",\"item\":\"https:\\\/\\\/evertonfc.cz\\\/index.php\\\/news\\\/\"},{\"@type\":\"ListItem\",\"position\":3,\"name\":\"Aznou hostuje v M\u00e1laze\"}]},{\"@type\":\"WebSite\",\"@id\":\"https:\\\/\\\/evertonfc.cz\\\/#website\",\"url\":\"https:\\\/\\\/evertonfc.cz\\\/\",\"name\":\"Official Czech &amp; Slovak Everton Supporters&#039; Club\",\"description\":\"\",\"publisher\":{\"@id\":\"https:\\\/\\\/evertonfc.cz\\\/#organization\"},\"potentialAction\":[{\"@type\":\"SearchAction\",\"target\":{\"@type\":\"EntryPoint\",\"urlTemplate\":\"https:\\\/\\\/evertonfc.cz\\\/?s={search_term_string}\"},\"query-input\":{\"@type\":\"PropertyValueSpecification\",\"valueRequired\":true,\"valueName\":\"search_term_string\"}}],\"inLanguage\":\"cs\"},{\"@type\":\"Organization\",\"@id\":\"https:\\\/\\\/evertonfc.cz\\\/#organization\",\"name\":\"Official Czech & Slovak Everton Supporters' Club\",\"url\":\"https:\\\/\\\/evertonfc.cz\\\/\",\"logo\":{\"@type\":\"ImageObject\",\"inLanguage\":\"cs\",\"@id\":\"https:\\\/\\\/evertonfc.cz\\\/#\\\/schema\\\/logo\\\/image\\\/\",\"url\":\"https:\\\/\\\/evertonfc.cz\\\/wp-content\\\/uploads\\\/2019\\\/05\\\/logo.png\",\"contentUrl\":\"https:\\\/\\\/evertonfc.cz\\\/wp-content\\\/uploads\\\/2019\\\/05\\\/logo.png\",\"width\":112,\"height\":112,\"caption\":\"Official Czech & Slovak Everton Supporters' Club\"},\"image\":{\"@id\":\"https:\\\/\\\/evertonfc.cz\\\/#\\\/schema\\\/logo\\\/image\\\/\"},\"sameAs\":[\"https:\\\/\\\/www.facebook.com\\\/everton.fans.cz.sk\"]}]}<\/script>\n<!-- \/ Yoast SEO plugin. -->","yoast_head_json":{"title":"Aznou hostuje v M\u00e1laze - Official Czech &amp; Slovak Everton Supporters&#039; Club","robots":{"index":"index","follow":"follow","max-snippet":"max-snippet:-1","max-image-preview":"max-image-preview:large","max-video-preview":"max-video-preview:-1"},"canonical":"https:\/\/evertonfc.cz\/index.php\/news\/aznou-hostuje-v-malaze\/","og_locale":"cs_CZ","og_type":"article","og_title":"Aznou hostuje v M\u00e1laze - Official Czech &amp; Slovak Everton Supporters&#039; Club","og_description":"Adam Aznou u\u017e nebude \u010dekat na svou \u0161anci na lavi\u010dce \u010di tribun\u011b Evertonu a sez\u00f3nu 2026\/27 str\u00e1v\u00ed na hostov\u00e1n\u00ed u&hellip;","og_url":"https:\/\/evertonfc.cz\/index.php\/news\/aznou-hostuje-v-malaze\/","og_site_name":"Official Czech &amp; Slovak Everton Supporters&#039; Club","article_publisher":"https:\/\/www.facebook.com\/everton.fans.cz.sk","article_modified_time":"2026-08-31T19:32:46+00:00","twitter_card":"summary_large_image","twitter_misc":{"Odhadovan\u00e1 doba \u010dten\u00ed":"1 minuta"},"schema":{"@context":"https:\/\/schema.org","@graph":[{"@type":"WebPage","@id":"https:\/\/evertonfc.cz\/index.php\/news\/aznou-hostuje-v-malaze\/","url":"https:\/\/evertonfc.cz\/index.php\/news\/aznou-hostuje-v-malaze\/","name":"Aznou hostuje v M\u00e1laze - Official Czech &amp; Slovak Everton Supporters&#039; Club","isPartOf":{"@id":"https:\/\/evertonfc.cz\/#website"},"datePublished":"2026-08-31T18:14:33+00:00","dateModified":"2026-08-31T19:32:46+00:00","breadcrumb":{"@id":"https:\/\/evertonfc.cz\/index.php\/news\/aznou-hostuje-v-malaze\/#breadcrumb"},"inLanguage":"cs","potentialAction":[{"@type":"ReadAction","target":["https:\/\/evertonfc.cz\/index.php\/news\/aznou-hostuje-v-malaze\/"]}]},{"@type":"BreadcrumbList","@id":"https:\/\/evertonfc.cz\/index.php\/news\/aznou-hostuje-v-malaze\/#breadcrumb","itemListElement":[{"@type":"ListItem","position":1,"name":"Home","item":"https:\/\/evertonfc.cz\/"},{"@type":"ListItem","position":2,"name":"News","item":"https:\/\/evertonfc.cz\/index.php\/news\/"},{"@type":"ListItem","position":3,"name":"Aznou hostuje v M\u00e1laze"}]},{"@type":"WebSite","@id":"https:\/\/evertonfc.cz\/#website","url":"https:\/\/evertonfc.cz\/","name":"Official Czech &amp; Slovak Everton Supporters&#039; Club","description":"","publisher":{"@id":"https:\/\/evertonfc.cz\/#organization"},"potentialAction":[{"@type":"SearchAction","target":{"@type":"EntryPoint","urlTemplate":"https:\/\/evertonfc.cz\/?s={search_term_string}"},"query-input":{"@type":"PropertyValueSpecification","valueRequired":true,"valueName":"search_term_string"}}],"inLanguage":"cs"},{"@type":"Organization","@id":"https:\/\/evertonfc.cz\/#organization","name":"Official Czech & Slovak Everton Supporters' Club","url":"https:\/\/evertonfc.cz\/","logo":{"@type":"ImageObject","inLanguage":"cs","@id":"https:\/\/evertonfc.cz\/#\/schema\/logo\/image\/","url":"https:\/\/evertonfc.cz\/wp-content\/uploads\/2019\/05\/logo.png","contentUrl":"https:\/\/evertonfc.cz\/wp-content\/uploads\/2019\/05\/logo.png","width":112,"height":112,"caption":"Official Czech & Slovak Everton Supporters' Club"},"image":{"@id":"https:\/\/evertonfc.cz\/#\/schema\/logo\/image\/"},"sameAs":["https:\/\/www.facebook.com\/everton.fans.cz.sk"]}]}},"_links":{"self":[{"href":"https:\/\/evertonfc.cz\/index.php\/wp-json\/wp\/v2\/news\/29459","targetHints":{"allow":["GET"]}}],"collection":[{"href":"https:\/\/evertonfc.cz\/index.php\/wp-json\/wp\/v2\/news"}],"about":[{"href":"https:\/\/evertonfc.cz\/index.php\/wp-json\/wp\/v2\/types\/news"}],"author":[{"embeddable":true,"href":"https:\/\/evertonfc.cz\/index.php\/wp-json\/wp\/v2\/users\/6"}],"replies":[{"embeddable":true,"href":"https:\/\/evertonfc.cz\/index.php\/wp-json\/wp\/v2\/comments?post=29459"}],"version-history":[{"count":3,"href":"https:\/\/evertonfc.cz\/index.php\/wp-json\/wp\/v2\/news\/29459\/revisions"}],"predecessor-version":[{"id":29467,"href":"https:\/\/evertonfc.cz\/index.php\/wp-json\/wp\/v2\/news\/29459\/revisions\/29467"}],"wp:attachment":[{"href":"https:\/\/evertonfc.cz\/index.php\/wp-json\/wp\/v2\/media?parent=29459"}],"wp:term":[{"taxonomy":"post_tag","embeddable":true,"href":"https:\/\/evertonfc.cz\/index.php\/wp-json\/wp\/v2\/tags?post=29459"},{"taxonomy":"news-category","embeddable":true,"href":"https:\/\/evertonfc.cz\/index.php\/wp-json\/wp\/v2\/news-category?post=29459"}],"curies":[{"name":"wp","href":"https:\/\/api.w.org\/{rel}","templated":true}]}}