{"id":7131,"date":"2019-03-22T10:32:24","date_gmt":"2019-03-22T09:32:24","guid":{"rendered":"https:\/\/evertonfc.cz\/?post_type=news&#038;p=7131"},"modified":"2019-03-25T14:54:00","modified_gmt":"2019-03-25T13:54:00","slug":"neprajny-rooney","status":"publish","type":"news","link":"https:\/\/evertonfc.cz\/index.php\/news\/neprajny-rooney\/","title":{"rendered":"Neprajn\u00fd Rooney"},"content":{"rendered":"<p>\u00dato\u010dn\u00edk a\u00a0kapit\u00e1n DC United, Wayne Rooney, sa rozhovoril pre TalkSport o\u00a0a\u0161pirantoch na titul v\u00a0Premier League. 33 ro\u010dn\u00fd fan\u00fa\u0161ik a\u00a0detsk\u00e1 hviezda Evertonu, nesk\u00f4r legenda Manchesteru United a\u00a0anglickej reprezent\u00e1cie, sa priznal, \u017ee by titul doprial rad\u0161ej susedom z\u00a0Etihad Stadium, ne\u017e rivalom z\u00a0Anfield Road, ktor\u00fd na korunov\u00e1ciu \u010dakaj\u00fa u\u017e 29 rokov:<\/p>\n<p><em>\u201eM\u00e1m skvel\u00fd d\u00f4vod by\u0165 mimo krajiny, ke\u010f sa t\u00edto dvaja bij\u00fa o titul. D\u00fafam, \u017ee to Man City zvl\u00e1dne miesto Liverpoolu. Nezniesol by som sa na to pozera\u0165, keby vyhrali. Bola by to no\u010dn\u00e1 mora pre ka\u017ed\u00e9ho Evertoniana. Pam\u00e4t\u00e1m si, ke\u010f v roku 2005 vyhrali Ligu Majstrov a doteraz o tom rozpr\u00e1vaj\u00fa. Tak\u017ee to by bolo zase na \u010fal\u0161\u00edch 10, 15 rokov po\u010d\u00favania!\u201c<\/em><\/p>\n","protected":false},"excerpt":{"rendered":"<p>\u00dato\u010dn\u00edk a\u00a0kapit\u00e1n DC United, Wayne Rooney, sa rozhovoril pre TalkSport o\u00a0a\u0161pirantoch na titul v\u00a0Premier League. 33 ro\u010dn\u00fd fan\u00fa\u0161ik a\u00a0detsk\u00e1 hviezda&hellip;<\/p>\n","protected":false},"author":1,"featured_media":0,"comment_status":"open","ping_status":"closed","template":"","tags":[],"news-category":[18],"yoast_head":"<!-- This site is optimized with the Yoast SEO plugin v23.4 - https:\/\/yoast.com\/wordpress\/plugins\/seo\/ -->\n<title>Neprajn\u00fd Rooney - Official Czech &amp; Slovak Everton Supporters&#039; Club<\/title>\n<meta name=\"robots\" content=\"index, follow, max-snippet:-1, max-image-preview:large, max-video-preview:-1\" \/>\n<link rel=\"canonical\" href=\"https:\/\/evertonfc.cz\/index.php\/news\/neprajny-rooney\/\" \/>\n<meta property=\"og:locale\" content=\"cs_CZ\" \/>\n<meta property=\"og:type\" content=\"article\" \/>\n<meta property=\"og:title\" content=\"Neprajn\u00fd Rooney - Official Czech &amp; Slovak Everton Supporters&#039; Club\" \/>\n<meta property=\"og:description\" content=\"\u00dato\u010dn\u00edk a\u00a0kapit\u00e1n DC United, Wayne Rooney, sa rozhovoril pre TalkSport o\u00a0a\u0161pirantoch na titul v\u00a0Premier League. 33 ro\u010dn\u00fd fan\u00fa\u0161ik a\u00a0detsk\u00e1 hviezda&hellip;\" \/>\n<meta property=\"og:url\" content=\"https:\/\/evertonfc.cz\/index.php\/news\/neprajny-rooney\/\" \/>\n<meta property=\"og:site_name\" content=\"Official Czech &amp; Slovak Everton Supporters&#039; Club\" \/>\n<meta property=\"article:publisher\" content=\"https:\/\/www.facebook.com\/everton.fans.cz.sk\" \/>\n<meta property=\"article:modified_time\" content=\"2019-03-25T13:54:00+00:00\" \/>\n<meta name=\"twitter:card\" content=\"summary_large_image\" \/>\n<meta name=\"twitter:label1\" content=\"Odhadovan\u00e1 doba \u010dten\u00ed\" \/>\n\t<meta name=\"twitter:data1\" content=\"1 minuta\" \/>\n<script type=\"application\/ld+json\" class=\"yoast-schema-graph\">{\"@context\":\"https:\/\/schema.org\",\"@graph\":[{\"@type\":\"WebPage\",\"@id\":\"https:\/\/evertonfc.cz\/index.php\/news\/neprajny-rooney\/\",\"url\":\"https:\/\/evertonfc.cz\/index.php\/news\/neprajny-rooney\/\",\"name\":\"Neprajn\u00fd Rooney - Official Czech &amp; Slovak Everton Supporters&#039; Club\",\"isPartOf\":{\"@id\":\"https:\/\/evertonfc.cz\/#website\"},\"datePublished\":\"2019-03-22T09:32:24+00:00\",\"dateModified\":\"2019-03-25T13:54:00+00:00\",\"breadcrumb\":{\"@id\":\"https:\/\/evertonfc.cz\/index.php\/news\/neprajny-rooney\/#breadcrumb\"},\"inLanguage\":\"cs\",\"potentialAction\":[{\"@type\":\"ReadAction\",\"target\":[\"https:\/\/evertonfc.cz\/index.php\/news\/neprajny-rooney\/\"]}]},{\"@type\":\"BreadcrumbList\",\"@id\":\"https:\/\/evertonfc.cz\/index.php\/news\/neprajny-rooney\/#breadcrumb\",\"itemListElement\":[{\"@type\":\"ListItem\",\"position\":1,\"name\":\"Home\",\"item\":\"https:\/\/evertonfc.cz\/\"},{\"@type\":\"ListItem\",\"position\":2,\"name\":\"News\",\"item\":\"https:\/\/evertonfc.cz\/index.php\/news\/\"},{\"@type\":\"ListItem\",\"position\":3,\"name\":\"Neprajn\u00fd Rooney\"}]},{\"@type\":\"WebSite\",\"@id\":\"https:\/\/evertonfc.cz\/#website\",\"url\":\"https:\/\/evertonfc.cz\/\",\"name\":\"Official Czech &amp; Slovak Everton Supporters&#039; Club\",\"description\":\"\",\"publisher\":{\"@id\":\"https:\/\/evertonfc.cz\/#organization\"},\"potentialAction\":[{\"@type\":\"SearchAction\",\"target\":{\"@type\":\"EntryPoint\",\"urlTemplate\":\"https:\/\/evertonfc.cz\/?s={search_term_string}\"},\"query-input\":{\"@type\":\"PropertyValueSpecification\",\"valueRequired\":true,\"valueName\":\"search_term_string\"}}],\"inLanguage\":\"cs\"},{\"@type\":\"Organization\",\"@id\":\"https:\/\/evertonfc.cz\/#organization\",\"name\":\"Official Czech & Slovak Everton Supporters' Club\",\"url\":\"https:\/\/evertonfc.cz\/\",\"logo\":{\"@type\":\"ImageObject\",\"inLanguage\":\"cs\",\"@id\":\"https:\/\/evertonfc.cz\/#\/schema\/logo\/image\/\",\"url\":\"https:\/\/evertonfc.cz\/wp-content\/uploads\/2019\/05\/logo.png\",\"contentUrl\":\"https:\/\/evertonfc.cz\/wp-content\/uploads\/2019\/05\/logo.png\",\"width\":112,\"height\":112,\"caption\":\"Official Czech & Slovak Everton Supporters' Club\"},\"image\":{\"@id\":\"https:\/\/evertonfc.cz\/#\/schema\/logo\/image\/\"},\"sameAs\":[\"https:\/\/www.facebook.com\/everton.fans.cz.sk\"]}]}<\/script>\n<!-- \/ Yoast SEO plugin. -->","yoast_head_json":{"title":"Neprajn\u00fd Rooney - Official Czech &amp; Slovak Everton Supporters&#039; Club","robots":{"index":"index","follow":"follow","max-snippet":"max-snippet:-1","max-image-preview":"max-image-preview:large","max-video-preview":"max-video-preview:-1"},"canonical":"https:\/\/evertonfc.cz\/index.php\/news\/neprajny-rooney\/","og_locale":"cs_CZ","og_type":"article","og_title":"Neprajn\u00fd Rooney - Official Czech &amp; Slovak Everton Supporters&#039; Club","og_description":"\u00dato\u010dn\u00edk a\u00a0kapit\u00e1n DC United, Wayne Rooney, sa rozhovoril pre TalkSport o\u00a0a\u0161pirantoch na titul v\u00a0Premier League. 33 ro\u010dn\u00fd fan\u00fa\u0161ik a\u00a0detsk\u00e1 hviezda&hellip;","og_url":"https:\/\/evertonfc.cz\/index.php\/news\/neprajny-rooney\/","og_site_name":"Official Czech &amp; Slovak Everton Supporters&#039; Club","article_publisher":"https:\/\/www.facebook.com\/everton.fans.cz.sk","article_modified_time":"2019-03-25T13:54:00+00:00","twitter_card":"summary_large_image","twitter_misc":{"Odhadovan\u00e1 doba \u010dten\u00ed":"1 minuta"},"schema":{"@context":"https:\/\/schema.org","@graph":[{"@type":"WebPage","@id":"https:\/\/evertonfc.cz\/index.php\/news\/neprajny-rooney\/","url":"https:\/\/evertonfc.cz\/index.php\/news\/neprajny-rooney\/","name":"Neprajn\u00fd Rooney - Official Czech &amp; Slovak Everton Supporters&#039; Club","isPartOf":{"@id":"https:\/\/evertonfc.cz\/#website"},"datePublished":"2019-03-22T09:32:24+00:00","dateModified":"2019-03-25T13:54:00+00:00","breadcrumb":{"@id":"https:\/\/evertonfc.cz\/index.php\/news\/neprajny-rooney\/#breadcrumb"},"inLanguage":"cs","potentialAction":[{"@type":"ReadAction","target":["https:\/\/evertonfc.cz\/index.php\/news\/neprajny-rooney\/"]}]},{"@type":"BreadcrumbList","@id":"https:\/\/evertonfc.cz\/index.php\/news\/neprajny-rooney\/#breadcrumb","itemListElement":[{"@type":"ListItem","position":1,"name":"Home","item":"https:\/\/evertonfc.cz\/"},{"@type":"ListItem","position":2,"name":"News","item":"https:\/\/evertonfc.cz\/index.php\/news\/"},{"@type":"ListItem","position":3,"name":"Neprajn\u00fd Rooney"}]},{"@type":"WebSite","@id":"https:\/\/evertonfc.cz\/#website","url":"https:\/\/evertonfc.cz\/","name":"Official Czech &amp; Slovak Everton Supporters&#039; Club","description":"","publisher":{"@id":"https:\/\/evertonfc.cz\/#organization"},"potentialAction":[{"@type":"SearchAction","target":{"@type":"EntryPoint","urlTemplate":"https:\/\/evertonfc.cz\/?s={search_term_string}"},"query-input":{"@type":"PropertyValueSpecification","valueRequired":true,"valueName":"search_term_string"}}],"inLanguage":"cs"},{"@type":"Organization","@id":"https:\/\/evertonfc.cz\/#organization","name":"Official Czech & Slovak Everton Supporters' Club","url":"https:\/\/evertonfc.cz\/","logo":{"@type":"ImageObject","inLanguage":"cs","@id":"https:\/\/evertonfc.cz\/#\/schema\/logo\/image\/","url":"https:\/\/evertonfc.cz\/wp-content\/uploads\/2019\/05\/logo.png","contentUrl":"https:\/\/evertonfc.cz\/wp-content\/uploads\/2019\/05\/logo.png","width":112,"height":112,"caption":"Official Czech & Slovak Everton Supporters' Club"},"image":{"@id":"https:\/\/evertonfc.cz\/#\/schema\/logo\/image\/"},"sameAs":["https:\/\/www.facebook.com\/everton.fans.cz.sk"]}]}},"_links":{"self":[{"href":"https:\/\/evertonfc.cz\/index.php\/wp-json\/wp\/v2\/news\/7131"}],"collection":[{"href":"https:\/\/evertonfc.cz\/index.php\/wp-json\/wp\/v2\/news"}],"about":[{"href":"https:\/\/evertonfc.cz\/index.php\/wp-json\/wp\/v2\/types\/news"}],"author":[{"embeddable":true,"href":"https:\/\/evertonfc.cz\/index.php\/wp-json\/wp\/v2\/users\/1"}],"replies":[{"embeddable":true,"href":"https:\/\/evertonfc.cz\/index.php\/wp-json\/wp\/v2\/comments?post=7131"}],"version-history":[{"count":0,"href":"https:\/\/evertonfc.cz\/index.php\/wp-json\/wp\/v2\/news\/7131\/revisions"}],"wp:attachment":[{"href":"https:\/\/evertonfc.cz\/index.php\/wp-json\/wp\/v2\/media?parent=7131"}],"wp:term":[{"taxonomy":"post_tag","embeddable":true,"href":"https:\/\/evertonfc.cz\/index.php\/wp-json\/wp\/v2\/tags?post=7131"},{"taxonomy":"news-category","embeddable":true,"href":"https:\/\/evertonfc.cz\/index.php\/wp-json\/wp\/v2\/news-category?post=7131"}],"curies":[{"name":"wp","href":"https:\/\/api.w.org\/{rel}","templated":true}]}}