{"id":7301,"date":"2019-04-01T12:50:04","date_gmt":"2019-04-01T10:50:04","guid":{"rendered":"https:\/\/evertonfc.cz\/?post_type=news&#038;p=7301"},"modified":"2019-04-01T12:50:04","modified_gmt":"2019-04-01T10:50:04","slug":"navrat-penningtona","status":"publish","type":"news","link":"https:\/\/evertonfc.cz\/index.php\/news\/navrat-penningtona\/","title":{"rendered":"N\u00e1vrat Penningtona"},"content":{"rendered":"<p style=\"background: white;\"><span lang=\"SK\">Matthew Pennington pred\u010dasne ukon\u010dil svoje hos\u0165ovanie v druholigovom Ipswichi Town a vr\u00e1til sa na Finch Farm. D\u00f4vodom s\u00fa roztrhnut\u00e9 v\u00e4zy v \u010dlenku. Tie bud\u00fa vy\u017eadova\u0165 oper\u00e1ciu a pobyt mimo futbalov\u00fdch tr\u00e1vnikov do konca aktu\u00e1lnej sez\u00f3ny. Zranenie si 24 ro\u010dn\u00fd stredn\u00fd obranca privodil na tr\u00e9ningu.<\/span><\/p>\n<p style=\"background: white;\"><span lang=\"SK\">I napriek tomu si na svoju particip\u00e1ciu bude spom\u00edna\u0165 ur\u010dite r\u00e1d, hoci to bude najhor\u0161ia sez\u00f3na The Tractor Boys za posledn\u00fdch 60 rokov. Ako posledn\u00e9mu t\u00edmu v tabu\u013eke Championship im ch\u00fdba 13 bodov do z\u00e1chrany. V hre v\u0161ak ost\u00e1va u\u017e len 21 mo\u017en\u00fdch zo siedmych z\u00e1pasov.<\/span><\/p>\n<p style=\"background: white;\"><span lang=\"SK\">Matthew na hos\u0165ovan\u00ed zasiahol do 31 z\u00e1pasov a\u00a0prip\u00edsal si na konto jeden g\u00f3l. 26 duelov v\u00a0rade dokonca odohral v\u00a0z\u00e1kladnej zostave a\u00a0nebolo by ve\u013ek\u00fdm prekvapen\u00edm, ak by si odniesol domov cenu za hr\u00e1\u010da sez\u00f3ny.<\/span><\/p>\n","protected":false},"excerpt":{"rendered":"<p>Matthew Pennington pred\u010dasne ukon\u010dil svoje hos\u0165ovanie v druholigovom Ipswichi Town a vr\u00e1til sa na Finch Farm. D\u00f4vodom s\u00fa roztrhnut\u00e9 v\u00e4zy&hellip;<\/p>\n","protected":false},"author":1,"featured_media":0,"comment_status":"open","ping_status":"closed","template":"","tags":[],"news-category":[18],"yoast_head":"<!-- This site is optimized with the Yoast SEO plugin v23.4 - https:\/\/yoast.com\/wordpress\/plugins\/seo\/ -->\n<title>N\u00e1vrat Penningtona - Official Czech &amp; Slovak Everton Supporters&#039; Club<\/title>\n<meta name=\"robots\" content=\"index, follow, max-snippet:-1, max-image-preview:large, max-video-preview:-1\" \/>\n<link rel=\"canonical\" href=\"https:\/\/evertonfc.cz\/index.php\/news\/navrat-penningtona\/\" \/>\n<meta property=\"og:locale\" content=\"cs_CZ\" \/>\n<meta property=\"og:type\" content=\"article\" \/>\n<meta property=\"og:title\" content=\"N\u00e1vrat Penningtona - Official Czech &amp; Slovak Everton Supporters&#039; Club\" \/>\n<meta property=\"og:description\" content=\"Matthew Pennington pred\u010dasne ukon\u010dil svoje hos\u0165ovanie v druholigovom Ipswichi Town a vr\u00e1til sa na Finch Farm. D\u00f4vodom s\u00fa roztrhnut\u00e9 v\u00e4zy&hellip;\" \/>\n<meta property=\"og:url\" content=\"https:\/\/evertonfc.cz\/index.php\/news\/navrat-penningtona\/\" \/>\n<meta property=\"og:site_name\" content=\"Official Czech &amp; Slovak Everton Supporters&#039; Club\" \/>\n<meta property=\"article:publisher\" content=\"https:\/\/www.facebook.com\/everton.fans.cz.sk\" \/>\n<meta name=\"twitter:card\" content=\"summary_large_image\" \/>\n<meta name=\"twitter:label1\" content=\"Odhadovan\u00e1 doba \u010dten\u00ed\" \/>\n\t<meta name=\"twitter:data1\" content=\"1 minuta\" \/>\n<script type=\"application\/ld+json\" class=\"yoast-schema-graph\">{\"@context\":\"https:\/\/schema.org\",\"@graph\":[{\"@type\":\"WebPage\",\"@id\":\"https:\/\/evertonfc.cz\/index.php\/news\/navrat-penningtona\/\",\"url\":\"https:\/\/evertonfc.cz\/index.php\/news\/navrat-penningtona\/\",\"name\":\"N\u00e1vrat Penningtona - Official Czech &amp; Slovak Everton Supporters&#039; Club\",\"isPartOf\":{\"@id\":\"https:\/\/evertonfc.cz\/#website\"},\"datePublished\":\"2019-04-01T10:50:04+00:00\",\"dateModified\":\"2019-04-01T10:50:04+00:00\",\"breadcrumb\":{\"@id\":\"https:\/\/evertonfc.cz\/index.php\/news\/navrat-penningtona\/#breadcrumb\"},\"inLanguage\":\"cs\",\"potentialAction\":[{\"@type\":\"ReadAction\",\"target\":[\"https:\/\/evertonfc.cz\/index.php\/news\/navrat-penningtona\/\"]}]},{\"@type\":\"BreadcrumbList\",\"@id\":\"https:\/\/evertonfc.cz\/index.php\/news\/navrat-penningtona\/#breadcrumb\",\"itemListElement\":[{\"@type\":\"ListItem\",\"position\":1,\"name\":\"Home\",\"item\":\"https:\/\/evertonfc.cz\/\"},{\"@type\":\"ListItem\",\"position\":2,\"name\":\"News\",\"item\":\"https:\/\/evertonfc.cz\/index.php\/news\/\"},{\"@type\":\"ListItem\",\"position\":3,\"name\":\"N\u00e1vrat Penningtona\"}]},{\"@type\":\"WebSite\",\"@id\":\"https:\/\/evertonfc.cz\/#website\",\"url\":\"https:\/\/evertonfc.cz\/\",\"name\":\"Official Czech &amp; Slovak Everton Supporters&#039; Club\",\"description\":\"\",\"publisher\":{\"@id\":\"https:\/\/evertonfc.cz\/#organization\"},\"potentialAction\":[{\"@type\":\"SearchAction\",\"target\":{\"@type\":\"EntryPoint\",\"urlTemplate\":\"https:\/\/evertonfc.cz\/?s={search_term_string}\"},\"query-input\":{\"@type\":\"PropertyValueSpecification\",\"valueRequired\":true,\"valueName\":\"search_term_string\"}}],\"inLanguage\":\"cs\"},{\"@type\":\"Organization\",\"@id\":\"https:\/\/evertonfc.cz\/#organization\",\"name\":\"Official Czech & Slovak Everton Supporters' Club\",\"url\":\"https:\/\/evertonfc.cz\/\",\"logo\":{\"@type\":\"ImageObject\",\"inLanguage\":\"cs\",\"@id\":\"https:\/\/evertonfc.cz\/#\/schema\/logo\/image\/\",\"url\":\"https:\/\/evertonfc.cz\/wp-content\/uploads\/2019\/05\/logo.png\",\"contentUrl\":\"https:\/\/evertonfc.cz\/wp-content\/uploads\/2019\/05\/logo.png\",\"width\":112,\"height\":112,\"caption\":\"Official Czech & Slovak Everton Supporters' Club\"},\"image\":{\"@id\":\"https:\/\/evertonfc.cz\/#\/schema\/logo\/image\/\"},\"sameAs\":[\"https:\/\/www.facebook.com\/everton.fans.cz.sk\"]}]}<\/script>\n<!-- \/ Yoast SEO plugin. -->","yoast_head_json":{"title":"N\u00e1vrat Penningtona - Official Czech &amp; Slovak Everton Supporters&#039; Club","robots":{"index":"index","follow":"follow","max-snippet":"max-snippet:-1","max-image-preview":"max-image-preview:large","max-video-preview":"max-video-preview:-1"},"canonical":"https:\/\/evertonfc.cz\/index.php\/news\/navrat-penningtona\/","og_locale":"cs_CZ","og_type":"article","og_title":"N\u00e1vrat Penningtona - Official Czech &amp; Slovak Everton Supporters&#039; Club","og_description":"Matthew Pennington pred\u010dasne ukon\u010dil svoje hos\u0165ovanie v druholigovom Ipswichi Town a vr\u00e1til sa na Finch Farm. D\u00f4vodom s\u00fa roztrhnut\u00e9 v\u00e4zy&hellip;","og_url":"https:\/\/evertonfc.cz\/index.php\/news\/navrat-penningtona\/","og_site_name":"Official Czech &amp; Slovak Everton Supporters&#039; Club","article_publisher":"https:\/\/www.facebook.com\/everton.fans.cz.sk","twitter_card":"summary_large_image","twitter_misc":{"Odhadovan\u00e1 doba \u010dten\u00ed":"1 minuta"},"schema":{"@context":"https:\/\/schema.org","@graph":[{"@type":"WebPage","@id":"https:\/\/evertonfc.cz\/index.php\/news\/navrat-penningtona\/","url":"https:\/\/evertonfc.cz\/index.php\/news\/navrat-penningtona\/","name":"N\u00e1vrat Penningtona - Official Czech &amp; Slovak Everton Supporters&#039; Club","isPartOf":{"@id":"https:\/\/evertonfc.cz\/#website"},"datePublished":"2019-04-01T10:50:04+00:00","dateModified":"2019-04-01T10:50:04+00:00","breadcrumb":{"@id":"https:\/\/evertonfc.cz\/index.php\/news\/navrat-penningtona\/#breadcrumb"},"inLanguage":"cs","potentialAction":[{"@type":"ReadAction","target":["https:\/\/evertonfc.cz\/index.php\/news\/navrat-penningtona\/"]}]},{"@type":"BreadcrumbList","@id":"https:\/\/evertonfc.cz\/index.php\/news\/navrat-penningtona\/#breadcrumb","itemListElement":[{"@type":"ListItem","position":1,"name":"Home","item":"https:\/\/evertonfc.cz\/"},{"@type":"ListItem","position":2,"name":"News","item":"https:\/\/evertonfc.cz\/index.php\/news\/"},{"@type":"ListItem","position":3,"name":"N\u00e1vrat Penningtona"}]},{"@type":"WebSite","@id":"https:\/\/evertonfc.cz\/#website","url":"https:\/\/evertonfc.cz\/","name":"Official Czech &amp; Slovak Everton Supporters&#039; Club","description":"","publisher":{"@id":"https:\/\/evertonfc.cz\/#organization"},"potentialAction":[{"@type":"SearchAction","target":{"@type":"EntryPoint","urlTemplate":"https:\/\/evertonfc.cz\/?s={search_term_string}"},"query-input":{"@type":"PropertyValueSpecification","valueRequired":true,"valueName":"search_term_string"}}],"inLanguage":"cs"},{"@type":"Organization","@id":"https:\/\/evertonfc.cz\/#organization","name":"Official Czech & Slovak Everton Supporters' Club","url":"https:\/\/evertonfc.cz\/","logo":{"@type":"ImageObject","inLanguage":"cs","@id":"https:\/\/evertonfc.cz\/#\/schema\/logo\/image\/","url":"https:\/\/evertonfc.cz\/wp-content\/uploads\/2019\/05\/logo.png","contentUrl":"https:\/\/evertonfc.cz\/wp-content\/uploads\/2019\/05\/logo.png","width":112,"height":112,"caption":"Official Czech & Slovak Everton Supporters' Club"},"image":{"@id":"https:\/\/evertonfc.cz\/#\/schema\/logo\/image\/"},"sameAs":["https:\/\/www.facebook.com\/everton.fans.cz.sk"]}]}},"_links":{"self":[{"href":"https:\/\/evertonfc.cz\/index.php\/wp-json\/wp\/v2\/news\/7301"}],"collection":[{"href":"https:\/\/evertonfc.cz\/index.php\/wp-json\/wp\/v2\/news"}],"about":[{"href":"https:\/\/evertonfc.cz\/index.php\/wp-json\/wp\/v2\/types\/news"}],"author":[{"embeddable":true,"href":"https:\/\/evertonfc.cz\/index.php\/wp-json\/wp\/v2\/users\/1"}],"replies":[{"embeddable":true,"href":"https:\/\/evertonfc.cz\/index.php\/wp-json\/wp\/v2\/comments?post=7301"}],"version-history":[{"count":0,"href":"https:\/\/evertonfc.cz\/index.php\/wp-json\/wp\/v2\/news\/7301\/revisions"}],"wp:attachment":[{"href":"https:\/\/evertonfc.cz\/index.php\/wp-json\/wp\/v2\/media?parent=7301"}],"wp:term":[{"taxonomy":"post_tag","embeddable":true,"href":"https:\/\/evertonfc.cz\/index.php\/wp-json\/wp\/v2\/tags?post=7301"},{"taxonomy":"news-category","embeddable":true,"href":"https:\/\/evertonfc.cz\/index.php\/wp-json\/wp\/v2\/news-category?post=7301"}],"curies":[{"name":"wp","href":"https:\/\/api.w.org\/{rel}","templated":true}]}}