{"id":7504,"date":"2019-04-16T19:49:23","date_gmt":"2019-04-16T17:49:23","guid":{"rendered":"https:\/\/evertonfc.cz\/?post_type=news&#038;p=7504"},"modified":"2019-04-17T07:10:21","modified_gmt":"2019-04-17T05:10:21","slug":"titul-doma","status":"publish","type":"news","link":"https:\/\/evertonfc.cz\/index.php\/news\/titul-doma\/","title":{"rendered":"Titul doma"},"content":{"rendered":"<p style=\"background: white;\"><span lang=\"SK\">Hr\u00e1\u010di Evertonu do 23 rokov si poradili v\u010dera s Brightonom v z\u00e1pase, ktor\u00fd rozhodol o ich korunov\u00e1cii. Tesn\u00fd v\u00fdsledok 1:0 reflektoval dramatick\u00fd priebeh stretnutia v Goodison Parku, kde jedin\u00fd g\u00f3l stretnutia vstrelil 20 ro\u010dn\u00fd Josh Bowler po individu\u00e1lnej akcii v 22. min\u00fate.<\/span><\/p>\n<p style=\"background: white;\"><span lang=\"SK\">V\u00a0tejto vekovej kateg\u00f3rii to je druh\u00fd titul v\u00a0priebehu troch rokov, \u010do sved\u010d\u00ed o\u00a0vynikaj\u00facej pr\u00e1ci, ktor\u00fa odv\u00e1dzaj\u00fa v\u00a0akad\u00e9mii na \u010dele s\u00a0Davidom Unsworthom:<\/span><\/p>\n<blockquote>\n<p style=\"background: white;\"><span lang=\"SK\">\u201eSom ve\u013emi hrd\u00fd na t\u00fdchto hr\u00e1\u010dov a m\u00f4j organiza\u010dn\u00fd t\u00edm tie\u017e, preto\u017ee pracovali tak tvrdo. Mali sme im utiec\u0165 a streli\u0165 mo\u017eno 3, 4 \u010di 5 g\u00f3lov. Ale vyhrali sme a to je hlavn\u00e9. Bol to skvel\u00fd v\u00fdkon. Pri stave 1:0 aj celkom nerv\u00f3zny a potom s\u00faper dostal aj pr\u00edle\u017eitos\u0165 s penaltou. Ale \u0161\u0165astie st\u00e1lo pri n\u00e1s. Mysl\u00edm, \u017ee sme si to aj zasl\u00fa\u017eili, lebo sme boli fantastick\u00ed cel\u00fa sez\u00f3nu.\u201c<\/span><\/p>\n<p style=\"text-align: right;\">David Unsworth<\/p>\n<\/blockquote>\n<p style=\"background: white;\"><span lang=\"SK\">Toffees si trofej poistili jeden z\u00e1pas dopredu, a\u00a0to pred pribli\u017ene p\u00e4\u0165 tis\u00edcov\u00fdm publikom. Pondelok 29. apr\u00edla ich \u010dak\u00e1 posledn\u00fd duel sez\u00f3ny na ihrisku West Hamu United. Ak\u00a0niekto z\u00e1pas zme\u0161kal a\u00a0nechce si ho necha\u0165 ujs\u0165, ofici\u00e1lny kan\u00e1l klubu na YouTube pon\u00faka <a href=\"https:\/\/www.youtube.com\/watch?v=QkLO8R-x3fs\" target=\"_blank\" rel=\"noopener noreferrer\">cel\u00fd z\u00e1znam<\/a>. Oslavy titulu v\u00a0\u0161atni si m\u00f4\u017eete <a href=\"https:\/\/twitter.com\/Everton\/status\/1117894595201912833?ref_src=twsrc%5Etfw%7Ctwcamp%5Etweetembed%7Ctwterm%5E1117894595201912833&amp;ref_url=http%3A%2F%2Fwww.evertonfc.com%2Fnews%2F2019%2F04%2F15%2Funder-23s-reaction\" target=\"_blank\" rel=\"noopener noreferrer\">pozrie\u0165 tu<\/a>.<\/span><\/p>\n<hr \/>\n<p><img loading=\"lazy\" decoding=\"async\" class=\"size-full wp-image-7505 aligncenter\" src=\"https:\/\/evertonfc.cz\/wp-content\/uploads\/2019\/04\/PL2champions2-16-4-2019.jpg\" alt=\"\" width=\"640\" height=\"360\" srcset=\"https:\/\/evertonfc.cz\/wp-content\/uploads\/2019\/04\/PL2champions2-16-4-2019.jpg 640w, https:\/\/evertonfc.cz\/wp-content\/uploads\/2019\/04\/PL2champions2-16-4-2019-300x169.jpg 300w\" sizes=\"(max-width: 640px) 100vw, 640px\" \/><\/p>\n","protected":false},"excerpt":{"rendered":"<p>Hr\u00e1\u010di Evertonu do 23 rokov si poradili v\u010dera s Brightonom v z\u00e1pase, ktor\u00fd rozhodol o ich korunov\u00e1cii. Tesn\u00fd v\u00fdsledok 1:0&hellip;<\/p>\n","protected":false},"author":1,"featured_media":0,"comment_status":"open","ping_status":"closed","template":"","tags":[],"news-category":[18],"yoast_head":"<!-- This site is optimized with the Yoast SEO plugin v23.4 - https:\/\/yoast.com\/wordpress\/plugins\/seo\/ -->\n<title>Titul doma - Official Czech &amp; Slovak Everton Supporters&#039; Club<\/title>\n<meta name=\"robots\" content=\"index, follow, max-snippet:-1, max-image-preview:large, max-video-preview:-1\" \/>\n<link rel=\"canonical\" href=\"https:\/\/evertonfc.cz\/index.php\/news\/titul-doma\/\" \/>\n<meta property=\"og:locale\" content=\"cs_CZ\" \/>\n<meta property=\"og:type\" content=\"article\" \/>\n<meta property=\"og:title\" content=\"Titul doma - Official Czech &amp; Slovak Everton Supporters&#039; Club\" \/>\n<meta property=\"og:description\" content=\"Hr\u00e1\u010di Evertonu do 23 rokov si poradili v\u010dera s Brightonom v z\u00e1pase, ktor\u00fd rozhodol o ich korunov\u00e1cii. Tesn\u00fd v\u00fdsledok 1:0&hellip;\" \/>\n<meta property=\"og:url\" content=\"https:\/\/evertonfc.cz\/index.php\/news\/titul-doma\/\" \/>\n<meta property=\"og:site_name\" content=\"Official Czech &amp; Slovak Everton Supporters&#039; Club\" \/>\n<meta property=\"article:publisher\" content=\"https:\/\/www.facebook.com\/everton.fans.cz.sk\" \/>\n<meta property=\"article:modified_time\" content=\"2019-04-17T05:10:21+00:00\" \/>\n<meta property=\"og:image\" content=\"https:\/\/evertonfc.cz\/wp-content\/uploads\/2019\/04\/PL2champions2-16-4-2019.jpg\" \/>\n<meta name=\"twitter:card\" content=\"summary_large_image\" \/>\n<meta name=\"twitter:label1\" content=\"Odhadovan\u00e1 doba \u010dten\u00ed\" \/>\n\t<meta name=\"twitter:data1\" content=\"1 minuta\" \/>\n<script type=\"application\/ld+json\" class=\"yoast-schema-graph\">{\"@context\":\"https:\/\/schema.org\",\"@graph\":[{\"@type\":\"WebPage\",\"@id\":\"https:\/\/evertonfc.cz\/index.php\/news\/titul-doma\/\",\"url\":\"https:\/\/evertonfc.cz\/index.php\/news\/titul-doma\/\",\"name\":\"Titul doma - Official Czech &amp; Slovak Everton Supporters&#039; Club\",\"isPartOf\":{\"@id\":\"https:\/\/evertonfc.cz\/#website\"},\"primaryImageOfPage\":{\"@id\":\"https:\/\/evertonfc.cz\/index.php\/news\/titul-doma\/#primaryimage\"},\"image\":{\"@id\":\"https:\/\/evertonfc.cz\/index.php\/news\/titul-doma\/#primaryimage\"},\"thumbnailUrl\":\"https:\/\/evertonfc.cz\/wp-content\/uploads\/2019\/04\/PL2champions2-16-4-2019.jpg\",\"datePublished\":\"2019-04-16T17:49:23+00:00\",\"dateModified\":\"2019-04-17T05:10:21+00:00\",\"breadcrumb\":{\"@id\":\"https:\/\/evertonfc.cz\/index.php\/news\/titul-doma\/#breadcrumb\"},\"inLanguage\":\"cs\",\"potentialAction\":[{\"@type\":\"ReadAction\",\"target\":[\"https:\/\/evertonfc.cz\/index.php\/news\/titul-doma\/\"]}]},{\"@type\":\"ImageObject\",\"inLanguage\":\"cs\",\"@id\":\"https:\/\/evertonfc.cz\/index.php\/news\/titul-doma\/#primaryimage\",\"url\":\"https:\/\/evertonfc.cz\/wp-content\/uploads\/2019\/04\/PL2champions2-16-4-2019.jpg\",\"contentUrl\":\"https:\/\/evertonfc.cz\/wp-content\/uploads\/2019\/04\/PL2champions2-16-4-2019.jpg\",\"width\":640,\"height\":360},{\"@type\":\"BreadcrumbList\",\"@id\":\"https:\/\/evertonfc.cz\/index.php\/news\/titul-doma\/#breadcrumb\",\"itemListElement\":[{\"@type\":\"ListItem\",\"position\":1,\"name\":\"Home\",\"item\":\"https:\/\/evertonfc.cz\/\"},{\"@type\":\"ListItem\",\"position\":2,\"name\":\"News\",\"item\":\"https:\/\/evertonfc.cz\/index.php\/news\/\"},{\"@type\":\"ListItem\",\"position\":3,\"name\":\"Titul doma\"}]},{\"@type\":\"WebSite\",\"@id\":\"https:\/\/evertonfc.cz\/#website\",\"url\":\"https:\/\/evertonfc.cz\/\",\"name\":\"Official Czech &amp; Slovak Everton Supporters&#039; Club\",\"description\":\"\",\"publisher\":{\"@id\":\"https:\/\/evertonfc.cz\/#organization\"},\"potentialAction\":[{\"@type\":\"SearchAction\",\"target\":{\"@type\":\"EntryPoint\",\"urlTemplate\":\"https:\/\/evertonfc.cz\/?s={search_term_string}\"},\"query-input\":{\"@type\":\"PropertyValueSpecification\",\"valueRequired\":true,\"valueName\":\"search_term_string\"}}],\"inLanguage\":\"cs\"},{\"@type\":\"Organization\",\"@id\":\"https:\/\/evertonfc.cz\/#organization\",\"name\":\"Official Czech & Slovak Everton Supporters' Club\",\"url\":\"https:\/\/evertonfc.cz\/\",\"logo\":{\"@type\":\"ImageObject\",\"inLanguage\":\"cs\",\"@id\":\"https:\/\/evertonfc.cz\/#\/schema\/logo\/image\/\",\"url\":\"https:\/\/evertonfc.cz\/wp-content\/uploads\/2019\/05\/logo.png\",\"contentUrl\":\"https:\/\/evertonfc.cz\/wp-content\/uploads\/2019\/05\/logo.png\",\"width\":112,\"height\":112,\"caption\":\"Official Czech & Slovak Everton Supporters' Club\"},\"image\":{\"@id\":\"https:\/\/evertonfc.cz\/#\/schema\/logo\/image\/\"},\"sameAs\":[\"https:\/\/www.facebook.com\/everton.fans.cz.sk\"]}]}<\/script>\n<!-- \/ Yoast SEO plugin. -->","yoast_head_json":{"title":"Titul doma - Official Czech &amp; Slovak Everton Supporters&#039; Club","robots":{"index":"index","follow":"follow","max-snippet":"max-snippet:-1","max-image-preview":"max-image-preview:large","max-video-preview":"max-video-preview:-1"},"canonical":"https:\/\/evertonfc.cz\/index.php\/news\/titul-doma\/","og_locale":"cs_CZ","og_type":"article","og_title":"Titul doma - Official Czech &amp; Slovak Everton Supporters&#039; Club","og_description":"Hr\u00e1\u010di Evertonu do 23 rokov si poradili v\u010dera s Brightonom v z\u00e1pase, ktor\u00fd rozhodol o ich korunov\u00e1cii. Tesn\u00fd v\u00fdsledok 1:0&hellip;","og_url":"https:\/\/evertonfc.cz\/index.php\/news\/titul-doma\/","og_site_name":"Official Czech &amp; Slovak Everton Supporters&#039; Club","article_publisher":"https:\/\/www.facebook.com\/everton.fans.cz.sk","article_modified_time":"2019-04-17T05:10:21+00:00","og_image":[{"url":"https:\/\/evertonfc.cz\/wp-content\/uploads\/2019\/04\/PL2champions2-16-4-2019.jpg"}],"twitter_card":"summary_large_image","twitter_misc":{"Odhadovan\u00e1 doba \u010dten\u00ed":"1 minuta"},"schema":{"@context":"https:\/\/schema.org","@graph":[{"@type":"WebPage","@id":"https:\/\/evertonfc.cz\/index.php\/news\/titul-doma\/","url":"https:\/\/evertonfc.cz\/index.php\/news\/titul-doma\/","name":"Titul doma - Official Czech &amp; Slovak Everton Supporters&#039; Club","isPartOf":{"@id":"https:\/\/evertonfc.cz\/#website"},"primaryImageOfPage":{"@id":"https:\/\/evertonfc.cz\/index.php\/news\/titul-doma\/#primaryimage"},"image":{"@id":"https:\/\/evertonfc.cz\/index.php\/news\/titul-doma\/#primaryimage"},"thumbnailUrl":"https:\/\/evertonfc.cz\/wp-content\/uploads\/2019\/04\/PL2champions2-16-4-2019.jpg","datePublished":"2019-04-16T17:49:23+00:00","dateModified":"2019-04-17T05:10:21+00:00","breadcrumb":{"@id":"https:\/\/evertonfc.cz\/index.php\/news\/titul-doma\/#breadcrumb"},"inLanguage":"cs","potentialAction":[{"@type":"ReadAction","target":["https:\/\/evertonfc.cz\/index.php\/news\/titul-doma\/"]}]},{"@type":"ImageObject","inLanguage":"cs","@id":"https:\/\/evertonfc.cz\/index.php\/news\/titul-doma\/#primaryimage","url":"https:\/\/evertonfc.cz\/wp-content\/uploads\/2019\/04\/PL2champions2-16-4-2019.jpg","contentUrl":"https:\/\/evertonfc.cz\/wp-content\/uploads\/2019\/04\/PL2champions2-16-4-2019.jpg","width":640,"height":360},{"@type":"BreadcrumbList","@id":"https:\/\/evertonfc.cz\/index.php\/news\/titul-doma\/#breadcrumb","itemListElement":[{"@type":"ListItem","position":1,"name":"Home","item":"https:\/\/evertonfc.cz\/"},{"@type":"ListItem","position":2,"name":"News","item":"https:\/\/evertonfc.cz\/index.php\/news\/"},{"@type":"ListItem","position":3,"name":"Titul doma"}]},{"@type":"WebSite","@id":"https:\/\/evertonfc.cz\/#website","url":"https:\/\/evertonfc.cz\/","name":"Official Czech &amp; Slovak Everton Supporters&#039; Club","description":"","publisher":{"@id":"https:\/\/evertonfc.cz\/#organization"},"potentialAction":[{"@type":"SearchAction","target":{"@type":"EntryPoint","urlTemplate":"https:\/\/evertonfc.cz\/?s={search_term_string}"},"query-input":{"@type":"PropertyValueSpecification","valueRequired":true,"valueName":"search_term_string"}}],"inLanguage":"cs"},{"@type":"Organization","@id":"https:\/\/evertonfc.cz\/#organization","name":"Official Czech & Slovak Everton Supporters' Club","url":"https:\/\/evertonfc.cz\/","logo":{"@type":"ImageObject","inLanguage":"cs","@id":"https:\/\/evertonfc.cz\/#\/schema\/logo\/image\/","url":"https:\/\/evertonfc.cz\/wp-content\/uploads\/2019\/05\/logo.png","contentUrl":"https:\/\/evertonfc.cz\/wp-content\/uploads\/2019\/05\/logo.png","width":112,"height":112,"caption":"Official Czech & Slovak Everton Supporters' Club"},"image":{"@id":"https:\/\/evertonfc.cz\/#\/schema\/logo\/image\/"},"sameAs":["https:\/\/www.facebook.com\/everton.fans.cz.sk"]}]}},"_links":{"self":[{"href":"https:\/\/evertonfc.cz\/index.php\/wp-json\/wp\/v2\/news\/7504"}],"collection":[{"href":"https:\/\/evertonfc.cz\/index.php\/wp-json\/wp\/v2\/news"}],"about":[{"href":"https:\/\/evertonfc.cz\/index.php\/wp-json\/wp\/v2\/types\/news"}],"author":[{"embeddable":true,"href":"https:\/\/evertonfc.cz\/index.php\/wp-json\/wp\/v2\/users\/1"}],"replies":[{"embeddable":true,"href":"https:\/\/evertonfc.cz\/index.php\/wp-json\/wp\/v2\/comments?post=7504"}],"version-history":[{"count":0,"href":"https:\/\/evertonfc.cz\/index.php\/wp-json\/wp\/v2\/news\/7504\/revisions"}],"wp:attachment":[{"href":"https:\/\/evertonfc.cz\/index.php\/wp-json\/wp\/v2\/media?parent=7504"}],"wp:term":[{"taxonomy":"post_tag","embeddable":true,"href":"https:\/\/evertonfc.cz\/index.php\/wp-json\/wp\/v2\/tags?post=7504"},{"taxonomy":"news-category","embeddable":true,"href":"https:\/\/evertonfc.cz\/index.php\/wp-json\/wp\/v2\/news-category?post=7504"}],"curies":[{"name":"wp","href":"https:\/\/api.w.org\/{rel}","templated":true}]}}