{"id":7651,"date":"2019-04-30T11:43:25","date_gmt":"2019-04-30T09:43:25","guid":{"rendered":"https:\/\/evertonfc.cz\/?post_type=news&#038;p=7651"},"modified":"2019-04-30T11:44:21","modified_gmt":"2019-04-30T09:44:21","slug":"u23-prehrala-v-londyne","status":"publish","type":"news","link":"https:\/\/evertonfc.cz\/index.php\/news\/u23-prehrala-v-londyne\/","title":{"rendered":"U23 prehrala v Lond\u00fdne"},"content":{"rendered":"<p style=\"background: white;\"><span lang=\"SK\">Posledn\u00fd z\u00e1pas ligovej sez\u00f3ny tak priniesol nepr\u00edjemn\u00fa bodku za majstrovsk\u00fdm \u0165a\u017een\u00edm. David Unsworth v\u0161ak d\u00fafa, \u017ee sa jeho dru\u017eina r\u00fdchlo vzchop\u00ed, aby u\u017e v\u00a0sobotu mohla poda\u0165 lep\u0161\u00ed v\u00fdkon proti Swansea. S\u00a0walesk\u00fdm t\u00edmom sa toti\u017e stretne v\u00a0semifin\u00e1le Premier League Cup.<\/span><\/p>\n<p style=\"background: white;\"><span lang=\"SK\">Dom\u00e1ci i\u0161li do vedenia v\u00a025. min\u00fate, kedy sa o\u00a0to pri\u010dinil aj Nathan Holland, b\u00fdval\u00fd hr\u00e1\u010d akad\u00e9mie Evertonu, potom, \u010do skvel\u00fdm centrom z\u013eava asistoval na g\u00f3l Dianganovi. V\u00a0nasleduj\u00facich min\u00fatach Everton takmer odpovedal priamym kopom Hornbyho, ale brank\u00e1r jeho pokus vyrazil.<\/span><\/p>\n<p style=\"background: white;\"><span lang=\"SK\">Celkovo sa z\u00e1pas niesol v\u00a0znamen\u00ed nepresved\u010div\u00e9ho v\u00fdkonu s\u00a0ve\u013ek\u00fdm po\u010dtom ch\u00fdb na na\u0161ej strane. Hewelt bol v\u0161ak v br\u00e1ne ve\u013eakr\u00e1t n\u00e1pomocn\u00fd a\u00a0zabr\u00e1nil vy\u0161\u0161iemu sk\u00f3re. Druh\u00e9mu g\u00f3lu po pol\u010dase bohu\u017eia\u013e aj tak nezabr\u00e1nil, ke\u010f cez neho pre\u0161la strela Bena Johnsona spoza \u0161estn\u00e1stky.<\/span><\/p>\n<p style=\"background: white;\"><span lang=\"SK\">Po hodine hry sa ale hostia kone\u010dne pozbierali a\u00a0odpovedali jedin\u00fdm g\u00f3lom dev\u00e4\u0165 min\u00fat pred koncom. Gibson nadvihol center z\u00a0rohov\u00e9ho kopu a\u017e k\u00a0Hornbymu a\u00a0ten brank\u00e1rovi nedal \u0161ancu. Unswort nemastn\u00fd v\u00fdkon pod\u013ea vlastn\u00fdch slov o\u010dak\u00e1val a\u00a0preferuje rad\u0161ej zl\u00fd v\u00fdsledok teraz ako v\u00a0sobotu:<\/span><\/p>\n<blockquote>\n<p style=\"background: white;\"><em><span lang=\"SK\">\u201ePovedal som to hr\u00e1\u010dom po z\u00e1pase. Neradi prehr\u00e1vame, ale ak m\u00e1me ma\u0165 v\u00fdpadok, rad\u0161ej dnes ve\u010der ako v\u00a0sobotu. V\u017edy som sklaman\u00fd, ke\u010f prehr\u00e1me z\u00e1pas, ale t\u00edto chlapci hrali t\u00fato sez\u00f3nu tak dobre, \u017ee to r\u00fdchlo hodia za chrb\u00e1t a\u00a0bud\u00fa sa s\u00fastredi\u0165 u\u017e len d\u00f4le\u017eit\u00fd duel cez v\u00edkend. Ak m\u00e1m by\u0165 \u00faprimn\u00fd, o\u010dak\u00e1val som to a\u00a0hovorili sme o\u00a0tom pred stretnut\u00edm. O\u00a0ni\u010d dnes ne\u0161lo a\u00a0chalani pravdepodobne mysleli len na semifin\u00e1le.\u201c<\/span><\/em><\/p>\n<\/blockquote>\n","protected":false},"excerpt":{"rendered":"<p>Posledn\u00fd z\u00e1pas ligovej sez\u00f3ny tak priniesol nepr\u00edjemn\u00fa bodku za majstrovsk\u00fdm \u0165a\u017een\u00edm. David Unsworth v\u0161ak d\u00fafa, \u017ee sa jeho dru\u017eina r\u00fdchlo&hellip;<\/p>\n","protected":false},"author":1,"featured_media":0,"comment_status":"open","ping_status":"closed","template":"","tags":[],"news-category":[18],"yoast_head":"<!-- This site is optimized with the Yoast SEO plugin v23.4 - https:\/\/yoast.com\/wordpress\/plugins\/seo\/ -->\n<title>U23 prehrala v Lond\u00fdne - Official Czech &amp; Slovak Everton Supporters&#039; Club<\/title>\n<meta name=\"robots\" content=\"index, follow, max-snippet:-1, max-image-preview:large, max-video-preview:-1\" \/>\n<link rel=\"canonical\" href=\"https:\/\/evertonfc.cz\/index.php\/news\/u23-prehrala-v-londyne\/\" \/>\n<meta property=\"og:locale\" content=\"cs_CZ\" \/>\n<meta property=\"og:type\" content=\"article\" \/>\n<meta property=\"og:title\" content=\"U23 prehrala v Lond\u00fdne - Official Czech &amp; Slovak Everton Supporters&#039; Club\" \/>\n<meta property=\"og:description\" content=\"Posledn\u00fd z\u00e1pas ligovej sez\u00f3ny tak priniesol nepr\u00edjemn\u00fa bodku za majstrovsk\u00fdm \u0165a\u017een\u00edm. David Unsworth v\u0161ak d\u00fafa, \u017ee sa jeho dru\u017eina r\u00fdchlo&hellip;\" \/>\n<meta property=\"og:url\" content=\"https:\/\/evertonfc.cz\/index.php\/news\/u23-prehrala-v-londyne\/\" \/>\n<meta property=\"og:site_name\" content=\"Official Czech &amp; Slovak Everton Supporters&#039; Club\" \/>\n<meta property=\"article:publisher\" content=\"https:\/\/www.facebook.com\/everton.fans.cz.sk\" \/>\n<meta property=\"article:modified_time\" content=\"2019-04-30T09:44:21+00:00\" \/>\n<meta name=\"twitter:card\" content=\"summary_large_image\" \/>\n<meta name=\"twitter:label1\" content=\"Odhadovan\u00e1 doba \u010dten\u00ed\" \/>\n\t<meta name=\"twitter:data1\" content=\"2 minuty\" \/>\n<script type=\"application\/ld+json\" class=\"yoast-schema-graph\">{\"@context\":\"https:\/\/schema.org\",\"@graph\":[{\"@type\":\"WebPage\",\"@id\":\"https:\/\/evertonfc.cz\/index.php\/news\/u23-prehrala-v-londyne\/\",\"url\":\"https:\/\/evertonfc.cz\/index.php\/news\/u23-prehrala-v-londyne\/\",\"name\":\"U23 prehrala v Lond\u00fdne - Official Czech &amp; Slovak Everton Supporters&#039; Club\",\"isPartOf\":{\"@id\":\"https:\/\/evertonfc.cz\/#website\"},\"datePublished\":\"2019-04-30T09:43:25+00:00\",\"dateModified\":\"2019-04-30T09:44:21+00:00\",\"breadcrumb\":{\"@id\":\"https:\/\/evertonfc.cz\/index.php\/news\/u23-prehrala-v-londyne\/#breadcrumb\"},\"inLanguage\":\"cs\",\"potentialAction\":[{\"@type\":\"ReadAction\",\"target\":[\"https:\/\/evertonfc.cz\/index.php\/news\/u23-prehrala-v-londyne\/\"]}]},{\"@type\":\"BreadcrumbList\",\"@id\":\"https:\/\/evertonfc.cz\/index.php\/news\/u23-prehrala-v-londyne\/#breadcrumb\",\"itemListElement\":[{\"@type\":\"ListItem\",\"position\":1,\"name\":\"Home\",\"item\":\"https:\/\/evertonfc.cz\/\"},{\"@type\":\"ListItem\",\"position\":2,\"name\":\"News\",\"item\":\"https:\/\/evertonfc.cz\/index.php\/news\/\"},{\"@type\":\"ListItem\",\"position\":3,\"name\":\"U23 prehrala v Lond\u00fdne\"}]},{\"@type\":\"WebSite\",\"@id\":\"https:\/\/evertonfc.cz\/#website\",\"url\":\"https:\/\/evertonfc.cz\/\",\"name\":\"Official Czech &amp; Slovak Everton Supporters&#039; Club\",\"description\":\"\",\"publisher\":{\"@id\":\"https:\/\/evertonfc.cz\/#organization\"},\"potentialAction\":[{\"@type\":\"SearchAction\",\"target\":{\"@type\":\"EntryPoint\",\"urlTemplate\":\"https:\/\/evertonfc.cz\/?s={search_term_string}\"},\"query-input\":{\"@type\":\"PropertyValueSpecification\",\"valueRequired\":true,\"valueName\":\"search_term_string\"}}],\"inLanguage\":\"cs\"},{\"@type\":\"Organization\",\"@id\":\"https:\/\/evertonfc.cz\/#organization\",\"name\":\"Official Czech & Slovak Everton Supporters' Club\",\"url\":\"https:\/\/evertonfc.cz\/\",\"logo\":{\"@type\":\"ImageObject\",\"inLanguage\":\"cs\",\"@id\":\"https:\/\/evertonfc.cz\/#\/schema\/logo\/image\/\",\"url\":\"https:\/\/evertonfc.cz\/wp-content\/uploads\/2019\/05\/logo.png\",\"contentUrl\":\"https:\/\/evertonfc.cz\/wp-content\/uploads\/2019\/05\/logo.png\",\"width\":112,\"height\":112,\"caption\":\"Official Czech & Slovak Everton Supporters' Club\"},\"image\":{\"@id\":\"https:\/\/evertonfc.cz\/#\/schema\/logo\/image\/\"},\"sameAs\":[\"https:\/\/www.facebook.com\/everton.fans.cz.sk\"]}]}<\/script>\n<!-- \/ Yoast SEO plugin. -->","yoast_head_json":{"title":"U23 prehrala v Lond\u00fdne - Official Czech &amp; Slovak Everton Supporters&#039; Club","robots":{"index":"index","follow":"follow","max-snippet":"max-snippet:-1","max-image-preview":"max-image-preview:large","max-video-preview":"max-video-preview:-1"},"canonical":"https:\/\/evertonfc.cz\/index.php\/news\/u23-prehrala-v-londyne\/","og_locale":"cs_CZ","og_type":"article","og_title":"U23 prehrala v Lond\u00fdne - Official Czech &amp; Slovak Everton Supporters&#039; Club","og_description":"Posledn\u00fd z\u00e1pas ligovej sez\u00f3ny tak priniesol nepr\u00edjemn\u00fa bodku za majstrovsk\u00fdm \u0165a\u017een\u00edm. David Unsworth v\u0161ak d\u00fafa, \u017ee sa jeho dru\u017eina r\u00fdchlo&hellip;","og_url":"https:\/\/evertonfc.cz\/index.php\/news\/u23-prehrala-v-londyne\/","og_site_name":"Official Czech &amp; Slovak Everton Supporters&#039; Club","article_publisher":"https:\/\/www.facebook.com\/everton.fans.cz.sk","article_modified_time":"2019-04-30T09:44:21+00:00","twitter_card":"summary_large_image","twitter_misc":{"Odhadovan\u00e1 doba \u010dten\u00ed":"2 minuty"},"schema":{"@context":"https:\/\/schema.org","@graph":[{"@type":"WebPage","@id":"https:\/\/evertonfc.cz\/index.php\/news\/u23-prehrala-v-londyne\/","url":"https:\/\/evertonfc.cz\/index.php\/news\/u23-prehrala-v-londyne\/","name":"U23 prehrala v Lond\u00fdne - Official Czech &amp; Slovak Everton Supporters&#039; Club","isPartOf":{"@id":"https:\/\/evertonfc.cz\/#website"},"datePublished":"2019-04-30T09:43:25+00:00","dateModified":"2019-04-30T09:44:21+00:00","breadcrumb":{"@id":"https:\/\/evertonfc.cz\/index.php\/news\/u23-prehrala-v-londyne\/#breadcrumb"},"inLanguage":"cs","potentialAction":[{"@type":"ReadAction","target":["https:\/\/evertonfc.cz\/index.php\/news\/u23-prehrala-v-londyne\/"]}]},{"@type":"BreadcrumbList","@id":"https:\/\/evertonfc.cz\/index.php\/news\/u23-prehrala-v-londyne\/#breadcrumb","itemListElement":[{"@type":"ListItem","position":1,"name":"Home","item":"https:\/\/evertonfc.cz\/"},{"@type":"ListItem","position":2,"name":"News","item":"https:\/\/evertonfc.cz\/index.php\/news\/"},{"@type":"ListItem","position":3,"name":"U23 prehrala v Lond\u00fdne"}]},{"@type":"WebSite","@id":"https:\/\/evertonfc.cz\/#website","url":"https:\/\/evertonfc.cz\/","name":"Official Czech &amp; Slovak Everton Supporters&#039; Club","description":"","publisher":{"@id":"https:\/\/evertonfc.cz\/#organization"},"potentialAction":[{"@type":"SearchAction","target":{"@type":"EntryPoint","urlTemplate":"https:\/\/evertonfc.cz\/?s={search_term_string}"},"query-input":{"@type":"PropertyValueSpecification","valueRequired":true,"valueName":"search_term_string"}}],"inLanguage":"cs"},{"@type":"Organization","@id":"https:\/\/evertonfc.cz\/#organization","name":"Official Czech & Slovak Everton Supporters' Club","url":"https:\/\/evertonfc.cz\/","logo":{"@type":"ImageObject","inLanguage":"cs","@id":"https:\/\/evertonfc.cz\/#\/schema\/logo\/image\/","url":"https:\/\/evertonfc.cz\/wp-content\/uploads\/2019\/05\/logo.png","contentUrl":"https:\/\/evertonfc.cz\/wp-content\/uploads\/2019\/05\/logo.png","width":112,"height":112,"caption":"Official Czech & Slovak Everton Supporters' Club"},"image":{"@id":"https:\/\/evertonfc.cz\/#\/schema\/logo\/image\/"},"sameAs":["https:\/\/www.facebook.com\/everton.fans.cz.sk"]}]}},"_links":{"self":[{"href":"https:\/\/evertonfc.cz\/index.php\/wp-json\/wp\/v2\/news\/7651"}],"collection":[{"href":"https:\/\/evertonfc.cz\/index.php\/wp-json\/wp\/v2\/news"}],"about":[{"href":"https:\/\/evertonfc.cz\/index.php\/wp-json\/wp\/v2\/types\/news"}],"author":[{"embeddable":true,"href":"https:\/\/evertonfc.cz\/index.php\/wp-json\/wp\/v2\/users\/1"}],"replies":[{"embeddable":true,"href":"https:\/\/evertonfc.cz\/index.php\/wp-json\/wp\/v2\/comments?post=7651"}],"version-history":[{"count":0,"href":"https:\/\/evertonfc.cz\/index.php\/wp-json\/wp\/v2\/news\/7651\/revisions"}],"wp:attachment":[{"href":"https:\/\/evertonfc.cz\/index.php\/wp-json\/wp\/v2\/media?parent=7651"}],"wp:term":[{"taxonomy":"post_tag","embeddable":true,"href":"https:\/\/evertonfc.cz\/index.php\/wp-json\/wp\/v2\/tags?post=7651"},{"taxonomy":"news-category","embeddable":true,"href":"https:\/\/evertonfc.cz\/index.php\/wp-json\/wp\/v2\/news-category?post=7651"}],"curies":[{"name":"wp","href":"https:\/\/api.w.org\/{rel}","templated":true}]}}