{"id":7707,"date":"2019-05-04T22:56:24","date_gmt":"2019-05-04T20:56:24","guid":{"rendered":"https:\/\/evertonfc.cz\/?post_type=news&#038;p=7707"},"modified":"2019-05-04T22:57:13","modified_gmt":"2019-05-04T20:57:13","slug":"bez-evropskych-poharu","status":"publish","type":"news","link":"https:\/\/evertonfc.cz\/index.php\/news\/bez-evropskych-poharu\/","title":{"rendered":"Bez evropsk\u00fdch poh\u00e1r\u016f"},"content":{"rendered":"<p>Po v\u00fdh\u0159e Wolverhamptonu Wanderers nad Fulhamem v pom\u011bru 1:0 je definitivn\u00ed, \u017ee Everton ztratil \u0161anci na kvalifikaci do Evropsk\u00e9 ligy pro p\u0159\u00ed\u0161t\u00ed sez\u00f3nu.<\/p>\n<p>Wolves, nov\u00e1\u010dek leto\u0161n\u00edho ro\u010dn\u00edku, si v\u00fdhrou v p\u0159edposledn\u00edm kole zajistili jistotu sedm\u00e9ho m\u00edsta, kter\u00e9 mu v p\u0159\u00edpad\u011b triumfu Manchesteru City nad Watfordem ve fin\u00e1le FA Cupu zaru\u010duje kvalifikaci do p\u0159edkola Evropsk\u00e9 ligy.<\/p>\n<p>Toffees tak v aktu\u00e1ln\u00ed sez\u00f3n\u011b skon\u010d\u00ed nejl\u00e9pe na osm\u00e9m m\u00edst\u011b, \u010d\u00edm\u017e by vyrovnali sv\u00e9 lo\u0148sk\u00e9 um\u00edst\u011bn\u00ed.<\/p>\n","protected":false},"excerpt":{"rendered":"<p>Po v\u00fdh\u0159e Wolverhamptonu Wanderers nad Fulhamem v pom\u011bru 1:0 je definitivn\u00ed, \u017ee Everton ztratil \u0161anci na kvalifikaci do Evropsk\u00e9 ligy&hellip;<\/p>\n","protected":false},"author":6,"featured_media":0,"comment_status":"open","ping_status":"closed","template":"","tags":[],"news-category":[18],"yoast_head":"<!-- This site is optimized with the Yoast SEO plugin v23.4 - https:\/\/yoast.com\/wordpress\/plugins\/seo\/ -->\n<title>Bez evropsk\u00fdch poh\u00e1r\u016f - Official Czech &amp; Slovak Everton Supporters&#039; Club<\/title>\n<meta name=\"robots\" content=\"index, follow, max-snippet:-1, max-image-preview:large, max-video-preview:-1\" \/>\n<link rel=\"canonical\" href=\"https:\/\/evertonfc.cz\/index.php\/news\/bez-evropskych-poharu\/\" \/>\n<meta property=\"og:locale\" content=\"cs_CZ\" \/>\n<meta property=\"og:type\" content=\"article\" \/>\n<meta property=\"og:title\" content=\"Bez evropsk\u00fdch poh\u00e1r\u016f - Official Czech &amp; Slovak Everton Supporters&#039; Club\" \/>\n<meta property=\"og:description\" content=\"Po v\u00fdh\u0159e Wolverhamptonu Wanderers nad Fulhamem v pom\u011bru 1:0 je definitivn\u00ed, \u017ee Everton ztratil \u0161anci na kvalifikaci do Evropsk\u00e9 ligy&hellip;\" \/>\n<meta property=\"og:url\" content=\"https:\/\/evertonfc.cz\/index.php\/news\/bez-evropskych-poharu\/\" \/>\n<meta property=\"og:site_name\" content=\"Official Czech &amp; Slovak Everton Supporters&#039; Club\" \/>\n<meta property=\"article:publisher\" content=\"https:\/\/www.facebook.com\/everton.fans.cz.sk\" \/>\n<meta property=\"article:modified_time\" content=\"2019-05-04T20:57:13+00:00\" \/>\n<meta name=\"twitter:card\" content=\"summary_large_image\" \/>\n<script type=\"application\/ld+json\" class=\"yoast-schema-graph\">{\"@context\":\"https:\/\/schema.org\",\"@graph\":[{\"@type\":\"WebPage\",\"@id\":\"https:\/\/evertonfc.cz\/index.php\/news\/bez-evropskych-poharu\/\",\"url\":\"https:\/\/evertonfc.cz\/index.php\/news\/bez-evropskych-poharu\/\",\"name\":\"Bez evropsk\u00fdch poh\u00e1r\u016f - Official Czech &amp; Slovak Everton Supporters&#039; Club\",\"isPartOf\":{\"@id\":\"https:\/\/evertonfc.cz\/#website\"},\"datePublished\":\"2019-05-04T20:56:24+00:00\",\"dateModified\":\"2019-05-04T20:57:13+00:00\",\"breadcrumb\":{\"@id\":\"https:\/\/evertonfc.cz\/index.php\/news\/bez-evropskych-poharu\/#breadcrumb\"},\"inLanguage\":\"cs\",\"potentialAction\":[{\"@type\":\"ReadAction\",\"target\":[\"https:\/\/evertonfc.cz\/index.php\/news\/bez-evropskych-poharu\/\"]}]},{\"@type\":\"BreadcrumbList\",\"@id\":\"https:\/\/evertonfc.cz\/index.php\/news\/bez-evropskych-poharu\/#breadcrumb\",\"itemListElement\":[{\"@type\":\"ListItem\",\"position\":1,\"name\":\"Home\",\"item\":\"https:\/\/evertonfc.cz\/\"},{\"@type\":\"ListItem\",\"position\":2,\"name\":\"News\",\"item\":\"https:\/\/evertonfc.cz\/index.php\/news\/\"},{\"@type\":\"ListItem\",\"position\":3,\"name\":\"Bez evropsk\u00fdch poh\u00e1r\u016f\"}]},{\"@type\":\"WebSite\",\"@id\":\"https:\/\/evertonfc.cz\/#website\",\"url\":\"https:\/\/evertonfc.cz\/\",\"name\":\"Official Czech &amp; Slovak Everton Supporters&#039; Club\",\"description\":\"\",\"publisher\":{\"@id\":\"https:\/\/evertonfc.cz\/#organization\"},\"potentialAction\":[{\"@type\":\"SearchAction\",\"target\":{\"@type\":\"EntryPoint\",\"urlTemplate\":\"https:\/\/evertonfc.cz\/?s={search_term_string}\"},\"query-input\":{\"@type\":\"PropertyValueSpecification\",\"valueRequired\":true,\"valueName\":\"search_term_string\"}}],\"inLanguage\":\"cs\"},{\"@type\":\"Organization\",\"@id\":\"https:\/\/evertonfc.cz\/#organization\",\"name\":\"Official Czech & Slovak Everton Supporters' Club\",\"url\":\"https:\/\/evertonfc.cz\/\",\"logo\":{\"@type\":\"ImageObject\",\"inLanguage\":\"cs\",\"@id\":\"https:\/\/evertonfc.cz\/#\/schema\/logo\/image\/\",\"url\":\"https:\/\/evertonfc.cz\/wp-content\/uploads\/2019\/05\/logo.png\",\"contentUrl\":\"https:\/\/evertonfc.cz\/wp-content\/uploads\/2019\/05\/logo.png\",\"width\":112,\"height\":112,\"caption\":\"Official Czech & Slovak Everton Supporters' Club\"},\"image\":{\"@id\":\"https:\/\/evertonfc.cz\/#\/schema\/logo\/image\/\"},\"sameAs\":[\"https:\/\/www.facebook.com\/everton.fans.cz.sk\"]}]}<\/script>\n<!-- \/ Yoast SEO plugin. -->","yoast_head_json":{"title":"Bez evropsk\u00fdch poh\u00e1r\u016f - Official Czech &amp; Slovak Everton Supporters&#039; Club","robots":{"index":"index","follow":"follow","max-snippet":"max-snippet:-1","max-image-preview":"max-image-preview:large","max-video-preview":"max-video-preview:-1"},"canonical":"https:\/\/evertonfc.cz\/index.php\/news\/bez-evropskych-poharu\/","og_locale":"cs_CZ","og_type":"article","og_title":"Bez evropsk\u00fdch poh\u00e1r\u016f - Official Czech &amp; Slovak Everton Supporters&#039; Club","og_description":"Po v\u00fdh\u0159e Wolverhamptonu Wanderers nad Fulhamem v pom\u011bru 1:0 je definitivn\u00ed, \u017ee Everton ztratil \u0161anci na kvalifikaci do Evropsk\u00e9 ligy&hellip;","og_url":"https:\/\/evertonfc.cz\/index.php\/news\/bez-evropskych-poharu\/","og_site_name":"Official Czech &amp; Slovak Everton Supporters&#039; Club","article_publisher":"https:\/\/www.facebook.com\/everton.fans.cz.sk","article_modified_time":"2019-05-04T20:57:13+00:00","twitter_card":"summary_large_image","schema":{"@context":"https:\/\/schema.org","@graph":[{"@type":"WebPage","@id":"https:\/\/evertonfc.cz\/index.php\/news\/bez-evropskych-poharu\/","url":"https:\/\/evertonfc.cz\/index.php\/news\/bez-evropskych-poharu\/","name":"Bez evropsk\u00fdch poh\u00e1r\u016f - Official Czech &amp; Slovak Everton Supporters&#039; Club","isPartOf":{"@id":"https:\/\/evertonfc.cz\/#website"},"datePublished":"2019-05-04T20:56:24+00:00","dateModified":"2019-05-04T20:57:13+00:00","breadcrumb":{"@id":"https:\/\/evertonfc.cz\/index.php\/news\/bez-evropskych-poharu\/#breadcrumb"},"inLanguage":"cs","potentialAction":[{"@type":"ReadAction","target":["https:\/\/evertonfc.cz\/index.php\/news\/bez-evropskych-poharu\/"]}]},{"@type":"BreadcrumbList","@id":"https:\/\/evertonfc.cz\/index.php\/news\/bez-evropskych-poharu\/#breadcrumb","itemListElement":[{"@type":"ListItem","position":1,"name":"Home","item":"https:\/\/evertonfc.cz\/"},{"@type":"ListItem","position":2,"name":"News","item":"https:\/\/evertonfc.cz\/index.php\/news\/"},{"@type":"ListItem","position":3,"name":"Bez evropsk\u00fdch poh\u00e1r\u016f"}]},{"@type":"WebSite","@id":"https:\/\/evertonfc.cz\/#website","url":"https:\/\/evertonfc.cz\/","name":"Official Czech &amp; Slovak Everton Supporters&#039; Club","description":"","publisher":{"@id":"https:\/\/evertonfc.cz\/#organization"},"potentialAction":[{"@type":"SearchAction","target":{"@type":"EntryPoint","urlTemplate":"https:\/\/evertonfc.cz\/?s={search_term_string}"},"query-input":{"@type":"PropertyValueSpecification","valueRequired":true,"valueName":"search_term_string"}}],"inLanguage":"cs"},{"@type":"Organization","@id":"https:\/\/evertonfc.cz\/#organization","name":"Official Czech & Slovak Everton Supporters' Club","url":"https:\/\/evertonfc.cz\/","logo":{"@type":"ImageObject","inLanguage":"cs","@id":"https:\/\/evertonfc.cz\/#\/schema\/logo\/image\/","url":"https:\/\/evertonfc.cz\/wp-content\/uploads\/2019\/05\/logo.png","contentUrl":"https:\/\/evertonfc.cz\/wp-content\/uploads\/2019\/05\/logo.png","width":112,"height":112,"caption":"Official Czech & Slovak Everton Supporters' Club"},"image":{"@id":"https:\/\/evertonfc.cz\/#\/schema\/logo\/image\/"},"sameAs":["https:\/\/www.facebook.com\/everton.fans.cz.sk"]}]}},"_links":{"self":[{"href":"https:\/\/evertonfc.cz\/index.php\/wp-json\/wp\/v2\/news\/7707"}],"collection":[{"href":"https:\/\/evertonfc.cz\/index.php\/wp-json\/wp\/v2\/news"}],"about":[{"href":"https:\/\/evertonfc.cz\/index.php\/wp-json\/wp\/v2\/types\/news"}],"author":[{"embeddable":true,"href":"https:\/\/evertonfc.cz\/index.php\/wp-json\/wp\/v2\/users\/6"}],"replies":[{"embeddable":true,"href":"https:\/\/evertonfc.cz\/index.php\/wp-json\/wp\/v2\/comments?post=7707"}],"version-history":[{"count":0,"href":"https:\/\/evertonfc.cz\/index.php\/wp-json\/wp\/v2\/news\/7707\/revisions"}],"wp:attachment":[{"href":"https:\/\/evertonfc.cz\/index.php\/wp-json\/wp\/v2\/media?parent=7707"}],"wp:term":[{"taxonomy":"post_tag","embeddable":true,"href":"https:\/\/evertonfc.cz\/index.php\/wp-json\/wp\/v2\/tags?post=7707"},{"taxonomy":"news-category","embeddable":true,"href":"https:\/\/evertonfc.cz\/index.php\/wp-json\/wp\/v2\/news-category?post=7707"}],"curies":[{"name":"wp","href":"https:\/\/api.w.org\/{rel}","templated":true}]}}