{"id":7748,"date":"2019-05-09T07:09:24","date_gmt":"2019-05-09T05:09:24","guid":{"rendered":"https:\/\/evertonfc.cz\/?post_type=news&#038;p=7748"},"modified":"2019-05-09T13:31:09","modified_gmt":"2019-05-09T11:31:09","slug":"u23-ovladla-i-pohar","status":"publish","type":"news","link":"https:\/\/evertonfc.cz\/index.php\/news\/u23-ovladla-i-pohar\/","title":{"rendered":"U23 ovl\u00e1dla i poh\u00e1r"},"content":{"rendered":"<p>V\u00fdb\u011br Evertonu do 23 let jen n\u011bkolik t\u00fddn\u016f po triumfu v lize ovl\u00e1dl rovn\u011b\u017e poh\u00e1r a slav\u00ed zisk sez\u00f3nn\u00edho double.<\/p>\n<p>Fin\u00e1le Premier League Cupu, kter\u00e9 se hr\u00e1lo na Goodison Parku, rozhodl hlavi\u010dkou v 59. minut\u011b po Evansov\u011b centru kapit\u00e1n a stoper Morgan Feeney. Nejlep\u0161\u00ed v\u00fdkon utk\u00e1n\u00ed potom p\u0159edvedl k\u0159\u00eddeln\u00edk Josh Bowler.<\/p>\n<p>Duel p\u0159\u00edmo z tribun sledovali mana\u017eer Marco Silva, sportovn\u00ed \u0159editel Marcel Brands, v\u00fdkonn\u00e1 \u0159editelka Denise Barrett-Baxendale, p\u0159edseda Bill Kenwright a tak\u00e9 majitel Farhad Moshiri.<\/p>\n<p><em>\u201eS ub\u00edhaj\u00edc\u00edm ro\u010dn\u00edkem se tento t\u00fdm zlep\u0161oval a zlep\u0161oval. Hr\u00e1\u010di si zaslou\u017e\u00ed ve\u0161ker\u00e9 uznan\u00ed za v\u00fdvoj, v\u00fdkony, vyhran\u00e9 z\u00e1pasy a ochotu naslouchat. Je mi ct\u00ed tr\u00e9novat tento t\u00fdm,\u201c<\/em> nechal se sly\u0161et mana\u017eer David Unsworth.<\/p>\n<p>Sestava: Virginia &#8211; Astley, Feeney, Gibsonm Galloway &#8211; Bowler, Markelo, Adeniran, Evans (75. Foulds) &#8211; Sambou (70. Broadhead), Hornby.<\/p>\n","protected":false},"excerpt":{"rendered":"<p>V\u00fdb\u011br Evertonu do 23 let jen n\u011bkolik t\u00fddn\u016f po triumfu v lize ovl\u00e1dl rovn\u011b\u017e poh\u00e1r a slav\u00ed zisk sez\u00f3nn\u00edho double.&hellip;<\/p>\n","protected":false},"author":6,"featured_media":0,"comment_status":"open","ping_status":"closed","template":"","tags":[],"news-category":[18],"yoast_head":"<!-- This site is optimized with the Yoast SEO plugin v23.4 - https:\/\/yoast.com\/wordpress\/plugins\/seo\/ -->\n<title>U23 ovl\u00e1dla i poh\u00e1r - Official Czech &amp; Slovak Everton Supporters&#039; Club<\/title>\n<meta name=\"robots\" content=\"index, follow, max-snippet:-1, max-image-preview:large, max-video-preview:-1\" \/>\n<link rel=\"canonical\" href=\"https:\/\/evertonfc.cz\/index.php\/news\/u23-ovladla-i-pohar\/\" \/>\n<meta property=\"og:locale\" content=\"cs_CZ\" \/>\n<meta property=\"og:type\" content=\"article\" \/>\n<meta property=\"og:title\" content=\"U23 ovl\u00e1dla i poh\u00e1r - Official Czech &amp; Slovak Everton Supporters&#039; Club\" \/>\n<meta property=\"og:description\" content=\"V\u00fdb\u011br Evertonu do 23 let jen n\u011bkolik t\u00fddn\u016f po triumfu v lize ovl\u00e1dl rovn\u011b\u017e poh\u00e1r a slav\u00ed zisk sez\u00f3nn\u00edho double.&hellip;\" \/>\n<meta property=\"og:url\" content=\"https:\/\/evertonfc.cz\/index.php\/news\/u23-ovladla-i-pohar\/\" \/>\n<meta property=\"og:site_name\" content=\"Official Czech &amp; Slovak Everton Supporters&#039; Club\" \/>\n<meta property=\"article:publisher\" content=\"https:\/\/www.facebook.com\/everton.fans.cz.sk\" \/>\n<meta property=\"article:modified_time\" content=\"2019-05-09T11:31:09+00:00\" \/>\n<meta name=\"twitter:card\" content=\"summary_large_image\" \/>\n<meta name=\"twitter:label1\" content=\"Odhadovan\u00e1 doba \u010dten\u00ed\" \/>\n\t<meta name=\"twitter:data1\" content=\"1 minuta\" \/>\n<script type=\"application\/ld+json\" class=\"yoast-schema-graph\">{\"@context\":\"https:\/\/schema.org\",\"@graph\":[{\"@type\":\"WebPage\",\"@id\":\"https:\/\/evertonfc.cz\/index.php\/news\/u23-ovladla-i-pohar\/\",\"url\":\"https:\/\/evertonfc.cz\/index.php\/news\/u23-ovladla-i-pohar\/\",\"name\":\"U23 ovl\u00e1dla i poh\u00e1r - Official Czech &amp; Slovak Everton Supporters&#039; Club\",\"isPartOf\":{\"@id\":\"https:\/\/evertonfc.cz\/#website\"},\"datePublished\":\"2019-05-09T05:09:24+00:00\",\"dateModified\":\"2019-05-09T11:31:09+00:00\",\"breadcrumb\":{\"@id\":\"https:\/\/evertonfc.cz\/index.php\/news\/u23-ovladla-i-pohar\/#breadcrumb\"},\"inLanguage\":\"cs\",\"potentialAction\":[{\"@type\":\"ReadAction\",\"target\":[\"https:\/\/evertonfc.cz\/index.php\/news\/u23-ovladla-i-pohar\/\"]}]},{\"@type\":\"BreadcrumbList\",\"@id\":\"https:\/\/evertonfc.cz\/index.php\/news\/u23-ovladla-i-pohar\/#breadcrumb\",\"itemListElement\":[{\"@type\":\"ListItem\",\"position\":1,\"name\":\"Home\",\"item\":\"https:\/\/evertonfc.cz\/\"},{\"@type\":\"ListItem\",\"position\":2,\"name\":\"News\",\"item\":\"https:\/\/evertonfc.cz\/index.php\/news\/\"},{\"@type\":\"ListItem\",\"position\":3,\"name\":\"U23 ovl\u00e1dla i poh\u00e1r\"}]},{\"@type\":\"WebSite\",\"@id\":\"https:\/\/evertonfc.cz\/#website\",\"url\":\"https:\/\/evertonfc.cz\/\",\"name\":\"Official Czech &amp; Slovak Everton Supporters&#039; Club\",\"description\":\"\",\"publisher\":{\"@id\":\"https:\/\/evertonfc.cz\/#organization\"},\"potentialAction\":[{\"@type\":\"SearchAction\",\"target\":{\"@type\":\"EntryPoint\",\"urlTemplate\":\"https:\/\/evertonfc.cz\/?s={search_term_string}\"},\"query-input\":{\"@type\":\"PropertyValueSpecification\",\"valueRequired\":true,\"valueName\":\"search_term_string\"}}],\"inLanguage\":\"cs\"},{\"@type\":\"Organization\",\"@id\":\"https:\/\/evertonfc.cz\/#organization\",\"name\":\"Official Czech & Slovak Everton Supporters' Club\",\"url\":\"https:\/\/evertonfc.cz\/\",\"logo\":{\"@type\":\"ImageObject\",\"inLanguage\":\"cs\",\"@id\":\"https:\/\/evertonfc.cz\/#\/schema\/logo\/image\/\",\"url\":\"https:\/\/evertonfc.cz\/wp-content\/uploads\/2019\/05\/logo.png\",\"contentUrl\":\"https:\/\/evertonfc.cz\/wp-content\/uploads\/2019\/05\/logo.png\",\"width\":112,\"height\":112,\"caption\":\"Official Czech & Slovak Everton Supporters' Club\"},\"image\":{\"@id\":\"https:\/\/evertonfc.cz\/#\/schema\/logo\/image\/\"},\"sameAs\":[\"https:\/\/www.facebook.com\/everton.fans.cz.sk\"]}]}<\/script>\n<!-- \/ Yoast SEO plugin. -->","yoast_head_json":{"title":"U23 ovl\u00e1dla i poh\u00e1r - Official Czech &amp; Slovak Everton Supporters&#039; Club","robots":{"index":"index","follow":"follow","max-snippet":"max-snippet:-1","max-image-preview":"max-image-preview:large","max-video-preview":"max-video-preview:-1"},"canonical":"https:\/\/evertonfc.cz\/index.php\/news\/u23-ovladla-i-pohar\/","og_locale":"cs_CZ","og_type":"article","og_title":"U23 ovl\u00e1dla i poh\u00e1r - Official Czech &amp; Slovak Everton Supporters&#039; Club","og_description":"V\u00fdb\u011br Evertonu do 23 let jen n\u011bkolik t\u00fddn\u016f po triumfu v lize ovl\u00e1dl rovn\u011b\u017e poh\u00e1r a slav\u00ed zisk sez\u00f3nn\u00edho double.&hellip;","og_url":"https:\/\/evertonfc.cz\/index.php\/news\/u23-ovladla-i-pohar\/","og_site_name":"Official Czech &amp; Slovak Everton Supporters&#039; Club","article_publisher":"https:\/\/www.facebook.com\/everton.fans.cz.sk","article_modified_time":"2019-05-09T11:31:09+00:00","twitter_card":"summary_large_image","twitter_misc":{"Odhadovan\u00e1 doba \u010dten\u00ed":"1 minuta"},"schema":{"@context":"https:\/\/schema.org","@graph":[{"@type":"WebPage","@id":"https:\/\/evertonfc.cz\/index.php\/news\/u23-ovladla-i-pohar\/","url":"https:\/\/evertonfc.cz\/index.php\/news\/u23-ovladla-i-pohar\/","name":"U23 ovl\u00e1dla i poh\u00e1r - Official Czech &amp; Slovak Everton Supporters&#039; Club","isPartOf":{"@id":"https:\/\/evertonfc.cz\/#website"},"datePublished":"2019-05-09T05:09:24+00:00","dateModified":"2019-05-09T11:31:09+00:00","breadcrumb":{"@id":"https:\/\/evertonfc.cz\/index.php\/news\/u23-ovladla-i-pohar\/#breadcrumb"},"inLanguage":"cs","potentialAction":[{"@type":"ReadAction","target":["https:\/\/evertonfc.cz\/index.php\/news\/u23-ovladla-i-pohar\/"]}]},{"@type":"BreadcrumbList","@id":"https:\/\/evertonfc.cz\/index.php\/news\/u23-ovladla-i-pohar\/#breadcrumb","itemListElement":[{"@type":"ListItem","position":1,"name":"Home","item":"https:\/\/evertonfc.cz\/"},{"@type":"ListItem","position":2,"name":"News","item":"https:\/\/evertonfc.cz\/index.php\/news\/"},{"@type":"ListItem","position":3,"name":"U23 ovl\u00e1dla i poh\u00e1r"}]},{"@type":"WebSite","@id":"https:\/\/evertonfc.cz\/#website","url":"https:\/\/evertonfc.cz\/","name":"Official Czech &amp; Slovak Everton Supporters&#039; Club","description":"","publisher":{"@id":"https:\/\/evertonfc.cz\/#organization"},"potentialAction":[{"@type":"SearchAction","target":{"@type":"EntryPoint","urlTemplate":"https:\/\/evertonfc.cz\/?s={search_term_string}"},"query-input":{"@type":"PropertyValueSpecification","valueRequired":true,"valueName":"search_term_string"}}],"inLanguage":"cs"},{"@type":"Organization","@id":"https:\/\/evertonfc.cz\/#organization","name":"Official Czech & Slovak Everton Supporters' Club","url":"https:\/\/evertonfc.cz\/","logo":{"@type":"ImageObject","inLanguage":"cs","@id":"https:\/\/evertonfc.cz\/#\/schema\/logo\/image\/","url":"https:\/\/evertonfc.cz\/wp-content\/uploads\/2019\/05\/logo.png","contentUrl":"https:\/\/evertonfc.cz\/wp-content\/uploads\/2019\/05\/logo.png","width":112,"height":112,"caption":"Official Czech & Slovak Everton Supporters' Club"},"image":{"@id":"https:\/\/evertonfc.cz\/#\/schema\/logo\/image\/"},"sameAs":["https:\/\/www.facebook.com\/everton.fans.cz.sk"]}]}},"_links":{"self":[{"href":"https:\/\/evertonfc.cz\/index.php\/wp-json\/wp\/v2\/news\/7748"}],"collection":[{"href":"https:\/\/evertonfc.cz\/index.php\/wp-json\/wp\/v2\/news"}],"about":[{"href":"https:\/\/evertonfc.cz\/index.php\/wp-json\/wp\/v2\/types\/news"}],"author":[{"embeddable":true,"href":"https:\/\/evertonfc.cz\/index.php\/wp-json\/wp\/v2\/users\/6"}],"replies":[{"embeddable":true,"href":"https:\/\/evertonfc.cz\/index.php\/wp-json\/wp\/v2\/comments?post=7748"}],"version-history":[{"count":0,"href":"https:\/\/evertonfc.cz\/index.php\/wp-json\/wp\/v2\/news\/7748\/revisions"}],"wp:attachment":[{"href":"https:\/\/evertonfc.cz\/index.php\/wp-json\/wp\/v2\/media?parent=7748"}],"wp:term":[{"taxonomy":"post_tag","embeddable":true,"href":"https:\/\/evertonfc.cz\/index.php\/wp-json\/wp\/v2\/tags?post=7748"},{"taxonomy":"news-category","embeddable":true,"href":"https:\/\/evertonfc.cz\/index.php\/wp-json\/wp\/v2\/news-category?post=7748"}],"curies":[{"name":"wp","href":"https:\/\/api.w.org\/{rel}","templated":true}]}}