{"id":7790,"date":"2019-05-14T15:30:48","date_gmt":"2019-05-14T13:30:48","guid":{"rendered":"https:\/\/evertonfc.cz\/?post_type=news&#038;p=7790"},"modified":"2019-05-14T15:35:49","modified_gmt":"2019-05-14T13:35:49","slug":"the-dixies-nazivo","status":"publish","type":"news","link":"https:\/\/evertonfc.cz\/index.php\/news\/the-dixies-nazivo\/","title":{"rendered":"The Dixies na\u017eivo"},"content":{"rendered":"<p style=\"background: white;\"><span lang=\"SK\">Ka\u017edoro\u010dn\u00e9 ude\u013eovanie cien po konci sez\u00f3ny nie je v\u00fdnimkou ani tentokr\u00e1t. Klub sa navy\u0161e rozhodol pre \u017eiv\u00e9 vysielanie s hodinov\u00fdm programom. Ten sa za\u010dne dnes, 14. m\u00e1ja, o \u0161iestej hodine stredoeur\u00f3pskeho \u010dasu a moderova\u0165 ho bud\u00fa Mark Chapman a Leon Osman.<\/span><\/p>\n<p style=\"background: white;\"><span lang=\"SK\">Ceny sa ujd\u00fa hr\u00e1\u010dom a fan\u00fa\u0161ikom v kateg\u00f3ri\u00e1ch ako Hr\u00e1\u010d Sez\u00f3ny, Hr\u00e1\u010d Sez\u00f3ny zvolen\u00fd spoluhr\u00e1\u010dmi, Mlad\u00fd Hr\u00e1\u010d Sez\u00f3ny, Hr\u00e1\u010d Sez\u00f3ny U23, G\u00f3l Sez\u00f3ny, Fan\u00fa\u0161ik sez\u00f3ny, cena Howarda Kendalla a cena predsedu klubu \u2013 Blooblood. Nakoniec nesmie ch\u00fdba\u0165 ani uvedenie nov\u00e9ho Everton Giant do klubovej siene sl\u00e1vy.<\/span><\/p>\n<p style=\"background: white;\"><span lang=\"SK\">Ak si nechcete necha\u0165 ujs\u0165 toto podujatie na\u017eivo a\u00a0ste \u010dlenom \u201eWe Are Everton\u201c, iste v\u00e1m u\u017e pri\u0161la do mailovej schr\u00e1nky pozv\u00e1nka aj s\u00a0odkazom na streamovanie. Ak nie, nez\u00fafajte. Klub zverejn\u00ed z\u00e1znam z\u00a0The Dixies aj na svojom ofici\u00e1lnom <a href=\"https:\/\/www.youtube.com\/everton\" target=\"_blank\" rel=\"noopener noreferrer\">kan\u00e1ly Youtube<\/a>, ale a\u017e od deviatej hodiny ve\u010der.<\/span><\/p>\n","protected":false},"excerpt":{"rendered":"<p>Ka\u017edoro\u010dn\u00e9 ude\u013eovanie cien po konci sez\u00f3ny nie je v\u00fdnimkou ani tentokr\u00e1t. Klub sa navy\u0161e rozhodol pre \u017eiv\u00e9 vysielanie s hodinov\u00fdm&hellip;<\/p>\n","protected":false},"author":1,"featured_media":0,"comment_status":"open","ping_status":"closed","template":"","tags":[],"news-category":[18],"yoast_head":"<!-- This site is optimized with the Yoast SEO plugin v23.4 - https:\/\/yoast.com\/wordpress\/plugins\/seo\/ -->\n<title>The Dixies na\u017eivo - Official Czech &amp; Slovak Everton Supporters&#039; Club<\/title>\n<meta name=\"robots\" content=\"index, follow, max-snippet:-1, max-image-preview:large, max-video-preview:-1\" \/>\n<link rel=\"canonical\" href=\"https:\/\/evertonfc.cz\/index.php\/news\/the-dixies-nazivo\/\" \/>\n<meta property=\"og:locale\" content=\"cs_CZ\" \/>\n<meta property=\"og:type\" content=\"article\" \/>\n<meta property=\"og:title\" content=\"The Dixies na\u017eivo - Official Czech &amp; Slovak Everton Supporters&#039; Club\" \/>\n<meta property=\"og:description\" content=\"Ka\u017edoro\u010dn\u00e9 ude\u013eovanie cien po konci sez\u00f3ny nie je v\u00fdnimkou ani tentokr\u00e1t. Klub sa navy\u0161e rozhodol pre \u017eiv\u00e9 vysielanie s hodinov\u00fdm&hellip;\" \/>\n<meta property=\"og:url\" content=\"https:\/\/evertonfc.cz\/index.php\/news\/the-dixies-nazivo\/\" \/>\n<meta property=\"og:site_name\" content=\"Official Czech &amp; Slovak Everton Supporters&#039; Club\" \/>\n<meta property=\"article:publisher\" content=\"https:\/\/www.facebook.com\/everton.fans.cz.sk\" \/>\n<meta property=\"article:modified_time\" content=\"2019-05-14T13:35:49+00:00\" \/>\n<meta name=\"twitter:card\" content=\"summary_large_image\" \/>\n<meta name=\"twitter:label1\" content=\"Odhadovan\u00e1 doba \u010dten\u00ed\" \/>\n\t<meta name=\"twitter:data1\" content=\"1 minuta\" \/>\n<script type=\"application\/ld+json\" class=\"yoast-schema-graph\">{\"@context\":\"https:\/\/schema.org\",\"@graph\":[{\"@type\":\"WebPage\",\"@id\":\"https:\/\/evertonfc.cz\/index.php\/news\/the-dixies-nazivo\/\",\"url\":\"https:\/\/evertonfc.cz\/index.php\/news\/the-dixies-nazivo\/\",\"name\":\"The Dixies na\u017eivo - Official Czech &amp; Slovak Everton Supporters&#039; Club\",\"isPartOf\":{\"@id\":\"https:\/\/evertonfc.cz\/#website\"},\"datePublished\":\"2019-05-14T13:30:48+00:00\",\"dateModified\":\"2019-05-14T13:35:49+00:00\",\"breadcrumb\":{\"@id\":\"https:\/\/evertonfc.cz\/index.php\/news\/the-dixies-nazivo\/#breadcrumb\"},\"inLanguage\":\"cs\",\"potentialAction\":[{\"@type\":\"ReadAction\",\"target\":[\"https:\/\/evertonfc.cz\/index.php\/news\/the-dixies-nazivo\/\"]}]},{\"@type\":\"BreadcrumbList\",\"@id\":\"https:\/\/evertonfc.cz\/index.php\/news\/the-dixies-nazivo\/#breadcrumb\",\"itemListElement\":[{\"@type\":\"ListItem\",\"position\":1,\"name\":\"Home\",\"item\":\"https:\/\/evertonfc.cz\/\"},{\"@type\":\"ListItem\",\"position\":2,\"name\":\"News\",\"item\":\"https:\/\/evertonfc.cz\/index.php\/news\/\"},{\"@type\":\"ListItem\",\"position\":3,\"name\":\"The Dixies na\u017eivo\"}]},{\"@type\":\"WebSite\",\"@id\":\"https:\/\/evertonfc.cz\/#website\",\"url\":\"https:\/\/evertonfc.cz\/\",\"name\":\"Official Czech &amp; Slovak Everton Supporters&#039; Club\",\"description\":\"\",\"publisher\":{\"@id\":\"https:\/\/evertonfc.cz\/#organization\"},\"potentialAction\":[{\"@type\":\"SearchAction\",\"target\":{\"@type\":\"EntryPoint\",\"urlTemplate\":\"https:\/\/evertonfc.cz\/?s={search_term_string}\"},\"query-input\":{\"@type\":\"PropertyValueSpecification\",\"valueRequired\":true,\"valueName\":\"search_term_string\"}}],\"inLanguage\":\"cs\"},{\"@type\":\"Organization\",\"@id\":\"https:\/\/evertonfc.cz\/#organization\",\"name\":\"Official Czech & Slovak Everton Supporters' Club\",\"url\":\"https:\/\/evertonfc.cz\/\",\"logo\":{\"@type\":\"ImageObject\",\"inLanguage\":\"cs\",\"@id\":\"https:\/\/evertonfc.cz\/#\/schema\/logo\/image\/\",\"url\":\"https:\/\/evertonfc.cz\/wp-content\/uploads\/2019\/05\/logo.png\",\"contentUrl\":\"https:\/\/evertonfc.cz\/wp-content\/uploads\/2019\/05\/logo.png\",\"width\":112,\"height\":112,\"caption\":\"Official Czech & Slovak Everton Supporters' Club\"},\"image\":{\"@id\":\"https:\/\/evertonfc.cz\/#\/schema\/logo\/image\/\"},\"sameAs\":[\"https:\/\/www.facebook.com\/everton.fans.cz.sk\"]}]}<\/script>\n<!-- \/ Yoast SEO plugin. -->","yoast_head_json":{"title":"The Dixies na\u017eivo - Official Czech &amp; Slovak Everton Supporters&#039; Club","robots":{"index":"index","follow":"follow","max-snippet":"max-snippet:-1","max-image-preview":"max-image-preview:large","max-video-preview":"max-video-preview:-1"},"canonical":"https:\/\/evertonfc.cz\/index.php\/news\/the-dixies-nazivo\/","og_locale":"cs_CZ","og_type":"article","og_title":"The Dixies na\u017eivo - Official Czech &amp; Slovak Everton Supporters&#039; Club","og_description":"Ka\u017edoro\u010dn\u00e9 ude\u013eovanie cien po konci sez\u00f3ny nie je v\u00fdnimkou ani tentokr\u00e1t. Klub sa navy\u0161e rozhodol pre \u017eiv\u00e9 vysielanie s hodinov\u00fdm&hellip;","og_url":"https:\/\/evertonfc.cz\/index.php\/news\/the-dixies-nazivo\/","og_site_name":"Official Czech &amp; Slovak Everton Supporters&#039; Club","article_publisher":"https:\/\/www.facebook.com\/everton.fans.cz.sk","article_modified_time":"2019-05-14T13:35:49+00:00","twitter_card":"summary_large_image","twitter_misc":{"Odhadovan\u00e1 doba \u010dten\u00ed":"1 minuta"},"schema":{"@context":"https:\/\/schema.org","@graph":[{"@type":"WebPage","@id":"https:\/\/evertonfc.cz\/index.php\/news\/the-dixies-nazivo\/","url":"https:\/\/evertonfc.cz\/index.php\/news\/the-dixies-nazivo\/","name":"The Dixies na\u017eivo - Official Czech &amp; Slovak Everton Supporters&#039; Club","isPartOf":{"@id":"https:\/\/evertonfc.cz\/#website"},"datePublished":"2019-05-14T13:30:48+00:00","dateModified":"2019-05-14T13:35:49+00:00","breadcrumb":{"@id":"https:\/\/evertonfc.cz\/index.php\/news\/the-dixies-nazivo\/#breadcrumb"},"inLanguage":"cs","potentialAction":[{"@type":"ReadAction","target":["https:\/\/evertonfc.cz\/index.php\/news\/the-dixies-nazivo\/"]}]},{"@type":"BreadcrumbList","@id":"https:\/\/evertonfc.cz\/index.php\/news\/the-dixies-nazivo\/#breadcrumb","itemListElement":[{"@type":"ListItem","position":1,"name":"Home","item":"https:\/\/evertonfc.cz\/"},{"@type":"ListItem","position":2,"name":"News","item":"https:\/\/evertonfc.cz\/index.php\/news\/"},{"@type":"ListItem","position":3,"name":"The Dixies na\u017eivo"}]},{"@type":"WebSite","@id":"https:\/\/evertonfc.cz\/#website","url":"https:\/\/evertonfc.cz\/","name":"Official Czech &amp; Slovak Everton Supporters&#039; Club","description":"","publisher":{"@id":"https:\/\/evertonfc.cz\/#organization"},"potentialAction":[{"@type":"SearchAction","target":{"@type":"EntryPoint","urlTemplate":"https:\/\/evertonfc.cz\/?s={search_term_string}"},"query-input":{"@type":"PropertyValueSpecification","valueRequired":true,"valueName":"search_term_string"}}],"inLanguage":"cs"},{"@type":"Organization","@id":"https:\/\/evertonfc.cz\/#organization","name":"Official Czech & Slovak Everton Supporters' Club","url":"https:\/\/evertonfc.cz\/","logo":{"@type":"ImageObject","inLanguage":"cs","@id":"https:\/\/evertonfc.cz\/#\/schema\/logo\/image\/","url":"https:\/\/evertonfc.cz\/wp-content\/uploads\/2019\/05\/logo.png","contentUrl":"https:\/\/evertonfc.cz\/wp-content\/uploads\/2019\/05\/logo.png","width":112,"height":112,"caption":"Official Czech & Slovak Everton Supporters' Club"},"image":{"@id":"https:\/\/evertonfc.cz\/#\/schema\/logo\/image\/"},"sameAs":["https:\/\/www.facebook.com\/everton.fans.cz.sk"]}]}},"_links":{"self":[{"href":"https:\/\/evertonfc.cz\/index.php\/wp-json\/wp\/v2\/news\/7790"}],"collection":[{"href":"https:\/\/evertonfc.cz\/index.php\/wp-json\/wp\/v2\/news"}],"about":[{"href":"https:\/\/evertonfc.cz\/index.php\/wp-json\/wp\/v2\/types\/news"}],"author":[{"embeddable":true,"href":"https:\/\/evertonfc.cz\/index.php\/wp-json\/wp\/v2\/users\/1"}],"replies":[{"embeddable":true,"href":"https:\/\/evertonfc.cz\/index.php\/wp-json\/wp\/v2\/comments?post=7790"}],"version-history":[{"count":0,"href":"https:\/\/evertonfc.cz\/index.php\/wp-json\/wp\/v2\/news\/7790\/revisions"}],"wp:attachment":[{"href":"https:\/\/evertonfc.cz\/index.php\/wp-json\/wp\/v2\/media?parent=7790"}],"wp:term":[{"taxonomy":"post_tag","embeddable":true,"href":"https:\/\/evertonfc.cz\/index.php\/wp-json\/wp\/v2\/tags?post=7790"},{"taxonomy":"news-category","embeddable":true,"href":"https:\/\/evertonfc.cz\/index.php\/wp-json\/wp\/v2\/news-category?post=7790"}],"curies":[{"name":"wp","href":"https:\/\/api.w.org\/{rel}","templated":true}]}}