{"id":7792,"date":"2019-05-15T10:16:03","date_gmt":"2019-05-15T08:16:03","guid":{"rendered":"https:\/\/evertonfc.cz\/?post_type=news&#038;p=7792"},"modified":"2019-05-15T10:16:03","modified_gmt":"2019-05-15T08:16:03","slug":"vysledky-the-dixies","status":"publish","type":"news","link":"https:\/\/evertonfc.cz\/index.php\/news\/vysledky-the-dixies\/","title":{"rendered":"V\u00fdsledky The Dixies"},"content":{"rendered":"<p>Ako sme v\u00e1s u\u017e informovali, v\u010dera ste mali mo\u017enos\u0165 prv\u00fdkr\u00e1t vzhliadnu\u0165 ude\u013eovanie koncoro\u010dn\u00fdch klubov\u00fdch ocenen\u00ed. A\u00a0nebolo to \u017eiv\u00e9 vysielanie, ako sme sa mylne domnievali, ale formou magaz\u00ednu Everton TV. Ten sa to\u010dil po\u010das uplynul\u00e9ho t\u00fd\u017ed\u0148a.<\/p>\n<p>Tak\u017ee a\u00a0teraz to podstatn\u00e9, zoznam v\u00fdhercov:<\/p>\n<ul>\n<li><strong>Hr\u00e1\u010d Sez\u00f3ny<\/strong> \u2013 <a href=\"https:\/\/evertonfc.cz\/index.php\/soupiska\/lucas-digne\/\" target=\"_blank\" rel=\"noopener noreferrer\">Lucas Digne<\/a><\/li>\n<li><strong>Hr\u00e1\u010d Sez\u00f3ny zvolen\u00fd spoluhr\u00e1\u010dmi<\/strong> &#8211; <a href=\"https:\/\/evertonfc.cz\/index.php\/soupiska\/lucas-digne\/\" target=\"_blank\" rel=\"noopener noreferrer\">Lucas Digne<\/a> &amp; <a href=\"https:\/\/evertonfc.cz\/index.php\/soupiska\/idrissa-gana-gueye\/\" target=\"_blank\" rel=\"noopener noreferrer\">Idrissa Gueye<\/a><\/li>\n<li><strong>Mlad\u00fd Hr\u00e1\u010d Sez\u00f3ny<\/strong> &#8211; <a href=\"https:\/\/evertonfc.cz\/index.php\/soupiska\/richarlison\/\" target=\"_blank\" rel=\"noopener noreferrer\">Richarlison<\/a><\/li>\n<li><strong>Hr\u00e1\u010d Sez\u00f3ny U23<\/strong> \u2013 <a href=\"http:\/\/www.evertonfc.com\/players\/n\/nb\/nathan-broadhead\" target=\"_blank\" rel=\"noopener noreferrer\">Nathan Broadhead<\/a><\/li>\n<li><strong>Hr\u00e1\u010dka Sez\u00f3ny Everton Ladies<\/strong> \u2013 <a href=\"http:\/\/www.evertonfc.com\/players\/s\/sm\/simone-magill\" target=\"_blank\" rel=\"noopener noreferrer\">Simone Magill<\/a><\/li>\n<li><strong>G\u00f3l Sez\u00f3ny<\/strong> \u2013 <a href=\"https:\/\/evertonfc.cz\/index.php\/soupiska\/gylfi-sigurdsson\/\" target=\"_blank\" rel=\"noopener noreferrer\">Gylfi Sigurdsson<\/a> (<a href=\"https:\/\/www.youtube.com\/watch?v=O9w_FAcWuqM\" target=\"_blank\" rel=\"noopener noreferrer\">Leicester City vs Everton, 6. okt\u00f3ber, 2018<\/a>)<\/li>\n<li><strong>Fan\u00fa\u0161ik sez\u00f3ny<\/strong> \u2013 Alfie (10), za <a href=\"http:\/\/www.evertonfc.com\/community\/news\/2019\/04\/08\/alfies-squad\" target=\"_blank\" rel=\"noopener noreferrer\">Alfie\u2019s Squad initiative<\/a><\/li>\n<li><strong>Everton Giant<\/strong> \u2013 <a href=\"http:\/\/www.evertonfc.com\/players\/d\/du\/david-unsworth\" target=\"_blank\" rel=\"noopener noreferrer\">David Unsworth<\/a><\/li>\n<li><strong>Cena Howarda Kendalla<\/strong> \u2013 <a href=\"https:\/\/evertonfc.cz\/index.php\/news\/u23-ovladla-i-pohar\/\" target=\"_blank\" rel=\"noopener noreferrer\">Everton U23<\/a><\/li>\n<li><strong>Cena Blooblood predsedu klubu<\/strong> \u2013 <a href=\"https:\/\/evertonfc.cz\/index.php\/soupiska\/michael-keane\/\" target=\"_blank\" rel=\"noopener noreferrer\">Micheal Keane<\/a><\/li>\n<li><strong>Cena The People\u00b4s Club<\/strong> \u2013 <a href=\"https:\/\/www.liverpoolecho.co.uk\/sport\/football\/football-news\/true-blue-henry-mooney-man-15475900\" target=\"_blank\" rel=\"noopener noreferrer\">Henry Mooney<\/a><\/li>\n<\/ul>\n","protected":false},"excerpt":{"rendered":"<p>Ako sme v\u00e1s u\u017e informovali, v\u010dera ste mali mo\u017enos\u0165 prv\u00fdkr\u00e1t vzhliadnu\u0165 ude\u013eovanie koncoro\u010dn\u00fdch klubov\u00fdch ocenen\u00ed. A\u00a0nebolo to \u017eiv\u00e9 vysielanie, ako&hellip;<\/p>\n","protected":false},"author":1,"featured_media":0,"comment_status":"open","ping_status":"closed","template":"","tags":[],"news-category":[18],"yoast_head":"<!-- This site is optimized with the Yoast SEO plugin v23.4 - https:\/\/yoast.com\/wordpress\/plugins\/seo\/ -->\n<title>V\u00fdsledky The Dixies - Official Czech &amp; Slovak Everton Supporters&#039; Club<\/title>\n<meta name=\"robots\" content=\"index, follow, max-snippet:-1, max-image-preview:large, max-video-preview:-1\" \/>\n<link rel=\"canonical\" href=\"https:\/\/evertonfc.cz\/index.php\/news\/vysledky-the-dixies\/\" \/>\n<meta property=\"og:locale\" content=\"cs_CZ\" \/>\n<meta property=\"og:type\" content=\"article\" \/>\n<meta property=\"og:title\" content=\"V\u00fdsledky The Dixies - Official Czech &amp; Slovak Everton Supporters&#039; Club\" \/>\n<meta property=\"og:description\" content=\"Ako sme v\u00e1s u\u017e informovali, v\u010dera ste mali mo\u017enos\u0165 prv\u00fdkr\u00e1t vzhliadnu\u0165 ude\u013eovanie koncoro\u010dn\u00fdch klubov\u00fdch ocenen\u00ed. A\u00a0nebolo to \u017eiv\u00e9 vysielanie, ako&hellip;\" \/>\n<meta property=\"og:url\" content=\"https:\/\/evertonfc.cz\/index.php\/news\/vysledky-the-dixies\/\" \/>\n<meta property=\"og:site_name\" content=\"Official Czech &amp; Slovak Everton Supporters&#039; Club\" \/>\n<meta property=\"article:publisher\" content=\"https:\/\/www.facebook.com\/everton.fans.cz.sk\" \/>\n<meta name=\"twitter:card\" content=\"summary_large_image\" \/>\n<meta name=\"twitter:label1\" content=\"Odhadovan\u00e1 doba \u010dten\u00ed\" \/>\n\t<meta name=\"twitter:data1\" content=\"1 minuta\" \/>\n<script type=\"application\/ld+json\" class=\"yoast-schema-graph\">{\"@context\":\"https:\/\/schema.org\",\"@graph\":[{\"@type\":\"WebPage\",\"@id\":\"https:\/\/evertonfc.cz\/index.php\/news\/vysledky-the-dixies\/\",\"url\":\"https:\/\/evertonfc.cz\/index.php\/news\/vysledky-the-dixies\/\",\"name\":\"V\u00fdsledky The Dixies - Official Czech &amp; Slovak Everton Supporters&#039; Club\",\"isPartOf\":{\"@id\":\"https:\/\/evertonfc.cz\/#website\"},\"datePublished\":\"2019-05-15T08:16:03+00:00\",\"dateModified\":\"2019-05-15T08:16:03+00:00\",\"breadcrumb\":{\"@id\":\"https:\/\/evertonfc.cz\/index.php\/news\/vysledky-the-dixies\/#breadcrumb\"},\"inLanguage\":\"cs\",\"potentialAction\":[{\"@type\":\"ReadAction\",\"target\":[\"https:\/\/evertonfc.cz\/index.php\/news\/vysledky-the-dixies\/\"]}]},{\"@type\":\"BreadcrumbList\",\"@id\":\"https:\/\/evertonfc.cz\/index.php\/news\/vysledky-the-dixies\/#breadcrumb\",\"itemListElement\":[{\"@type\":\"ListItem\",\"position\":1,\"name\":\"Home\",\"item\":\"https:\/\/evertonfc.cz\/\"},{\"@type\":\"ListItem\",\"position\":2,\"name\":\"News\",\"item\":\"https:\/\/evertonfc.cz\/index.php\/news\/\"},{\"@type\":\"ListItem\",\"position\":3,\"name\":\"V\u00fdsledky The Dixies\"}]},{\"@type\":\"WebSite\",\"@id\":\"https:\/\/evertonfc.cz\/#website\",\"url\":\"https:\/\/evertonfc.cz\/\",\"name\":\"Official Czech &amp; Slovak Everton Supporters&#039; Club\",\"description\":\"\",\"publisher\":{\"@id\":\"https:\/\/evertonfc.cz\/#organization\"},\"potentialAction\":[{\"@type\":\"SearchAction\",\"target\":{\"@type\":\"EntryPoint\",\"urlTemplate\":\"https:\/\/evertonfc.cz\/?s={search_term_string}\"},\"query-input\":{\"@type\":\"PropertyValueSpecification\",\"valueRequired\":true,\"valueName\":\"search_term_string\"}}],\"inLanguage\":\"cs\"},{\"@type\":\"Organization\",\"@id\":\"https:\/\/evertonfc.cz\/#organization\",\"name\":\"Official Czech & Slovak Everton Supporters' Club\",\"url\":\"https:\/\/evertonfc.cz\/\",\"logo\":{\"@type\":\"ImageObject\",\"inLanguage\":\"cs\",\"@id\":\"https:\/\/evertonfc.cz\/#\/schema\/logo\/image\/\",\"url\":\"https:\/\/evertonfc.cz\/wp-content\/uploads\/2019\/05\/logo.png\",\"contentUrl\":\"https:\/\/evertonfc.cz\/wp-content\/uploads\/2019\/05\/logo.png\",\"width\":112,\"height\":112,\"caption\":\"Official Czech & Slovak Everton Supporters' Club\"},\"image\":{\"@id\":\"https:\/\/evertonfc.cz\/#\/schema\/logo\/image\/\"},\"sameAs\":[\"https:\/\/www.facebook.com\/everton.fans.cz.sk\"]}]}<\/script>\n<!-- \/ Yoast SEO plugin. -->","yoast_head_json":{"title":"V\u00fdsledky The Dixies - Official Czech &amp; Slovak Everton Supporters&#039; Club","robots":{"index":"index","follow":"follow","max-snippet":"max-snippet:-1","max-image-preview":"max-image-preview:large","max-video-preview":"max-video-preview:-1"},"canonical":"https:\/\/evertonfc.cz\/index.php\/news\/vysledky-the-dixies\/","og_locale":"cs_CZ","og_type":"article","og_title":"V\u00fdsledky The Dixies - Official Czech &amp; Slovak Everton Supporters&#039; Club","og_description":"Ako sme v\u00e1s u\u017e informovali, v\u010dera ste mali mo\u017enos\u0165 prv\u00fdkr\u00e1t vzhliadnu\u0165 ude\u013eovanie koncoro\u010dn\u00fdch klubov\u00fdch ocenen\u00ed. A\u00a0nebolo to \u017eiv\u00e9 vysielanie, ako&hellip;","og_url":"https:\/\/evertonfc.cz\/index.php\/news\/vysledky-the-dixies\/","og_site_name":"Official Czech &amp; Slovak Everton Supporters&#039; Club","article_publisher":"https:\/\/www.facebook.com\/everton.fans.cz.sk","twitter_card":"summary_large_image","twitter_misc":{"Odhadovan\u00e1 doba \u010dten\u00ed":"1 minuta"},"schema":{"@context":"https:\/\/schema.org","@graph":[{"@type":"WebPage","@id":"https:\/\/evertonfc.cz\/index.php\/news\/vysledky-the-dixies\/","url":"https:\/\/evertonfc.cz\/index.php\/news\/vysledky-the-dixies\/","name":"V\u00fdsledky The Dixies - Official Czech &amp; Slovak Everton Supporters&#039; Club","isPartOf":{"@id":"https:\/\/evertonfc.cz\/#website"},"datePublished":"2019-05-15T08:16:03+00:00","dateModified":"2019-05-15T08:16:03+00:00","breadcrumb":{"@id":"https:\/\/evertonfc.cz\/index.php\/news\/vysledky-the-dixies\/#breadcrumb"},"inLanguage":"cs","potentialAction":[{"@type":"ReadAction","target":["https:\/\/evertonfc.cz\/index.php\/news\/vysledky-the-dixies\/"]}]},{"@type":"BreadcrumbList","@id":"https:\/\/evertonfc.cz\/index.php\/news\/vysledky-the-dixies\/#breadcrumb","itemListElement":[{"@type":"ListItem","position":1,"name":"Home","item":"https:\/\/evertonfc.cz\/"},{"@type":"ListItem","position":2,"name":"News","item":"https:\/\/evertonfc.cz\/index.php\/news\/"},{"@type":"ListItem","position":3,"name":"V\u00fdsledky The Dixies"}]},{"@type":"WebSite","@id":"https:\/\/evertonfc.cz\/#website","url":"https:\/\/evertonfc.cz\/","name":"Official Czech &amp; Slovak Everton Supporters&#039; Club","description":"","publisher":{"@id":"https:\/\/evertonfc.cz\/#organization"},"potentialAction":[{"@type":"SearchAction","target":{"@type":"EntryPoint","urlTemplate":"https:\/\/evertonfc.cz\/?s={search_term_string}"},"query-input":{"@type":"PropertyValueSpecification","valueRequired":true,"valueName":"search_term_string"}}],"inLanguage":"cs"},{"@type":"Organization","@id":"https:\/\/evertonfc.cz\/#organization","name":"Official Czech & Slovak Everton Supporters' Club","url":"https:\/\/evertonfc.cz\/","logo":{"@type":"ImageObject","inLanguage":"cs","@id":"https:\/\/evertonfc.cz\/#\/schema\/logo\/image\/","url":"https:\/\/evertonfc.cz\/wp-content\/uploads\/2019\/05\/logo.png","contentUrl":"https:\/\/evertonfc.cz\/wp-content\/uploads\/2019\/05\/logo.png","width":112,"height":112,"caption":"Official Czech & Slovak Everton Supporters' Club"},"image":{"@id":"https:\/\/evertonfc.cz\/#\/schema\/logo\/image\/"},"sameAs":["https:\/\/www.facebook.com\/everton.fans.cz.sk"]}]}},"_links":{"self":[{"href":"https:\/\/evertonfc.cz\/index.php\/wp-json\/wp\/v2\/news\/7792"}],"collection":[{"href":"https:\/\/evertonfc.cz\/index.php\/wp-json\/wp\/v2\/news"}],"about":[{"href":"https:\/\/evertonfc.cz\/index.php\/wp-json\/wp\/v2\/types\/news"}],"author":[{"embeddable":true,"href":"https:\/\/evertonfc.cz\/index.php\/wp-json\/wp\/v2\/users\/1"}],"replies":[{"embeddable":true,"href":"https:\/\/evertonfc.cz\/index.php\/wp-json\/wp\/v2\/comments?post=7792"}],"version-history":[{"count":0,"href":"https:\/\/evertonfc.cz\/index.php\/wp-json\/wp\/v2\/news\/7792\/revisions"}],"wp:attachment":[{"href":"https:\/\/evertonfc.cz\/index.php\/wp-json\/wp\/v2\/media?parent=7792"}],"wp:term":[{"taxonomy":"post_tag","embeddable":true,"href":"https:\/\/evertonfc.cz\/index.php\/wp-json\/wp\/v2\/tags?post=7792"},{"taxonomy":"news-category","embeddable":true,"href":"https:\/\/evertonfc.cz\/index.php\/wp-json\/wp\/v2\/news-category?post=7792"}],"curies":[{"name":"wp","href":"https:\/\/api.w.org\/{rel}","templated":true}]}}