{"id":7873,"date":"2019-05-27T12:02:51","date_gmt":"2019-05-27T10:02:51","guid":{"rendered":"https:\/\/evertonfc.cz\/?post_type=news&#038;p=7873"},"modified":"2019-05-27T13:51:27","modified_gmt":"2019-05-27T11:51:27","slug":"tri-mladi-anglicane-na-me-21","status":"publish","type":"news","link":"https:\/\/evertonfc.cz\/index.php\/news\/tri-mladi-anglicane-na-me-21\/","title":{"rendered":"T\u0159i mlad\u00ed Angli\u010dan\u00e9 na ME &#8222;21&#8220;"},"content":{"rendered":"<p>T\u0159i fotbalist\u00e9 Evertonu Dominic Calvert-Lewin, Kieran Dowell a Jonjoe Kenny dostali pozv\u00e1nku do ml\u00e1de\u017enick\u00e9 anglick\u00e9 reprezentace pro \u010dervnov\u00e9 mistrovstv\u00ed Evropy hr\u00e1\u010d\u016f do 21 let.<\/p>\n<p>Do nominaci tren\u00e9ra Aidyho Boothroyda se v\u0161ak neve\u0161li dal\u0161\u00ed dva hr\u00e1\u010di Evertonu, kte\u0159\u00ed nastupovali v kvalifika\u010dn\u00edm cyklu, a to Tom Davies a Ademola Lookman. Davies \u00fadajn\u011b chyb\u00ed kv\u016fli bl\u00ed\u017ee nespecifikovan\u00e9mu zran\u011bn\u00ed ramene.<\/p>\n<p>ME se se hraje v term\u00ednu od 16. do 30. \u010dervna v It\u00e1lii a San Marinu. Angli\u010dan\u00e9 se v z\u00e1kladn\u00ed skupin\u011b st\u0159etnou s Franci\u00ed (18. \u010dervna), Rumunskem (21. \u010dervna) a Chorvatskem (24. \u010dervna), v\u00a0jeho\u017e nominaci je kmenov\u00fd hr\u00e1\u010d Toffees Nikola Vla\u0161i\u0107, jen\u017e v\u00a0leto\u0161n\u00ed sez\u00f3n\u011b \u00fasp\u011b\u0161n\u011b hostoval v\u00a0rusk\u00e9m CSKA Moskva.<\/p>\n<p>Do semifin\u00e1le turnaje n\u00e1sledn\u011b postoup\u00ed v\u00edt\u011bzov\u00e9 t\u0159i z\u00e1kladn\u00edch skupin a nejlep\u0161\u00ed t\u00fdm z druh\u00fdch m\u00edst.<\/p>\n<h4><strong>Nominace Anglie na ME do 21 let:<\/strong><\/h4>\n<p>Brank\u00e1\u0159i: Angus Gunn (Southampton), Dean Henderson (Sheffield United, hostov\u00e1n\u00ed z Manchesteru United), Freddie Woodman (Newcastle United)<\/p>\n<p>Obr\u00e1nci: Jake Clarke-Salter (Chelsea), Jay Dasilva (Bristol City, hostov\u00e1n\u00ed z Chelsea), Lloyd Kelly (AFC Bournemouth), <strong>Jonjoe Kenny (Everton)<\/strong>, Ezri Konsa (Brentford), Fikayo Tomori (Derby County, hostov\u00e1n\u00ed z Chelsea), Aaron Wan-Bissaka (Crystal Palace).<\/p>\n<p>Z\u00e1lo\u017en\u00edci: Harvey Barnes (Leicester City), Hamza Choudhury (Leicester City), <strong>Kieran Dowell (Sheffield United, hostov\u00e1n\u00ed z Evertonu)<\/strong>, Phil Foden (Manchester City), Morgan Gibbs-White (Wolverhampton Wanderers), James Maddison (Leicester City), Mason Mount (Derby County, hostov\u00e1n\u00ed z Chelsea), Ryan Sessegnon (Fulham).<\/p>\n<p>\u00dato\u010dn\u00edci: Tammy Abraham (Aston Villa, hostov\u00e1n\u00ed z Chelsea), <strong>Dominic Calvert-Lewin (Everton)<\/strong>, Demarai Gray (Leicester City), Reiss Nelson (Arsenal), Dominic Solanke (AFC Bournemouth).<\/p>\n","protected":false},"excerpt":{"rendered":"<p>T\u0159i fotbalist\u00e9 Evertonu Dominic Calvert-Lewin, Kieran Dowell a Jonjoe Kenny dostali pozv\u00e1nku do ml\u00e1de\u017enick\u00e9 anglick\u00e9 reprezentace pro \u010dervnov\u00e9 mistrovstv\u00ed Evropy&hellip;<\/p>\n","protected":false},"author":6,"featured_media":0,"comment_status":"open","ping_status":"closed","template":"","tags":[],"news-category":[18],"yoast_head":"<!-- This site is optimized with the Yoast SEO plugin v23.4 - https:\/\/yoast.com\/wordpress\/plugins\/seo\/ -->\n<title>T\u0159i mlad\u00ed Angli\u010dan\u00e9 na ME &quot;21&quot; - Official Czech &amp; Slovak Everton Supporters&#039; Club<\/title>\n<meta name=\"robots\" content=\"index, follow, max-snippet:-1, max-image-preview:large, max-video-preview:-1\" \/>\n<link rel=\"canonical\" href=\"https:\/\/evertonfc.cz\/index.php\/news\/tri-mladi-anglicane-na-me-21\/\" \/>\n<meta property=\"og:locale\" content=\"cs_CZ\" \/>\n<meta property=\"og:type\" content=\"article\" \/>\n<meta property=\"og:title\" content=\"T\u0159i mlad\u00ed Angli\u010dan\u00e9 na ME &quot;21&quot; - Official Czech &amp; Slovak Everton Supporters&#039; Club\" \/>\n<meta property=\"og:description\" content=\"T\u0159i fotbalist\u00e9 Evertonu Dominic Calvert-Lewin, Kieran Dowell a Jonjoe Kenny dostali pozv\u00e1nku do ml\u00e1de\u017enick\u00e9 anglick\u00e9 reprezentace pro \u010dervnov\u00e9 mistrovstv\u00ed Evropy&hellip;\" \/>\n<meta property=\"og:url\" content=\"https:\/\/evertonfc.cz\/index.php\/news\/tri-mladi-anglicane-na-me-21\/\" \/>\n<meta property=\"og:site_name\" content=\"Official Czech &amp; Slovak Everton Supporters&#039; Club\" \/>\n<meta property=\"article:publisher\" content=\"https:\/\/www.facebook.com\/everton.fans.cz.sk\" \/>\n<meta property=\"article:modified_time\" content=\"2019-05-27T11:51:27+00:00\" \/>\n<meta name=\"twitter:card\" content=\"summary_large_image\" \/>\n<meta name=\"twitter:label1\" content=\"Odhadovan\u00e1 doba \u010dten\u00ed\" \/>\n\t<meta name=\"twitter:data1\" content=\"1 minuta\" \/>\n<script type=\"application\/ld+json\" class=\"yoast-schema-graph\">{\"@context\":\"https:\/\/schema.org\",\"@graph\":[{\"@type\":\"WebPage\",\"@id\":\"https:\/\/evertonfc.cz\/index.php\/news\/tri-mladi-anglicane-na-me-21\/\",\"url\":\"https:\/\/evertonfc.cz\/index.php\/news\/tri-mladi-anglicane-na-me-21\/\",\"name\":\"T\u0159i mlad\u00ed Angli\u010dan\u00e9 na ME \\\"21\\\" - Official Czech &amp; Slovak Everton Supporters&#039; Club\",\"isPartOf\":{\"@id\":\"https:\/\/evertonfc.cz\/#website\"},\"datePublished\":\"2019-05-27T10:02:51+00:00\",\"dateModified\":\"2019-05-27T11:51:27+00:00\",\"breadcrumb\":{\"@id\":\"https:\/\/evertonfc.cz\/index.php\/news\/tri-mladi-anglicane-na-me-21\/#breadcrumb\"},\"inLanguage\":\"cs\",\"potentialAction\":[{\"@type\":\"ReadAction\",\"target\":[\"https:\/\/evertonfc.cz\/index.php\/news\/tri-mladi-anglicane-na-me-21\/\"]}]},{\"@type\":\"BreadcrumbList\",\"@id\":\"https:\/\/evertonfc.cz\/index.php\/news\/tri-mladi-anglicane-na-me-21\/#breadcrumb\",\"itemListElement\":[{\"@type\":\"ListItem\",\"position\":1,\"name\":\"Home\",\"item\":\"https:\/\/evertonfc.cz\/\"},{\"@type\":\"ListItem\",\"position\":2,\"name\":\"News\",\"item\":\"https:\/\/evertonfc.cz\/index.php\/news\/\"},{\"@type\":\"ListItem\",\"position\":3,\"name\":\"T\u0159i mlad\u00ed Angli\u010dan\u00e9 na ME &#8222;21&#8220;\"}]},{\"@type\":\"WebSite\",\"@id\":\"https:\/\/evertonfc.cz\/#website\",\"url\":\"https:\/\/evertonfc.cz\/\",\"name\":\"Official Czech &amp; Slovak Everton Supporters&#039; Club\",\"description\":\"\",\"publisher\":{\"@id\":\"https:\/\/evertonfc.cz\/#organization\"},\"potentialAction\":[{\"@type\":\"SearchAction\",\"target\":{\"@type\":\"EntryPoint\",\"urlTemplate\":\"https:\/\/evertonfc.cz\/?s={search_term_string}\"},\"query-input\":{\"@type\":\"PropertyValueSpecification\",\"valueRequired\":true,\"valueName\":\"search_term_string\"}}],\"inLanguage\":\"cs\"},{\"@type\":\"Organization\",\"@id\":\"https:\/\/evertonfc.cz\/#organization\",\"name\":\"Official Czech & Slovak Everton Supporters' Club\",\"url\":\"https:\/\/evertonfc.cz\/\",\"logo\":{\"@type\":\"ImageObject\",\"inLanguage\":\"cs\",\"@id\":\"https:\/\/evertonfc.cz\/#\/schema\/logo\/image\/\",\"url\":\"https:\/\/evertonfc.cz\/wp-content\/uploads\/2019\/05\/logo.png\",\"contentUrl\":\"https:\/\/evertonfc.cz\/wp-content\/uploads\/2019\/05\/logo.png\",\"width\":112,\"height\":112,\"caption\":\"Official Czech & Slovak Everton Supporters' Club\"},\"image\":{\"@id\":\"https:\/\/evertonfc.cz\/#\/schema\/logo\/image\/\"},\"sameAs\":[\"https:\/\/www.facebook.com\/everton.fans.cz.sk\"]}]}<\/script>\n<!-- \/ Yoast SEO plugin. -->","yoast_head_json":{"title":"T\u0159i mlad\u00ed Angli\u010dan\u00e9 na ME \"21\" - Official Czech &amp; Slovak Everton Supporters&#039; Club","robots":{"index":"index","follow":"follow","max-snippet":"max-snippet:-1","max-image-preview":"max-image-preview:large","max-video-preview":"max-video-preview:-1"},"canonical":"https:\/\/evertonfc.cz\/index.php\/news\/tri-mladi-anglicane-na-me-21\/","og_locale":"cs_CZ","og_type":"article","og_title":"T\u0159i mlad\u00ed Angli\u010dan\u00e9 na ME \"21\" - Official Czech &amp; Slovak Everton Supporters&#039; Club","og_description":"T\u0159i fotbalist\u00e9 Evertonu Dominic Calvert-Lewin, Kieran Dowell a Jonjoe Kenny dostali pozv\u00e1nku do ml\u00e1de\u017enick\u00e9 anglick\u00e9 reprezentace pro \u010dervnov\u00e9 mistrovstv\u00ed Evropy&hellip;","og_url":"https:\/\/evertonfc.cz\/index.php\/news\/tri-mladi-anglicane-na-me-21\/","og_site_name":"Official Czech &amp; Slovak Everton Supporters&#039; Club","article_publisher":"https:\/\/www.facebook.com\/everton.fans.cz.sk","article_modified_time":"2019-05-27T11:51:27+00:00","twitter_card":"summary_large_image","twitter_misc":{"Odhadovan\u00e1 doba \u010dten\u00ed":"1 minuta"},"schema":{"@context":"https:\/\/schema.org","@graph":[{"@type":"WebPage","@id":"https:\/\/evertonfc.cz\/index.php\/news\/tri-mladi-anglicane-na-me-21\/","url":"https:\/\/evertonfc.cz\/index.php\/news\/tri-mladi-anglicane-na-me-21\/","name":"T\u0159i mlad\u00ed Angli\u010dan\u00e9 na ME \"21\" - Official Czech &amp; Slovak Everton Supporters&#039; Club","isPartOf":{"@id":"https:\/\/evertonfc.cz\/#website"},"datePublished":"2019-05-27T10:02:51+00:00","dateModified":"2019-05-27T11:51:27+00:00","breadcrumb":{"@id":"https:\/\/evertonfc.cz\/index.php\/news\/tri-mladi-anglicane-na-me-21\/#breadcrumb"},"inLanguage":"cs","potentialAction":[{"@type":"ReadAction","target":["https:\/\/evertonfc.cz\/index.php\/news\/tri-mladi-anglicane-na-me-21\/"]}]},{"@type":"BreadcrumbList","@id":"https:\/\/evertonfc.cz\/index.php\/news\/tri-mladi-anglicane-na-me-21\/#breadcrumb","itemListElement":[{"@type":"ListItem","position":1,"name":"Home","item":"https:\/\/evertonfc.cz\/"},{"@type":"ListItem","position":2,"name":"News","item":"https:\/\/evertonfc.cz\/index.php\/news\/"},{"@type":"ListItem","position":3,"name":"T\u0159i mlad\u00ed Angli\u010dan\u00e9 na ME &#8222;21&#8220;"}]},{"@type":"WebSite","@id":"https:\/\/evertonfc.cz\/#website","url":"https:\/\/evertonfc.cz\/","name":"Official Czech &amp; Slovak Everton Supporters&#039; Club","description":"","publisher":{"@id":"https:\/\/evertonfc.cz\/#organization"},"potentialAction":[{"@type":"SearchAction","target":{"@type":"EntryPoint","urlTemplate":"https:\/\/evertonfc.cz\/?s={search_term_string}"},"query-input":{"@type":"PropertyValueSpecification","valueRequired":true,"valueName":"search_term_string"}}],"inLanguage":"cs"},{"@type":"Organization","@id":"https:\/\/evertonfc.cz\/#organization","name":"Official Czech & Slovak Everton Supporters' Club","url":"https:\/\/evertonfc.cz\/","logo":{"@type":"ImageObject","inLanguage":"cs","@id":"https:\/\/evertonfc.cz\/#\/schema\/logo\/image\/","url":"https:\/\/evertonfc.cz\/wp-content\/uploads\/2019\/05\/logo.png","contentUrl":"https:\/\/evertonfc.cz\/wp-content\/uploads\/2019\/05\/logo.png","width":112,"height":112,"caption":"Official Czech & Slovak Everton Supporters' Club"},"image":{"@id":"https:\/\/evertonfc.cz\/#\/schema\/logo\/image\/"},"sameAs":["https:\/\/www.facebook.com\/everton.fans.cz.sk"]}]}},"_links":{"self":[{"href":"https:\/\/evertonfc.cz\/index.php\/wp-json\/wp\/v2\/news\/7873"}],"collection":[{"href":"https:\/\/evertonfc.cz\/index.php\/wp-json\/wp\/v2\/news"}],"about":[{"href":"https:\/\/evertonfc.cz\/index.php\/wp-json\/wp\/v2\/types\/news"}],"author":[{"embeddable":true,"href":"https:\/\/evertonfc.cz\/index.php\/wp-json\/wp\/v2\/users\/6"}],"replies":[{"embeddable":true,"href":"https:\/\/evertonfc.cz\/index.php\/wp-json\/wp\/v2\/comments?post=7873"}],"version-history":[{"count":1,"href":"https:\/\/evertonfc.cz\/index.php\/wp-json\/wp\/v2\/news\/7873\/revisions"}],"predecessor-version":[{"id":7874,"href":"https:\/\/evertonfc.cz\/index.php\/wp-json\/wp\/v2\/news\/7873\/revisions\/7874"}],"wp:attachment":[{"href":"https:\/\/evertonfc.cz\/index.php\/wp-json\/wp\/v2\/media?parent=7873"}],"wp:term":[{"taxonomy":"post_tag","embeddable":true,"href":"https:\/\/evertonfc.cz\/index.php\/wp-json\/wp\/v2\/tags?post=7873"},{"taxonomy":"news-category","embeddable":true,"href":"https:\/\/evertonfc.cz\/index.php\/wp-json\/wp\/v2\/news-category?post=7873"}],"curies":[{"name":"wp","href":"https:\/\/api.w.org\/{rel}","templated":true}]}}