{"id":7913,"date":"2019-06-02T13:03:01","date_gmt":"2019-06-02T11:03:01","guid":{"rendered":"https:\/\/evertonfc.cz\/?post_type=news&#038;p=7913"},"modified":"2019-06-02T13:03:01","modified_gmt":"2019-06-02T11:03:01","slug":"joao-pedro-sousa-opusta-everton","status":"publish","type":"news","link":"https:\/\/evertonfc.cz\/index.php\/news\/joao-pedro-sousa-opusta-everton\/","title":{"rendered":"Jo\u00e3o Pedro Sousa op\u00fa\u0161\u0165a Everton"},"content":{"rendered":"<p>47 ro\u010dn\u00fd asistent tr\u00e9nera prv\u00e9ho t\u00edmu sa tak rozhodol po ponuke, ktor\u00fa obdr\u017eal od FC Famalic\u00e3o, od bud\u00facej sez\u00f3ny nov\u00e1\u010dika Primeira Ligy. So Silvom sa spoznali v e\u0161te v roku 1998, ke\u010f hr\u00e1vali spolo\u010dne v Portugalsku za C.D. Trofense.<\/p>\n<p>Kari\u00e9ru tr\u00e9nera za\u010d\u00ednal ako kou\u010d U19 v Brage, a\u017e pok\u00fdm nek\u00fdvol na ponuku, ktor\u00e1 sa od star\u00e9ho priate\u013ea neodmieta. Dlh\u00e9 roky spolu pracovali ako nerozlu\u010dn\u00e1 dvojica v Estorile, Sportingu Lisabon, Olympiacose, Hull City, Watforde a na koniec aj v Evertone.<\/p>\n","protected":false},"excerpt":{"rendered":"<p>47 ro\u010dn\u00fd asistent tr\u00e9nera prv\u00e9ho t\u00edmu sa tak rozhodol po ponuke, ktor\u00fa obdr\u017eal od FC Famalic\u00e3o, od bud\u00facej sez\u00f3ny nov\u00e1\u010dika&hellip;<\/p>\n","protected":false},"author":1,"featured_media":0,"comment_status":"open","ping_status":"closed","template":"","tags":[],"news-category":[18],"yoast_head":"<!-- This site is optimized with the Yoast SEO plugin v23.4 - https:\/\/yoast.com\/wordpress\/plugins\/seo\/ -->\n<title>Jo\u00e3o Pedro Sousa op\u00fa\u0161\u0165a Everton - Official Czech &amp; Slovak Everton Supporters&#039; Club<\/title>\n<meta name=\"robots\" content=\"index, follow, max-snippet:-1, max-image-preview:large, max-video-preview:-1\" \/>\n<link rel=\"canonical\" href=\"https:\/\/evertonfc.cz\/index.php\/news\/joao-pedro-sousa-opusta-everton\/\" \/>\n<meta property=\"og:locale\" content=\"cs_CZ\" \/>\n<meta property=\"og:type\" content=\"article\" \/>\n<meta property=\"og:title\" content=\"Jo\u00e3o Pedro Sousa op\u00fa\u0161\u0165a Everton - Official Czech &amp; Slovak Everton Supporters&#039; Club\" \/>\n<meta property=\"og:description\" content=\"47 ro\u010dn\u00fd asistent tr\u00e9nera prv\u00e9ho t\u00edmu sa tak rozhodol po ponuke, ktor\u00fa obdr\u017eal od FC Famalic\u00e3o, od bud\u00facej sez\u00f3ny nov\u00e1\u010dika&hellip;\" \/>\n<meta property=\"og:url\" content=\"https:\/\/evertonfc.cz\/index.php\/news\/joao-pedro-sousa-opusta-everton\/\" \/>\n<meta property=\"og:site_name\" content=\"Official Czech &amp; Slovak Everton Supporters&#039; Club\" \/>\n<meta property=\"article:publisher\" content=\"https:\/\/www.facebook.com\/everton.fans.cz.sk\" \/>\n<meta name=\"twitter:card\" content=\"summary_large_image\" \/>\n<script type=\"application\/ld+json\" class=\"yoast-schema-graph\">{\"@context\":\"https:\/\/schema.org\",\"@graph\":[{\"@type\":\"WebPage\",\"@id\":\"https:\/\/evertonfc.cz\/index.php\/news\/joao-pedro-sousa-opusta-everton\/\",\"url\":\"https:\/\/evertonfc.cz\/index.php\/news\/joao-pedro-sousa-opusta-everton\/\",\"name\":\"Jo\u00e3o Pedro Sousa op\u00fa\u0161\u0165a Everton - Official Czech &amp; Slovak Everton Supporters&#039; Club\",\"isPartOf\":{\"@id\":\"https:\/\/evertonfc.cz\/#website\"},\"datePublished\":\"2019-06-02T11:03:01+00:00\",\"dateModified\":\"2019-06-02T11:03:01+00:00\",\"breadcrumb\":{\"@id\":\"https:\/\/evertonfc.cz\/index.php\/news\/joao-pedro-sousa-opusta-everton\/#breadcrumb\"},\"inLanguage\":\"cs\",\"potentialAction\":[{\"@type\":\"ReadAction\",\"target\":[\"https:\/\/evertonfc.cz\/index.php\/news\/joao-pedro-sousa-opusta-everton\/\"]}]},{\"@type\":\"BreadcrumbList\",\"@id\":\"https:\/\/evertonfc.cz\/index.php\/news\/joao-pedro-sousa-opusta-everton\/#breadcrumb\",\"itemListElement\":[{\"@type\":\"ListItem\",\"position\":1,\"name\":\"Home\",\"item\":\"https:\/\/evertonfc.cz\/\"},{\"@type\":\"ListItem\",\"position\":2,\"name\":\"News\",\"item\":\"https:\/\/evertonfc.cz\/index.php\/news\/\"},{\"@type\":\"ListItem\",\"position\":3,\"name\":\"Jo\u00e3o Pedro Sousa op\u00fa\u0161\u0165a Everton\"}]},{\"@type\":\"WebSite\",\"@id\":\"https:\/\/evertonfc.cz\/#website\",\"url\":\"https:\/\/evertonfc.cz\/\",\"name\":\"Official Czech &amp; Slovak Everton Supporters&#039; Club\",\"description\":\"\",\"publisher\":{\"@id\":\"https:\/\/evertonfc.cz\/#organization\"},\"potentialAction\":[{\"@type\":\"SearchAction\",\"target\":{\"@type\":\"EntryPoint\",\"urlTemplate\":\"https:\/\/evertonfc.cz\/?s={search_term_string}\"},\"query-input\":{\"@type\":\"PropertyValueSpecification\",\"valueRequired\":true,\"valueName\":\"search_term_string\"}}],\"inLanguage\":\"cs\"},{\"@type\":\"Organization\",\"@id\":\"https:\/\/evertonfc.cz\/#organization\",\"name\":\"Official Czech & Slovak Everton Supporters' Club\",\"url\":\"https:\/\/evertonfc.cz\/\",\"logo\":{\"@type\":\"ImageObject\",\"inLanguage\":\"cs\",\"@id\":\"https:\/\/evertonfc.cz\/#\/schema\/logo\/image\/\",\"url\":\"https:\/\/evertonfc.cz\/wp-content\/uploads\/2019\/05\/logo.png\",\"contentUrl\":\"https:\/\/evertonfc.cz\/wp-content\/uploads\/2019\/05\/logo.png\",\"width\":112,\"height\":112,\"caption\":\"Official Czech & Slovak Everton Supporters' Club\"},\"image\":{\"@id\":\"https:\/\/evertonfc.cz\/#\/schema\/logo\/image\/\"},\"sameAs\":[\"https:\/\/www.facebook.com\/everton.fans.cz.sk\"]}]}<\/script>\n<!-- \/ Yoast SEO plugin. -->","yoast_head_json":{"title":"Jo\u00e3o Pedro Sousa op\u00fa\u0161\u0165a Everton - Official Czech &amp; Slovak Everton Supporters&#039; Club","robots":{"index":"index","follow":"follow","max-snippet":"max-snippet:-1","max-image-preview":"max-image-preview:large","max-video-preview":"max-video-preview:-1"},"canonical":"https:\/\/evertonfc.cz\/index.php\/news\/joao-pedro-sousa-opusta-everton\/","og_locale":"cs_CZ","og_type":"article","og_title":"Jo\u00e3o Pedro Sousa op\u00fa\u0161\u0165a Everton - Official Czech &amp; Slovak Everton Supporters&#039; Club","og_description":"47 ro\u010dn\u00fd asistent tr\u00e9nera prv\u00e9ho t\u00edmu sa tak rozhodol po ponuke, ktor\u00fa obdr\u017eal od FC Famalic\u00e3o, od bud\u00facej sez\u00f3ny nov\u00e1\u010dika&hellip;","og_url":"https:\/\/evertonfc.cz\/index.php\/news\/joao-pedro-sousa-opusta-everton\/","og_site_name":"Official Czech &amp; Slovak Everton Supporters&#039; Club","article_publisher":"https:\/\/www.facebook.com\/everton.fans.cz.sk","twitter_card":"summary_large_image","schema":{"@context":"https:\/\/schema.org","@graph":[{"@type":"WebPage","@id":"https:\/\/evertonfc.cz\/index.php\/news\/joao-pedro-sousa-opusta-everton\/","url":"https:\/\/evertonfc.cz\/index.php\/news\/joao-pedro-sousa-opusta-everton\/","name":"Jo\u00e3o Pedro Sousa op\u00fa\u0161\u0165a Everton - Official Czech &amp; Slovak Everton Supporters&#039; Club","isPartOf":{"@id":"https:\/\/evertonfc.cz\/#website"},"datePublished":"2019-06-02T11:03:01+00:00","dateModified":"2019-06-02T11:03:01+00:00","breadcrumb":{"@id":"https:\/\/evertonfc.cz\/index.php\/news\/joao-pedro-sousa-opusta-everton\/#breadcrumb"},"inLanguage":"cs","potentialAction":[{"@type":"ReadAction","target":["https:\/\/evertonfc.cz\/index.php\/news\/joao-pedro-sousa-opusta-everton\/"]}]},{"@type":"BreadcrumbList","@id":"https:\/\/evertonfc.cz\/index.php\/news\/joao-pedro-sousa-opusta-everton\/#breadcrumb","itemListElement":[{"@type":"ListItem","position":1,"name":"Home","item":"https:\/\/evertonfc.cz\/"},{"@type":"ListItem","position":2,"name":"News","item":"https:\/\/evertonfc.cz\/index.php\/news\/"},{"@type":"ListItem","position":3,"name":"Jo\u00e3o Pedro Sousa op\u00fa\u0161\u0165a Everton"}]},{"@type":"WebSite","@id":"https:\/\/evertonfc.cz\/#website","url":"https:\/\/evertonfc.cz\/","name":"Official Czech &amp; Slovak Everton Supporters&#039; Club","description":"","publisher":{"@id":"https:\/\/evertonfc.cz\/#organization"},"potentialAction":[{"@type":"SearchAction","target":{"@type":"EntryPoint","urlTemplate":"https:\/\/evertonfc.cz\/?s={search_term_string}"},"query-input":{"@type":"PropertyValueSpecification","valueRequired":true,"valueName":"search_term_string"}}],"inLanguage":"cs"},{"@type":"Organization","@id":"https:\/\/evertonfc.cz\/#organization","name":"Official Czech & Slovak Everton Supporters' Club","url":"https:\/\/evertonfc.cz\/","logo":{"@type":"ImageObject","inLanguage":"cs","@id":"https:\/\/evertonfc.cz\/#\/schema\/logo\/image\/","url":"https:\/\/evertonfc.cz\/wp-content\/uploads\/2019\/05\/logo.png","contentUrl":"https:\/\/evertonfc.cz\/wp-content\/uploads\/2019\/05\/logo.png","width":112,"height":112,"caption":"Official Czech & Slovak Everton Supporters' Club"},"image":{"@id":"https:\/\/evertonfc.cz\/#\/schema\/logo\/image\/"},"sameAs":["https:\/\/www.facebook.com\/everton.fans.cz.sk"]}]}},"_links":{"self":[{"href":"https:\/\/evertonfc.cz\/index.php\/wp-json\/wp\/v2\/news\/7913"}],"collection":[{"href":"https:\/\/evertonfc.cz\/index.php\/wp-json\/wp\/v2\/news"}],"about":[{"href":"https:\/\/evertonfc.cz\/index.php\/wp-json\/wp\/v2\/types\/news"}],"author":[{"embeddable":true,"href":"https:\/\/evertonfc.cz\/index.php\/wp-json\/wp\/v2\/users\/1"}],"replies":[{"embeddable":true,"href":"https:\/\/evertonfc.cz\/index.php\/wp-json\/wp\/v2\/comments?post=7913"}],"version-history":[{"count":1,"href":"https:\/\/evertonfc.cz\/index.php\/wp-json\/wp\/v2\/news\/7913\/revisions"}],"predecessor-version":[{"id":7925,"href":"https:\/\/evertonfc.cz\/index.php\/wp-json\/wp\/v2\/news\/7913\/revisions\/7925"}],"wp:attachment":[{"href":"https:\/\/evertonfc.cz\/index.php\/wp-json\/wp\/v2\/media?parent=7913"}],"wp:term":[{"taxonomy":"post_tag","embeddable":true,"href":"https:\/\/evertonfc.cz\/index.php\/wp-json\/wp\/v2\/tags?post=7913"},{"taxonomy":"news-category","embeddable":true,"href":"https:\/\/evertonfc.cz\/index.php\/wp-json\/wp\/v2\/news-category?post=7913"}],"curies":[{"name":"wp","href":"https:\/\/api.w.org\/{rel}","templated":true}]}}