{"id":8000,"date":"2019-06-06T13:15:58","date_gmt":"2019-06-06T11:15:58","guid":{"rendered":"https:\/\/evertonfc.cz\/?post_type=news&#038;p=8000"},"modified":"2019-06-06T13:38:27","modified_gmt":"2019-06-06T11:38:27","slug":"moshiri-navysil-svuj-podil-na-77-2","status":"publish","type":"news","link":"https:\/\/evertonfc.cz\/index.php\/news\/moshiri-navysil-svuj-podil-na-77-2\/","title":{"rendered":"Moshiri nav\u00fd\u0161il sv\u016fj pod\u00edl na 77,2 %"},"content":{"rendered":"<p>\u00cdransk\u00fd byznysmen Farhad Moshiri nav\u00fd\u0161il sv\u016fj pod\u00edl v Evertonu z 68,6 na 77,2 %, <a href=\"https:\/\/evertonfc.cz\/index.php\/2018\/09\/11\/moshiri-se-stal-majoritnim-vlastnikem-evertonu\/\" target=\"_blank\" rel=\"noopener noreferrer\">jak bylo avizov\u00e1no v z\u00e1\u0159\u00ed minul\u00e9ho roku, kdy se stal majoritn\u00edm vlastn\u00edkem klubu<\/a>.<\/p>\n<p>64let\u00fd Moshiri nyn\u00ed koupil 8,6 % pod\u00edlu od z\u00e1mo\u017en\u00e9 britsk\u00e9 rodiny Grantchester\u016f. Z t\u00e9to rodiny m\u00e1 nejbli\u017e\u0161\u00ed vztah k Evertonu Lord Grantchester, b\u00fdval\u00fd \u010dlen p\u0159edstavenstva klubu, vnuk b\u00fdval\u00e9ho slavn\u00e9ho p\u0159edsedy klubu Johna Mooresa a d\u00e1le mimo jin\u00e9 velk\u00fd don\u00e1tor <a href=\"https:\/\/evertonfc.cz\/index.php\/everton-collection\/\" target=\"_blank\" rel=\"noopener noreferrer\">Everton Collection, nejv\u011bt\u0161\u00ed sb\u00edrky fotbalov\u00fdch pam\u011btihodnost\u00ed na sv\u011bt\u011b<\/a>.<\/p>\n","protected":false},"excerpt":{"rendered":"<p>\u00cdransk\u00fd byznysmen Farhad Moshiri nav\u00fd\u0161il sv\u016fj pod\u00edl v Evertonu z 68,6 na 77,2 %, jak bylo avizov\u00e1no v z\u00e1\u0159\u00ed minul\u00e9ho&hellip;<\/p>\n","protected":false},"author":6,"featured_media":0,"comment_status":"open","ping_status":"closed","template":"","tags":[],"news-category":[18],"yoast_head":"<!-- This site is optimized with the Yoast SEO plugin v23.4 - https:\/\/yoast.com\/wordpress\/plugins\/seo\/ -->\n<title>Moshiri nav\u00fd\u0161il sv\u016fj pod\u00edl na 77,2 % - Official Czech &amp; Slovak Everton Supporters&#039; Club<\/title>\n<meta name=\"robots\" content=\"index, follow, max-snippet:-1, max-image-preview:large, max-video-preview:-1\" \/>\n<link rel=\"canonical\" href=\"https:\/\/evertonfc.cz\/index.php\/news\/moshiri-navysil-svuj-podil-na-77-2\/\" \/>\n<meta property=\"og:locale\" content=\"cs_CZ\" \/>\n<meta property=\"og:type\" content=\"article\" \/>\n<meta property=\"og:title\" content=\"Moshiri nav\u00fd\u0161il sv\u016fj pod\u00edl na 77,2 % - Official Czech &amp; Slovak Everton Supporters&#039; Club\" \/>\n<meta property=\"og:description\" content=\"\u00cdransk\u00fd byznysmen Farhad Moshiri nav\u00fd\u0161il sv\u016fj pod\u00edl v Evertonu z 68,6 na 77,2 %, jak bylo avizov\u00e1no v z\u00e1\u0159\u00ed minul\u00e9ho&hellip;\" \/>\n<meta property=\"og:url\" content=\"https:\/\/evertonfc.cz\/index.php\/news\/moshiri-navysil-svuj-podil-na-77-2\/\" \/>\n<meta property=\"og:site_name\" content=\"Official Czech &amp; Slovak Everton Supporters&#039; Club\" \/>\n<meta property=\"article:publisher\" content=\"https:\/\/www.facebook.com\/everton.fans.cz.sk\" \/>\n<meta property=\"article:modified_time\" content=\"2019-06-06T11:38:27+00:00\" \/>\n<meta name=\"twitter:card\" content=\"summary_large_image\" \/>\n<script type=\"application\/ld+json\" class=\"yoast-schema-graph\">{\"@context\":\"https:\/\/schema.org\",\"@graph\":[{\"@type\":\"WebPage\",\"@id\":\"https:\/\/evertonfc.cz\/index.php\/news\/moshiri-navysil-svuj-podil-na-77-2\/\",\"url\":\"https:\/\/evertonfc.cz\/index.php\/news\/moshiri-navysil-svuj-podil-na-77-2\/\",\"name\":\"Moshiri nav\u00fd\u0161il sv\u016fj pod\u00edl na 77,2 % - Official Czech &amp; Slovak Everton Supporters&#039; Club\",\"isPartOf\":{\"@id\":\"https:\/\/evertonfc.cz\/#website\"},\"datePublished\":\"2019-06-06T11:15:58+00:00\",\"dateModified\":\"2019-06-06T11:38:27+00:00\",\"breadcrumb\":{\"@id\":\"https:\/\/evertonfc.cz\/index.php\/news\/moshiri-navysil-svuj-podil-na-77-2\/#breadcrumb\"},\"inLanguage\":\"cs\",\"potentialAction\":[{\"@type\":\"ReadAction\",\"target\":[\"https:\/\/evertonfc.cz\/index.php\/news\/moshiri-navysil-svuj-podil-na-77-2\/\"]}]},{\"@type\":\"BreadcrumbList\",\"@id\":\"https:\/\/evertonfc.cz\/index.php\/news\/moshiri-navysil-svuj-podil-na-77-2\/#breadcrumb\",\"itemListElement\":[{\"@type\":\"ListItem\",\"position\":1,\"name\":\"Home\",\"item\":\"https:\/\/evertonfc.cz\/\"},{\"@type\":\"ListItem\",\"position\":2,\"name\":\"News\",\"item\":\"https:\/\/evertonfc.cz\/index.php\/news\/\"},{\"@type\":\"ListItem\",\"position\":3,\"name\":\"Moshiri nav\u00fd\u0161il sv\u016fj pod\u00edl na 77,2 %\"}]},{\"@type\":\"WebSite\",\"@id\":\"https:\/\/evertonfc.cz\/#website\",\"url\":\"https:\/\/evertonfc.cz\/\",\"name\":\"Official Czech &amp; Slovak Everton Supporters&#039; Club\",\"description\":\"\",\"publisher\":{\"@id\":\"https:\/\/evertonfc.cz\/#organization\"},\"potentialAction\":[{\"@type\":\"SearchAction\",\"target\":{\"@type\":\"EntryPoint\",\"urlTemplate\":\"https:\/\/evertonfc.cz\/?s={search_term_string}\"},\"query-input\":{\"@type\":\"PropertyValueSpecification\",\"valueRequired\":true,\"valueName\":\"search_term_string\"}}],\"inLanguage\":\"cs\"},{\"@type\":\"Organization\",\"@id\":\"https:\/\/evertonfc.cz\/#organization\",\"name\":\"Official Czech & Slovak Everton Supporters' Club\",\"url\":\"https:\/\/evertonfc.cz\/\",\"logo\":{\"@type\":\"ImageObject\",\"inLanguage\":\"cs\",\"@id\":\"https:\/\/evertonfc.cz\/#\/schema\/logo\/image\/\",\"url\":\"https:\/\/evertonfc.cz\/wp-content\/uploads\/2019\/05\/logo.png\",\"contentUrl\":\"https:\/\/evertonfc.cz\/wp-content\/uploads\/2019\/05\/logo.png\",\"width\":112,\"height\":112,\"caption\":\"Official Czech & Slovak Everton Supporters' Club\"},\"image\":{\"@id\":\"https:\/\/evertonfc.cz\/#\/schema\/logo\/image\/\"},\"sameAs\":[\"https:\/\/www.facebook.com\/everton.fans.cz.sk\"]}]}<\/script>\n<!-- \/ Yoast SEO plugin. -->","yoast_head_json":{"title":"Moshiri nav\u00fd\u0161il sv\u016fj pod\u00edl na 77,2 % - Official Czech &amp; Slovak Everton Supporters&#039; Club","robots":{"index":"index","follow":"follow","max-snippet":"max-snippet:-1","max-image-preview":"max-image-preview:large","max-video-preview":"max-video-preview:-1"},"canonical":"https:\/\/evertonfc.cz\/index.php\/news\/moshiri-navysil-svuj-podil-na-77-2\/","og_locale":"cs_CZ","og_type":"article","og_title":"Moshiri nav\u00fd\u0161il sv\u016fj pod\u00edl na 77,2 % - Official Czech &amp; Slovak Everton Supporters&#039; Club","og_description":"\u00cdransk\u00fd byznysmen Farhad Moshiri nav\u00fd\u0161il sv\u016fj pod\u00edl v Evertonu z 68,6 na 77,2 %, jak bylo avizov\u00e1no v z\u00e1\u0159\u00ed minul\u00e9ho&hellip;","og_url":"https:\/\/evertonfc.cz\/index.php\/news\/moshiri-navysil-svuj-podil-na-77-2\/","og_site_name":"Official Czech &amp; Slovak Everton Supporters&#039; Club","article_publisher":"https:\/\/www.facebook.com\/everton.fans.cz.sk","article_modified_time":"2019-06-06T11:38:27+00:00","twitter_card":"summary_large_image","schema":{"@context":"https:\/\/schema.org","@graph":[{"@type":"WebPage","@id":"https:\/\/evertonfc.cz\/index.php\/news\/moshiri-navysil-svuj-podil-na-77-2\/","url":"https:\/\/evertonfc.cz\/index.php\/news\/moshiri-navysil-svuj-podil-na-77-2\/","name":"Moshiri nav\u00fd\u0161il sv\u016fj pod\u00edl na 77,2 % - Official Czech &amp; Slovak Everton Supporters&#039; Club","isPartOf":{"@id":"https:\/\/evertonfc.cz\/#website"},"datePublished":"2019-06-06T11:15:58+00:00","dateModified":"2019-06-06T11:38:27+00:00","breadcrumb":{"@id":"https:\/\/evertonfc.cz\/index.php\/news\/moshiri-navysil-svuj-podil-na-77-2\/#breadcrumb"},"inLanguage":"cs","potentialAction":[{"@type":"ReadAction","target":["https:\/\/evertonfc.cz\/index.php\/news\/moshiri-navysil-svuj-podil-na-77-2\/"]}]},{"@type":"BreadcrumbList","@id":"https:\/\/evertonfc.cz\/index.php\/news\/moshiri-navysil-svuj-podil-na-77-2\/#breadcrumb","itemListElement":[{"@type":"ListItem","position":1,"name":"Home","item":"https:\/\/evertonfc.cz\/"},{"@type":"ListItem","position":2,"name":"News","item":"https:\/\/evertonfc.cz\/index.php\/news\/"},{"@type":"ListItem","position":3,"name":"Moshiri nav\u00fd\u0161il sv\u016fj pod\u00edl na 77,2 %"}]},{"@type":"WebSite","@id":"https:\/\/evertonfc.cz\/#website","url":"https:\/\/evertonfc.cz\/","name":"Official Czech &amp; Slovak Everton Supporters&#039; Club","description":"","publisher":{"@id":"https:\/\/evertonfc.cz\/#organization"},"potentialAction":[{"@type":"SearchAction","target":{"@type":"EntryPoint","urlTemplate":"https:\/\/evertonfc.cz\/?s={search_term_string}"},"query-input":{"@type":"PropertyValueSpecification","valueRequired":true,"valueName":"search_term_string"}}],"inLanguage":"cs"},{"@type":"Organization","@id":"https:\/\/evertonfc.cz\/#organization","name":"Official Czech & Slovak Everton Supporters' Club","url":"https:\/\/evertonfc.cz\/","logo":{"@type":"ImageObject","inLanguage":"cs","@id":"https:\/\/evertonfc.cz\/#\/schema\/logo\/image\/","url":"https:\/\/evertonfc.cz\/wp-content\/uploads\/2019\/05\/logo.png","contentUrl":"https:\/\/evertonfc.cz\/wp-content\/uploads\/2019\/05\/logo.png","width":112,"height":112,"caption":"Official Czech & Slovak Everton Supporters' Club"},"image":{"@id":"https:\/\/evertonfc.cz\/#\/schema\/logo\/image\/"},"sameAs":["https:\/\/www.facebook.com\/everton.fans.cz.sk"]}]}},"_links":{"self":[{"href":"https:\/\/evertonfc.cz\/index.php\/wp-json\/wp\/v2\/news\/8000"}],"collection":[{"href":"https:\/\/evertonfc.cz\/index.php\/wp-json\/wp\/v2\/news"}],"about":[{"href":"https:\/\/evertonfc.cz\/index.php\/wp-json\/wp\/v2\/types\/news"}],"author":[{"embeddable":true,"href":"https:\/\/evertonfc.cz\/index.php\/wp-json\/wp\/v2\/users\/6"}],"replies":[{"embeddable":true,"href":"https:\/\/evertonfc.cz\/index.php\/wp-json\/wp\/v2\/comments?post=8000"}],"version-history":[{"count":1,"href":"https:\/\/evertonfc.cz\/index.php\/wp-json\/wp\/v2\/news\/8000\/revisions"}],"predecessor-version":[{"id":8001,"href":"https:\/\/evertonfc.cz\/index.php\/wp-json\/wp\/v2\/news\/8000\/revisions\/8001"}],"wp:attachment":[{"href":"https:\/\/evertonfc.cz\/index.php\/wp-json\/wp\/v2\/media?parent=8000"}],"wp:term":[{"taxonomy":"post_tag","embeddable":true,"href":"https:\/\/evertonfc.cz\/index.php\/wp-json\/wp\/v2\/tags?post=8000"},{"taxonomy":"news-category","embeddable":true,"href":"https:\/\/evertonfc.cz\/index.php\/wp-json\/wp\/v2\/news-category?post=8000"}],"curies":[{"name":"wp","href":"https:\/\/api.w.org\/{rel}","templated":true}]}}