{"id":8047,"date":"2019-06-11T12:00:08","date_gmt":"2019-06-11T10:00:08","guid":{"rendered":"https:\/\/evertonfc.cz\/?post_type=news&#038;p=8047"},"modified":"2019-06-11T12:05:01","modified_gmt":"2019-06-11T10:05:01","slug":"coleman-nema-doveru-fanusikov","status":"publish","type":"news","link":"https:\/\/evertonfc.cz\/index.php\/news\/coleman-nema-doveru-fanusikov\/","title":{"rendered":"Coleman nem\u00e1 d\u00f4veru fan\u00fa\u0161ikov"},"content":{"rendered":"<p>\u00da\u010delom na\u0161ej poslednej ankety bolo zisti\u0165, ako vidia fan\u00fa\u0161ikovia situ\u00e1ciu, ktor\u00e1 sa odohr\u00e1va na poste prav\u00e9ho obrancu. Len v\u010dera <a href=\"https:\/\/evertonfc.cz\/index.php\/2019\/06\/10\/kenny-bude-hostovat-v-schalke\/\" target=\"_blank\" rel=\"noopener noreferrer\">Everton ozn\u00e1mil<\/a>, \u017ee o\u010dak\u00e1van\u00e9 hos\u0165ovanie <a href=\"https:\/\/evertonfc.cz\/index.php\/soupiska\/jonjoe-kenny\/\" target=\"_blank\" rel=\"noopener noreferrer\">Jonjoea Kennyho<\/a> sa stalo skuto\u010dnos\u0165ou a\u00a0mlad\u00edk putuje na najbli\u017e\u0161\u00ed ro\u010dn\u00edk do nemeck\u00e9ho Gelsenkirchenu, kde s\u00eddli Schalke 04.<\/p>\n<p>Klub tak ost\u00e1va s\u00a0nepokrytou poz\u00edciou dvojky, ktor\u00fa by mohol v\u00a0pr\u00edpade n\u00fadze zaplni\u0165 <a href=\"https:\/\/evertonfc.cz\/index.php\/soupiska\/mason-holgate\/\" target=\"_blank\" rel=\"noopener noreferrer\">Mason Holgate<\/a>. Ten sa vr\u00e1til z\u00a0polro\u010dn\u00e9ho hos\u0165ovania vo West Bromwich Albion. Druholigov\u00fd klub z\u00a0West Midlands oslnil \u00fadajne nato\u013eko, \u017ee v\u00a0pr\u00edpade postupu do Premier League (ktor\u00fd sa nepodaril) by sa o\u00a022 ro\u010dn\u00e9ho stredn\u00e9ho obrancu usilovali aj natrvalo.<\/p>\n<p>Mohol by sa sta\u0165 prvou vo\u013ebou v A t\u00edme? Dajte n\u00e1m vedie\u0165 v koment\u00e1roch. Takmer polovica respondentov toti\u017e uviedla, \u017ee Everton pod\u013ea nich potrebuje nov\u00e9 a zvu\u010dn\u00e9 meno, ako n\u00e1hradu za starn\u00faceho Colemana. Naopak, vy\u0161e \u0161tvrtina odpoved\u00ed sa niesla v duchu spokojnosti s dvojicou Coleman \u2013 Kenny.<\/p>\n<p>Bohu\u017eia\u013e, v\u00a0takomto zlo\u017een\u00ed prav\u00fa obranu v\u00a0tejto sez\u00f3ne pravdepodobne neuvid\u00edme. Pozrite si kompletn\u00e9 v\u00fdsledky ankety ni\u017e\u0161ie. Celkovo v\u00a0nej 43 \u013eud\u00ed hlasovalo takto:<\/p>\n<ul>\n<li>2 (4,7%) \u2013 Holgate by mal zauja\u0165 post jednotky.<\/li>\n<li>3 (7%) &#8211; Holgate by mal nahradi\u0165 Kennyho v poste dvojky.<\/li>\n<li>3 (7%) &#8211; Treba nov\u00fa kvalitn\u00fa dvojku miesto Kennyho.<\/li>\n<li>5 (11,6%) &#8211; Kenny by mal zauja\u0165 post jednotky.<\/li>\n<li>11 (25,6%) &#8211; Dvojica Coleman a Kenny je posta\u010duj\u00faca.<\/li>\n<li>19 (44,2%) &#8211; Treba plnohodnotn\u00fa n\u00e1hradu za Colemana.<\/li>\n<\/ul>\n<p><img loading=\"lazy\" decoding=\"async\" class=\"size-full wp-image-8046 aligncenter\" src=\"https:\/\/evertonfc.cz\/wp-content\/uploads\/2019\/06\/Anketa-3.png\" alt=\"\" width=\"640\" height=\"338\" srcset=\"https:\/\/evertonfc.cz\/wp-content\/uploads\/2019\/06\/Anketa-3.png 640w, https:\/\/evertonfc.cz\/wp-content\/uploads\/2019\/06\/Anketa-3-300x158.png 300w\" sizes=\"(max-width: 640px) 100vw, 640px\" \/><\/p>\n","protected":false},"excerpt":{"rendered":"<p>\u00da\u010delom na\u0161ej poslednej ankety bolo zisti\u0165, ako vidia fan\u00fa\u0161ikovia situ\u00e1ciu, ktor\u00e1 sa odohr\u00e1va na poste prav\u00e9ho obrancu. Len v\u010dera Everton&hellip;<\/p>\n","protected":false},"author":1,"featured_media":0,"comment_status":"open","ping_status":"closed","template":"","tags":[],"news-category":[18],"yoast_head":"<!-- This site is optimized with the Yoast SEO plugin v23.4 - https:\/\/yoast.com\/wordpress\/plugins\/seo\/ -->\n<title>Coleman nem\u00e1 d\u00f4veru fan\u00fa\u0161ikov - Official Czech &amp; Slovak Everton Supporters&#039; Club<\/title>\n<meta name=\"robots\" content=\"index, follow, max-snippet:-1, max-image-preview:large, max-video-preview:-1\" \/>\n<link rel=\"canonical\" href=\"https:\/\/evertonfc.cz\/index.php\/news\/coleman-nema-doveru-fanusikov\/\" \/>\n<meta property=\"og:locale\" content=\"cs_CZ\" \/>\n<meta property=\"og:type\" content=\"article\" \/>\n<meta property=\"og:title\" content=\"Coleman nem\u00e1 d\u00f4veru fan\u00fa\u0161ikov - Official Czech &amp; Slovak Everton Supporters&#039; Club\" \/>\n<meta property=\"og:description\" content=\"\u00da\u010delom na\u0161ej poslednej ankety bolo zisti\u0165, ako vidia fan\u00fa\u0161ikovia situ\u00e1ciu, ktor\u00e1 sa odohr\u00e1va na poste prav\u00e9ho obrancu. Len v\u010dera Everton&hellip;\" \/>\n<meta property=\"og:url\" content=\"https:\/\/evertonfc.cz\/index.php\/news\/coleman-nema-doveru-fanusikov\/\" \/>\n<meta property=\"og:site_name\" content=\"Official Czech &amp; Slovak Everton Supporters&#039; Club\" \/>\n<meta property=\"article:publisher\" content=\"https:\/\/www.facebook.com\/everton.fans.cz.sk\" \/>\n<meta property=\"article:modified_time\" content=\"2019-06-11T10:05:01+00:00\" \/>\n<meta property=\"og:image\" content=\"https:\/\/evertonfc.cz\/wp-content\/uploads\/2019\/06\/Anketa-3.png\" \/>\n<meta name=\"twitter:card\" content=\"summary_large_image\" \/>\n<meta name=\"twitter:label1\" content=\"Odhadovan\u00e1 doba \u010dten\u00ed\" \/>\n\t<meta name=\"twitter:data1\" content=\"1 minuta\" \/>\n<script type=\"application\/ld+json\" class=\"yoast-schema-graph\">{\"@context\":\"https:\/\/schema.org\",\"@graph\":[{\"@type\":\"WebPage\",\"@id\":\"https:\/\/evertonfc.cz\/index.php\/news\/coleman-nema-doveru-fanusikov\/\",\"url\":\"https:\/\/evertonfc.cz\/index.php\/news\/coleman-nema-doveru-fanusikov\/\",\"name\":\"Coleman nem\u00e1 d\u00f4veru fan\u00fa\u0161ikov - Official Czech &amp; Slovak Everton Supporters&#039; Club\",\"isPartOf\":{\"@id\":\"https:\/\/evertonfc.cz\/#website\"},\"primaryImageOfPage\":{\"@id\":\"https:\/\/evertonfc.cz\/index.php\/news\/coleman-nema-doveru-fanusikov\/#primaryimage\"},\"image\":{\"@id\":\"https:\/\/evertonfc.cz\/index.php\/news\/coleman-nema-doveru-fanusikov\/#primaryimage\"},\"thumbnailUrl\":\"https:\/\/evertonfc.cz\/wp-content\/uploads\/2019\/06\/Anketa-3.png\",\"datePublished\":\"2019-06-11T10:00:08+00:00\",\"dateModified\":\"2019-06-11T10:05:01+00:00\",\"breadcrumb\":{\"@id\":\"https:\/\/evertonfc.cz\/index.php\/news\/coleman-nema-doveru-fanusikov\/#breadcrumb\"},\"inLanguage\":\"cs\",\"potentialAction\":[{\"@type\":\"ReadAction\",\"target\":[\"https:\/\/evertonfc.cz\/index.php\/news\/coleman-nema-doveru-fanusikov\/\"]}]},{\"@type\":\"ImageObject\",\"inLanguage\":\"cs\",\"@id\":\"https:\/\/evertonfc.cz\/index.php\/news\/coleman-nema-doveru-fanusikov\/#primaryimage\",\"url\":\"https:\/\/evertonfc.cz\/wp-content\/uploads\/2019\/06\/Anketa-3.png\",\"contentUrl\":\"https:\/\/evertonfc.cz\/wp-content\/uploads\/2019\/06\/Anketa-3.png\",\"width\":640,\"height\":338},{\"@type\":\"BreadcrumbList\",\"@id\":\"https:\/\/evertonfc.cz\/index.php\/news\/coleman-nema-doveru-fanusikov\/#breadcrumb\",\"itemListElement\":[{\"@type\":\"ListItem\",\"position\":1,\"name\":\"Home\",\"item\":\"https:\/\/evertonfc.cz\/\"},{\"@type\":\"ListItem\",\"position\":2,\"name\":\"News\",\"item\":\"https:\/\/evertonfc.cz\/index.php\/news\/\"},{\"@type\":\"ListItem\",\"position\":3,\"name\":\"Coleman nem\u00e1 d\u00f4veru fan\u00fa\u0161ikov\"}]},{\"@type\":\"WebSite\",\"@id\":\"https:\/\/evertonfc.cz\/#website\",\"url\":\"https:\/\/evertonfc.cz\/\",\"name\":\"Official Czech &amp; Slovak Everton Supporters&#039; Club\",\"description\":\"\",\"publisher\":{\"@id\":\"https:\/\/evertonfc.cz\/#organization\"},\"potentialAction\":[{\"@type\":\"SearchAction\",\"target\":{\"@type\":\"EntryPoint\",\"urlTemplate\":\"https:\/\/evertonfc.cz\/?s={search_term_string}\"},\"query-input\":{\"@type\":\"PropertyValueSpecification\",\"valueRequired\":true,\"valueName\":\"search_term_string\"}}],\"inLanguage\":\"cs\"},{\"@type\":\"Organization\",\"@id\":\"https:\/\/evertonfc.cz\/#organization\",\"name\":\"Official Czech & Slovak Everton Supporters' Club\",\"url\":\"https:\/\/evertonfc.cz\/\",\"logo\":{\"@type\":\"ImageObject\",\"inLanguage\":\"cs\",\"@id\":\"https:\/\/evertonfc.cz\/#\/schema\/logo\/image\/\",\"url\":\"https:\/\/evertonfc.cz\/wp-content\/uploads\/2019\/05\/logo.png\",\"contentUrl\":\"https:\/\/evertonfc.cz\/wp-content\/uploads\/2019\/05\/logo.png\",\"width\":112,\"height\":112,\"caption\":\"Official Czech & Slovak Everton Supporters' Club\"},\"image\":{\"@id\":\"https:\/\/evertonfc.cz\/#\/schema\/logo\/image\/\"},\"sameAs\":[\"https:\/\/www.facebook.com\/everton.fans.cz.sk\"]}]}<\/script>\n<!-- \/ Yoast SEO plugin. -->","yoast_head_json":{"title":"Coleman nem\u00e1 d\u00f4veru fan\u00fa\u0161ikov - Official Czech &amp; Slovak Everton Supporters&#039; Club","robots":{"index":"index","follow":"follow","max-snippet":"max-snippet:-1","max-image-preview":"max-image-preview:large","max-video-preview":"max-video-preview:-1"},"canonical":"https:\/\/evertonfc.cz\/index.php\/news\/coleman-nema-doveru-fanusikov\/","og_locale":"cs_CZ","og_type":"article","og_title":"Coleman nem\u00e1 d\u00f4veru fan\u00fa\u0161ikov - Official Czech &amp; Slovak Everton Supporters&#039; Club","og_description":"\u00da\u010delom na\u0161ej poslednej ankety bolo zisti\u0165, ako vidia fan\u00fa\u0161ikovia situ\u00e1ciu, ktor\u00e1 sa odohr\u00e1va na poste prav\u00e9ho obrancu. Len v\u010dera Everton&hellip;","og_url":"https:\/\/evertonfc.cz\/index.php\/news\/coleman-nema-doveru-fanusikov\/","og_site_name":"Official Czech &amp; Slovak Everton Supporters&#039; Club","article_publisher":"https:\/\/www.facebook.com\/everton.fans.cz.sk","article_modified_time":"2019-06-11T10:05:01+00:00","og_image":[{"url":"https:\/\/evertonfc.cz\/wp-content\/uploads\/2019\/06\/Anketa-3.png"}],"twitter_card":"summary_large_image","twitter_misc":{"Odhadovan\u00e1 doba \u010dten\u00ed":"1 minuta"},"schema":{"@context":"https:\/\/schema.org","@graph":[{"@type":"WebPage","@id":"https:\/\/evertonfc.cz\/index.php\/news\/coleman-nema-doveru-fanusikov\/","url":"https:\/\/evertonfc.cz\/index.php\/news\/coleman-nema-doveru-fanusikov\/","name":"Coleman nem\u00e1 d\u00f4veru fan\u00fa\u0161ikov - Official Czech &amp; Slovak Everton Supporters&#039; Club","isPartOf":{"@id":"https:\/\/evertonfc.cz\/#website"},"primaryImageOfPage":{"@id":"https:\/\/evertonfc.cz\/index.php\/news\/coleman-nema-doveru-fanusikov\/#primaryimage"},"image":{"@id":"https:\/\/evertonfc.cz\/index.php\/news\/coleman-nema-doveru-fanusikov\/#primaryimage"},"thumbnailUrl":"https:\/\/evertonfc.cz\/wp-content\/uploads\/2019\/06\/Anketa-3.png","datePublished":"2019-06-11T10:00:08+00:00","dateModified":"2019-06-11T10:05:01+00:00","breadcrumb":{"@id":"https:\/\/evertonfc.cz\/index.php\/news\/coleman-nema-doveru-fanusikov\/#breadcrumb"},"inLanguage":"cs","potentialAction":[{"@type":"ReadAction","target":["https:\/\/evertonfc.cz\/index.php\/news\/coleman-nema-doveru-fanusikov\/"]}]},{"@type":"ImageObject","inLanguage":"cs","@id":"https:\/\/evertonfc.cz\/index.php\/news\/coleman-nema-doveru-fanusikov\/#primaryimage","url":"https:\/\/evertonfc.cz\/wp-content\/uploads\/2019\/06\/Anketa-3.png","contentUrl":"https:\/\/evertonfc.cz\/wp-content\/uploads\/2019\/06\/Anketa-3.png","width":640,"height":338},{"@type":"BreadcrumbList","@id":"https:\/\/evertonfc.cz\/index.php\/news\/coleman-nema-doveru-fanusikov\/#breadcrumb","itemListElement":[{"@type":"ListItem","position":1,"name":"Home","item":"https:\/\/evertonfc.cz\/"},{"@type":"ListItem","position":2,"name":"News","item":"https:\/\/evertonfc.cz\/index.php\/news\/"},{"@type":"ListItem","position":3,"name":"Coleman nem\u00e1 d\u00f4veru fan\u00fa\u0161ikov"}]},{"@type":"WebSite","@id":"https:\/\/evertonfc.cz\/#website","url":"https:\/\/evertonfc.cz\/","name":"Official Czech &amp; Slovak Everton Supporters&#039; Club","description":"","publisher":{"@id":"https:\/\/evertonfc.cz\/#organization"},"potentialAction":[{"@type":"SearchAction","target":{"@type":"EntryPoint","urlTemplate":"https:\/\/evertonfc.cz\/?s={search_term_string}"},"query-input":{"@type":"PropertyValueSpecification","valueRequired":true,"valueName":"search_term_string"}}],"inLanguage":"cs"},{"@type":"Organization","@id":"https:\/\/evertonfc.cz\/#organization","name":"Official Czech & Slovak Everton Supporters' Club","url":"https:\/\/evertonfc.cz\/","logo":{"@type":"ImageObject","inLanguage":"cs","@id":"https:\/\/evertonfc.cz\/#\/schema\/logo\/image\/","url":"https:\/\/evertonfc.cz\/wp-content\/uploads\/2019\/05\/logo.png","contentUrl":"https:\/\/evertonfc.cz\/wp-content\/uploads\/2019\/05\/logo.png","width":112,"height":112,"caption":"Official Czech & Slovak Everton Supporters' Club"},"image":{"@id":"https:\/\/evertonfc.cz\/#\/schema\/logo\/image\/"},"sameAs":["https:\/\/www.facebook.com\/everton.fans.cz.sk"]}]}},"_links":{"self":[{"href":"https:\/\/evertonfc.cz\/index.php\/wp-json\/wp\/v2\/news\/8047"}],"collection":[{"href":"https:\/\/evertonfc.cz\/index.php\/wp-json\/wp\/v2\/news"}],"about":[{"href":"https:\/\/evertonfc.cz\/index.php\/wp-json\/wp\/v2\/types\/news"}],"author":[{"embeddable":true,"href":"https:\/\/evertonfc.cz\/index.php\/wp-json\/wp\/v2\/users\/1"}],"replies":[{"embeddable":true,"href":"https:\/\/evertonfc.cz\/index.php\/wp-json\/wp\/v2\/comments?post=8047"}],"version-history":[{"count":1,"href":"https:\/\/evertonfc.cz\/index.php\/wp-json\/wp\/v2\/news\/8047\/revisions"}],"predecessor-version":[{"id":8048,"href":"https:\/\/evertonfc.cz\/index.php\/wp-json\/wp\/v2\/news\/8047\/revisions\/8048"}],"wp:attachment":[{"href":"https:\/\/evertonfc.cz\/index.php\/wp-json\/wp\/v2\/media?parent=8047"}],"wp:term":[{"taxonomy":"post_tag","embeddable":true,"href":"https:\/\/evertonfc.cz\/index.php\/wp-json\/wp\/v2\/tags?post=8047"},{"taxonomy":"news-category","embeddable":true,"href":"https:\/\/evertonfc.cz\/index.php\/wp-json\/wp\/v2\/news-category?post=8047"}],"curies":[{"name":"wp","href":"https:\/\/api.w.org\/{rel}","templated":true}]}}