{"id":8252,"date":"2019-06-28T07:52:29","date_gmt":"2019-06-28T05:52:29","guid":{"rendered":"https:\/\/evertonfc.cz\/?post_type=news&#038;p=8252"},"modified":"2019-06-28T07:53:16","modified_gmt":"2019-06-28T05:53:16","slug":"odisiel-sigurdssonovi-najvacsi-konkurent","status":"publish","type":"news","link":"https:\/\/evertonfc.cz\/index.php\/news\/odisiel-sigurdssonovi-najvacsi-konkurent\/","title":{"rendered":"Odi\u0161iel Sigurdssonovi najv\u00e4\u010d\u0161\u00ed konkurent?"},"content":{"rendered":"<p>V\u00fdsledky poslednej ankety nazna\u010duj\u00fa, \u017ee v\u00e4\u010d\u0161ina fan\u00fa\u0161ikov videla Nikolu Vla\u0161i\u0107a ako prirodzen\u00e9ho n\u00e1stupcu Islan\u010fana, na poste ofenz\u00edvneho stredopoliara. Iste, Chorv\u00e1t, ktor\u00fd posledn\u00fa sez\u00f3nu \u017eiaril v\u00a0drese rusk\u00e9ho CSKA, na to kvality ur\u010dite m\u00e1. Len\u017ee, udalosti posledn\u00fdch dn\u00ed zastihli aj n\u00e1\u0161 prieskum nepripraven\u00fd.<\/p>\n<p>21 ro\u010dn\u00fd futbalista si zaumienil, \u017ee sa do Evertonu u\u017e pravdepodobne nikdy nevr\u00e1ti a\u00a0tak spe\u010datil minul\u00fd t\u00fd\u017ede\u0148 svoj trval\u00fd prestup do ruskej Premier ligy za pribli\u017ene 14 mili\u00f3nov libier. Bude teda klub zh\u00e1\u0148a\u0165 za\u0148ho n\u00e1hradu? Nevedno, \u010di Silva so sebavedom\u00fdm mlad\u00edkom v\u00f4bec po\u010d\u00edtal, ka\u017edop\u00e1dne sa v\u00a0k\u00e1dri st\u00e1le n\u00e1jdu men\u00e1, ktor\u00fdm by sa oplatilo da\u0165 \u0161ancu.<\/p>\n<p>Aspo\u0148 to si myslia na\u0161i respondenti. Z\u00a0nich podstatn\u00e1 \u010das\u0165 by bola dokonca ochotn\u00e1 investova\u0165 do pr\u00edchodu niekoho nov\u00e9ho, kto by popohnal snahy Sigurdssona mo\u017eno e\u0161te na vy\u0161\u0161iu \u00farove\u0148. Ka\u017edop\u00e1dne je ist\u00e9, \u017ee v\u00e4\u010d\u0161inov\u00e9 \u017eelanie fan\u00fa\u0161ikov sa v ankete nespln\u00ed. Pozrite si kompletn\u00e9 v\u00fdsledky ni\u017e\u0161ie. Celkovo v\u00a0nej 42 \u013eud\u00ed hlasovalo takto:<\/p>\n<ul>\n<li>1 (2,4%) \u2013 Niekto in\u00fd z t\u00edmu.<\/li>\n<li>2 (4,8%) \u2013 Kieran Dowell<\/li>\n<li>10 (23,8%) \u2013 Nov\u00e1 posila.<\/li>\n<li>13 (31%) \u2013 Tom Davies<\/li>\n<li>16 (38,1%) \u2013 Nikola Vla\u0161i\u0107<\/li>\n<\/ul>\n<p>&nbsp;<\/p>\n<p><img loading=\"lazy\" decoding=\"async\" class=\"size-full wp-image-8253 aligncenter\" src=\"https:\/\/evertonfc.cz\/wp-content\/uploads\/2019\/06\/Anketa-4.png\" alt=\"\" width=\"640\" height=\"281\" srcset=\"https:\/\/evertonfc.cz\/wp-content\/uploads\/2019\/06\/Anketa-4.png 640w, https:\/\/evertonfc.cz\/wp-content\/uploads\/2019\/06\/Anketa-4-300x132.png 300w\" sizes=\"(max-width: 640px) 100vw, 640px\" \/><\/p>\n","protected":false},"excerpt":{"rendered":"<p>V\u00fdsledky poslednej ankety nazna\u010duj\u00fa, \u017ee v\u00e4\u010d\u0161ina fan\u00fa\u0161ikov videla Nikolu Vla\u0161i\u0107a ako prirodzen\u00e9ho n\u00e1stupcu Islan\u010fana, na poste ofenz\u00edvneho stredopoliara. Iste, Chorv\u00e1t,&hellip;<\/p>\n","protected":false},"author":1,"featured_media":0,"comment_status":"open","ping_status":"closed","template":"","tags":[],"news-category":[18],"yoast_head":"<!-- This site is optimized with the Yoast SEO plugin v23.4 - https:\/\/yoast.com\/wordpress\/plugins\/seo\/ -->\n<title>Odi\u0161iel Sigurdssonovi najv\u00e4\u010d\u0161\u00ed konkurent? - Official Czech &amp; Slovak Everton Supporters&#039; Club<\/title>\n<meta name=\"robots\" content=\"index, follow, max-snippet:-1, max-image-preview:large, max-video-preview:-1\" \/>\n<link rel=\"canonical\" href=\"https:\/\/evertonfc.cz\/index.php\/news\/odisiel-sigurdssonovi-najvacsi-konkurent\/\" \/>\n<meta property=\"og:locale\" content=\"cs_CZ\" \/>\n<meta property=\"og:type\" content=\"article\" \/>\n<meta property=\"og:title\" content=\"Odi\u0161iel Sigurdssonovi najv\u00e4\u010d\u0161\u00ed konkurent? - Official Czech &amp; Slovak Everton Supporters&#039; Club\" \/>\n<meta property=\"og:description\" content=\"V\u00fdsledky poslednej ankety nazna\u010duj\u00fa, \u017ee v\u00e4\u010d\u0161ina fan\u00fa\u0161ikov videla Nikolu Vla\u0161i\u0107a ako prirodzen\u00e9ho n\u00e1stupcu Islan\u010fana, na poste ofenz\u00edvneho stredopoliara. Iste, Chorv\u00e1t,&hellip;\" \/>\n<meta property=\"og:url\" content=\"https:\/\/evertonfc.cz\/index.php\/news\/odisiel-sigurdssonovi-najvacsi-konkurent\/\" \/>\n<meta property=\"og:site_name\" content=\"Official Czech &amp; Slovak Everton Supporters&#039; Club\" \/>\n<meta property=\"article:publisher\" content=\"https:\/\/www.facebook.com\/everton.fans.cz.sk\" \/>\n<meta property=\"article:modified_time\" content=\"2019-06-28T05:53:16+00:00\" \/>\n<meta property=\"og:image\" content=\"https:\/\/evertonfc.cz\/wp-content\/uploads\/2019\/06\/Anketa-4.png\" \/>\n<meta name=\"twitter:card\" content=\"summary_large_image\" \/>\n<meta name=\"twitter:label1\" content=\"Odhadovan\u00e1 doba \u010dten\u00ed\" \/>\n\t<meta name=\"twitter:data1\" content=\"1 minuta\" \/>\n<script type=\"application\/ld+json\" class=\"yoast-schema-graph\">{\"@context\":\"https:\/\/schema.org\",\"@graph\":[{\"@type\":\"WebPage\",\"@id\":\"https:\/\/evertonfc.cz\/index.php\/news\/odisiel-sigurdssonovi-najvacsi-konkurent\/\",\"url\":\"https:\/\/evertonfc.cz\/index.php\/news\/odisiel-sigurdssonovi-najvacsi-konkurent\/\",\"name\":\"Odi\u0161iel Sigurdssonovi najv\u00e4\u010d\u0161\u00ed konkurent? - Official Czech &amp; Slovak Everton Supporters&#039; Club\",\"isPartOf\":{\"@id\":\"https:\/\/evertonfc.cz\/#website\"},\"primaryImageOfPage\":{\"@id\":\"https:\/\/evertonfc.cz\/index.php\/news\/odisiel-sigurdssonovi-najvacsi-konkurent\/#primaryimage\"},\"image\":{\"@id\":\"https:\/\/evertonfc.cz\/index.php\/news\/odisiel-sigurdssonovi-najvacsi-konkurent\/#primaryimage\"},\"thumbnailUrl\":\"https:\/\/evertonfc.cz\/wp-content\/uploads\/2019\/06\/Anketa-4.png\",\"datePublished\":\"2019-06-28T05:52:29+00:00\",\"dateModified\":\"2019-06-28T05:53:16+00:00\",\"breadcrumb\":{\"@id\":\"https:\/\/evertonfc.cz\/index.php\/news\/odisiel-sigurdssonovi-najvacsi-konkurent\/#breadcrumb\"},\"inLanguage\":\"cs\",\"potentialAction\":[{\"@type\":\"ReadAction\",\"target\":[\"https:\/\/evertonfc.cz\/index.php\/news\/odisiel-sigurdssonovi-najvacsi-konkurent\/\"]}]},{\"@type\":\"ImageObject\",\"inLanguage\":\"cs\",\"@id\":\"https:\/\/evertonfc.cz\/index.php\/news\/odisiel-sigurdssonovi-najvacsi-konkurent\/#primaryimage\",\"url\":\"https:\/\/evertonfc.cz\/wp-content\/uploads\/2019\/06\/Anketa-4.png\",\"contentUrl\":\"https:\/\/evertonfc.cz\/wp-content\/uploads\/2019\/06\/Anketa-4.png\",\"width\":640,\"height\":281},{\"@type\":\"BreadcrumbList\",\"@id\":\"https:\/\/evertonfc.cz\/index.php\/news\/odisiel-sigurdssonovi-najvacsi-konkurent\/#breadcrumb\",\"itemListElement\":[{\"@type\":\"ListItem\",\"position\":1,\"name\":\"Home\",\"item\":\"https:\/\/evertonfc.cz\/\"},{\"@type\":\"ListItem\",\"position\":2,\"name\":\"News\",\"item\":\"https:\/\/evertonfc.cz\/index.php\/news\/\"},{\"@type\":\"ListItem\",\"position\":3,\"name\":\"Odi\u0161iel Sigurdssonovi najv\u00e4\u010d\u0161\u00ed konkurent?\"}]},{\"@type\":\"WebSite\",\"@id\":\"https:\/\/evertonfc.cz\/#website\",\"url\":\"https:\/\/evertonfc.cz\/\",\"name\":\"Official Czech &amp; Slovak Everton Supporters&#039; Club\",\"description\":\"\",\"publisher\":{\"@id\":\"https:\/\/evertonfc.cz\/#organization\"},\"potentialAction\":[{\"@type\":\"SearchAction\",\"target\":{\"@type\":\"EntryPoint\",\"urlTemplate\":\"https:\/\/evertonfc.cz\/?s={search_term_string}\"},\"query-input\":{\"@type\":\"PropertyValueSpecification\",\"valueRequired\":true,\"valueName\":\"search_term_string\"}}],\"inLanguage\":\"cs\"},{\"@type\":\"Organization\",\"@id\":\"https:\/\/evertonfc.cz\/#organization\",\"name\":\"Official Czech & Slovak Everton Supporters' Club\",\"url\":\"https:\/\/evertonfc.cz\/\",\"logo\":{\"@type\":\"ImageObject\",\"inLanguage\":\"cs\",\"@id\":\"https:\/\/evertonfc.cz\/#\/schema\/logo\/image\/\",\"url\":\"https:\/\/evertonfc.cz\/wp-content\/uploads\/2019\/05\/logo.png\",\"contentUrl\":\"https:\/\/evertonfc.cz\/wp-content\/uploads\/2019\/05\/logo.png\",\"width\":112,\"height\":112,\"caption\":\"Official Czech & Slovak Everton Supporters' Club\"},\"image\":{\"@id\":\"https:\/\/evertonfc.cz\/#\/schema\/logo\/image\/\"},\"sameAs\":[\"https:\/\/www.facebook.com\/everton.fans.cz.sk\"]}]}<\/script>\n<!-- \/ Yoast SEO plugin. -->","yoast_head_json":{"title":"Odi\u0161iel Sigurdssonovi najv\u00e4\u010d\u0161\u00ed konkurent? - Official Czech &amp; Slovak Everton Supporters&#039; Club","robots":{"index":"index","follow":"follow","max-snippet":"max-snippet:-1","max-image-preview":"max-image-preview:large","max-video-preview":"max-video-preview:-1"},"canonical":"https:\/\/evertonfc.cz\/index.php\/news\/odisiel-sigurdssonovi-najvacsi-konkurent\/","og_locale":"cs_CZ","og_type":"article","og_title":"Odi\u0161iel Sigurdssonovi najv\u00e4\u010d\u0161\u00ed konkurent? - Official Czech &amp; Slovak Everton Supporters&#039; Club","og_description":"V\u00fdsledky poslednej ankety nazna\u010duj\u00fa, \u017ee v\u00e4\u010d\u0161ina fan\u00fa\u0161ikov videla Nikolu Vla\u0161i\u0107a ako prirodzen\u00e9ho n\u00e1stupcu Islan\u010fana, na poste ofenz\u00edvneho stredopoliara. Iste, Chorv\u00e1t,&hellip;","og_url":"https:\/\/evertonfc.cz\/index.php\/news\/odisiel-sigurdssonovi-najvacsi-konkurent\/","og_site_name":"Official Czech &amp; Slovak Everton Supporters&#039; Club","article_publisher":"https:\/\/www.facebook.com\/everton.fans.cz.sk","article_modified_time":"2019-06-28T05:53:16+00:00","og_image":[{"url":"https:\/\/evertonfc.cz\/wp-content\/uploads\/2019\/06\/Anketa-4.png"}],"twitter_card":"summary_large_image","twitter_misc":{"Odhadovan\u00e1 doba \u010dten\u00ed":"1 minuta"},"schema":{"@context":"https:\/\/schema.org","@graph":[{"@type":"WebPage","@id":"https:\/\/evertonfc.cz\/index.php\/news\/odisiel-sigurdssonovi-najvacsi-konkurent\/","url":"https:\/\/evertonfc.cz\/index.php\/news\/odisiel-sigurdssonovi-najvacsi-konkurent\/","name":"Odi\u0161iel Sigurdssonovi najv\u00e4\u010d\u0161\u00ed konkurent? - Official Czech &amp; Slovak Everton Supporters&#039; Club","isPartOf":{"@id":"https:\/\/evertonfc.cz\/#website"},"primaryImageOfPage":{"@id":"https:\/\/evertonfc.cz\/index.php\/news\/odisiel-sigurdssonovi-najvacsi-konkurent\/#primaryimage"},"image":{"@id":"https:\/\/evertonfc.cz\/index.php\/news\/odisiel-sigurdssonovi-najvacsi-konkurent\/#primaryimage"},"thumbnailUrl":"https:\/\/evertonfc.cz\/wp-content\/uploads\/2019\/06\/Anketa-4.png","datePublished":"2019-06-28T05:52:29+00:00","dateModified":"2019-06-28T05:53:16+00:00","breadcrumb":{"@id":"https:\/\/evertonfc.cz\/index.php\/news\/odisiel-sigurdssonovi-najvacsi-konkurent\/#breadcrumb"},"inLanguage":"cs","potentialAction":[{"@type":"ReadAction","target":["https:\/\/evertonfc.cz\/index.php\/news\/odisiel-sigurdssonovi-najvacsi-konkurent\/"]}]},{"@type":"ImageObject","inLanguage":"cs","@id":"https:\/\/evertonfc.cz\/index.php\/news\/odisiel-sigurdssonovi-najvacsi-konkurent\/#primaryimage","url":"https:\/\/evertonfc.cz\/wp-content\/uploads\/2019\/06\/Anketa-4.png","contentUrl":"https:\/\/evertonfc.cz\/wp-content\/uploads\/2019\/06\/Anketa-4.png","width":640,"height":281},{"@type":"BreadcrumbList","@id":"https:\/\/evertonfc.cz\/index.php\/news\/odisiel-sigurdssonovi-najvacsi-konkurent\/#breadcrumb","itemListElement":[{"@type":"ListItem","position":1,"name":"Home","item":"https:\/\/evertonfc.cz\/"},{"@type":"ListItem","position":2,"name":"News","item":"https:\/\/evertonfc.cz\/index.php\/news\/"},{"@type":"ListItem","position":3,"name":"Odi\u0161iel Sigurdssonovi najv\u00e4\u010d\u0161\u00ed konkurent?"}]},{"@type":"WebSite","@id":"https:\/\/evertonfc.cz\/#website","url":"https:\/\/evertonfc.cz\/","name":"Official Czech &amp; Slovak Everton Supporters&#039; Club","description":"","publisher":{"@id":"https:\/\/evertonfc.cz\/#organization"},"potentialAction":[{"@type":"SearchAction","target":{"@type":"EntryPoint","urlTemplate":"https:\/\/evertonfc.cz\/?s={search_term_string}"},"query-input":{"@type":"PropertyValueSpecification","valueRequired":true,"valueName":"search_term_string"}}],"inLanguage":"cs"},{"@type":"Organization","@id":"https:\/\/evertonfc.cz\/#organization","name":"Official Czech & Slovak Everton Supporters' Club","url":"https:\/\/evertonfc.cz\/","logo":{"@type":"ImageObject","inLanguage":"cs","@id":"https:\/\/evertonfc.cz\/#\/schema\/logo\/image\/","url":"https:\/\/evertonfc.cz\/wp-content\/uploads\/2019\/05\/logo.png","contentUrl":"https:\/\/evertonfc.cz\/wp-content\/uploads\/2019\/05\/logo.png","width":112,"height":112,"caption":"Official Czech & Slovak Everton Supporters' Club"},"image":{"@id":"https:\/\/evertonfc.cz\/#\/schema\/logo\/image\/"},"sameAs":["https:\/\/www.facebook.com\/everton.fans.cz.sk"]}]}},"_links":{"self":[{"href":"https:\/\/evertonfc.cz\/index.php\/wp-json\/wp\/v2\/news\/8252"}],"collection":[{"href":"https:\/\/evertonfc.cz\/index.php\/wp-json\/wp\/v2\/news"}],"about":[{"href":"https:\/\/evertonfc.cz\/index.php\/wp-json\/wp\/v2\/types\/news"}],"author":[{"embeddable":true,"href":"https:\/\/evertonfc.cz\/index.php\/wp-json\/wp\/v2\/users\/1"}],"replies":[{"embeddable":true,"href":"https:\/\/evertonfc.cz\/index.php\/wp-json\/wp\/v2\/comments?post=8252"}],"version-history":[{"count":0,"href":"https:\/\/evertonfc.cz\/index.php\/wp-json\/wp\/v2\/news\/8252\/revisions"}],"wp:attachment":[{"href":"https:\/\/evertonfc.cz\/index.php\/wp-json\/wp\/v2\/media?parent=8252"}],"wp:term":[{"taxonomy":"post_tag","embeddable":true,"href":"https:\/\/evertonfc.cz\/index.php\/wp-json\/wp\/v2\/tags?post=8252"},{"taxonomy":"news-category","embeddable":true,"href":"https:\/\/evertonfc.cz\/index.php\/wp-json\/wp\/v2\/news-category?post=8252"}],"curies":[{"name":"wp","href":"https:\/\/api.w.org\/{rel}","templated":true}]}}