{"id":8436,"date":"2019-07-13T13:07:15","date_gmt":"2019-07-13T11:07:15","guid":{"rendered":"https:\/\/evertonfc.cz\/?post_type=news&#038;p=8436"},"modified":"2019-07-13T13:13:27","modified_gmt":"2019-07-13T11:13:27","slug":"garbutt-opet-na-hostovani","status":"publish","type":"news","link":"https:\/\/evertonfc.cz\/index.php\/news\/garbutt-opet-na-hostovani\/","title":{"rendered":"Garbutt op\u011bt na hostov\u00e1n\u00ed"},"content":{"rendered":"<p>Luke Garbutt, kter\u00fd je v Evertonu dlouhodob\u011b necht\u011bn\u00fdm hr\u00e1\u010dem, bude tak\u00e9 v nadch\u00e1zej\u00edc\u00ed sez\u00f3n\u011b nastupovat v t\u0159et\u00ed anglick\u00e9 lize. Po ro\u010dn\u00edm hostov\u00e1n\u00ed v Oxfordu United tentokr\u00e1t m\u00ed\u0159\u00ed do Ipswiche Town, jen\u017e v lo\u0148sk\u00e9 sez\u00f3n\u011b skon\u010dil na posledn\u00edm m\u00edst\u011b v tabulce druh\u00e9 anglick\u00e9 ligy.<\/p>\n<p>26let\u00e9mu lev\u00e9mu bekovi vypr\u0161\u00ed p\u0159\u00ed\u0161t\u00ed rok v Evertonu nadstandardn\u00ed p\u011btilet\u00fd kontrakt s t\u00fddenn\u00edm p\u0159\u00edjmem ve v\u00fd\u0161i 28 tis\u00edc liber, a tak se s nejv\u011bt\u0161\u00ed pravd\u011bpodobnost\u00ed na Goodison Park u\u017e nevr\u00e1t\u00ed.<\/p>\n","protected":false},"excerpt":{"rendered":"<p>Luke Garbutt, kter\u00fd je v Evertonu dlouhodob\u011b necht\u011bn\u00fdm hr\u00e1\u010dem, bude tak\u00e9 v nadch\u00e1zej\u00edc\u00ed sez\u00f3n\u011b nastupovat v t\u0159et\u00ed anglick\u00e9 lize. Po&hellip;<\/p>\n","protected":false},"author":6,"featured_media":0,"comment_status":"open","ping_status":"closed","template":"","tags":[],"news-category":[18],"yoast_head":"<!-- This site is optimized with the Yoast SEO plugin v23.4 - https:\/\/yoast.com\/wordpress\/plugins\/seo\/ -->\n<title>Garbutt op\u011bt na hostov\u00e1n\u00ed - Official Czech &amp; Slovak Everton Supporters&#039; Club<\/title>\n<meta name=\"robots\" content=\"index, follow, max-snippet:-1, max-image-preview:large, max-video-preview:-1\" \/>\n<link rel=\"canonical\" href=\"https:\/\/evertonfc.cz\/index.php\/news\/garbutt-opet-na-hostovani\/\" \/>\n<meta property=\"og:locale\" content=\"cs_CZ\" \/>\n<meta property=\"og:type\" content=\"article\" \/>\n<meta property=\"og:title\" content=\"Garbutt op\u011bt na hostov\u00e1n\u00ed - Official Czech &amp; Slovak Everton Supporters&#039; Club\" \/>\n<meta property=\"og:description\" content=\"Luke Garbutt, kter\u00fd je v Evertonu dlouhodob\u011b necht\u011bn\u00fdm hr\u00e1\u010dem, bude tak\u00e9 v nadch\u00e1zej\u00edc\u00ed sez\u00f3n\u011b nastupovat v t\u0159et\u00ed anglick\u00e9 lize. Po&hellip;\" \/>\n<meta property=\"og:url\" content=\"https:\/\/evertonfc.cz\/index.php\/news\/garbutt-opet-na-hostovani\/\" \/>\n<meta property=\"og:site_name\" content=\"Official Czech &amp; Slovak Everton Supporters&#039; Club\" \/>\n<meta property=\"article:publisher\" content=\"https:\/\/www.facebook.com\/everton.fans.cz.sk\" \/>\n<meta property=\"article:modified_time\" content=\"2019-07-13T11:13:27+00:00\" \/>\n<meta name=\"twitter:card\" content=\"summary_large_image\" \/>\n<meta name=\"twitter:label1\" content=\"Odhadovan\u00e1 doba \u010dten\u00ed\" \/>\n\t<meta name=\"twitter:data1\" content=\"1 minuta\" \/>\n<script type=\"application\/ld+json\" class=\"yoast-schema-graph\">{\"@context\":\"https:\/\/schema.org\",\"@graph\":[{\"@type\":\"WebPage\",\"@id\":\"https:\/\/evertonfc.cz\/index.php\/news\/garbutt-opet-na-hostovani\/\",\"url\":\"https:\/\/evertonfc.cz\/index.php\/news\/garbutt-opet-na-hostovani\/\",\"name\":\"Garbutt op\u011bt na hostov\u00e1n\u00ed - Official Czech &amp; Slovak Everton Supporters&#039; Club\",\"isPartOf\":{\"@id\":\"https:\/\/evertonfc.cz\/#website\"},\"datePublished\":\"2019-07-13T11:07:15+00:00\",\"dateModified\":\"2019-07-13T11:13:27+00:00\",\"breadcrumb\":{\"@id\":\"https:\/\/evertonfc.cz\/index.php\/news\/garbutt-opet-na-hostovani\/#breadcrumb\"},\"inLanguage\":\"cs\",\"potentialAction\":[{\"@type\":\"ReadAction\",\"target\":[\"https:\/\/evertonfc.cz\/index.php\/news\/garbutt-opet-na-hostovani\/\"]}]},{\"@type\":\"BreadcrumbList\",\"@id\":\"https:\/\/evertonfc.cz\/index.php\/news\/garbutt-opet-na-hostovani\/#breadcrumb\",\"itemListElement\":[{\"@type\":\"ListItem\",\"position\":1,\"name\":\"Home\",\"item\":\"https:\/\/evertonfc.cz\/\"},{\"@type\":\"ListItem\",\"position\":2,\"name\":\"News\",\"item\":\"https:\/\/evertonfc.cz\/index.php\/news\/\"},{\"@type\":\"ListItem\",\"position\":3,\"name\":\"Garbutt op\u011bt na hostov\u00e1n\u00ed\"}]},{\"@type\":\"WebSite\",\"@id\":\"https:\/\/evertonfc.cz\/#website\",\"url\":\"https:\/\/evertonfc.cz\/\",\"name\":\"Official Czech &amp; Slovak Everton Supporters&#039; Club\",\"description\":\"\",\"publisher\":{\"@id\":\"https:\/\/evertonfc.cz\/#organization\"},\"potentialAction\":[{\"@type\":\"SearchAction\",\"target\":{\"@type\":\"EntryPoint\",\"urlTemplate\":\"https:\/\/evertonfc.cz\/?s={search_term_string}\"},\"query-input\":{\"@type\":\"PropertyValueSpecification\",\"valueRequired\":true,\"valueName\":\"search_term_string\"}}],\"inLanguage\":\"cs\"},{\"@type\":\"Organization\",\"@id\":\"https:\/\/evertonfc.cz\/#organization\",\"name\":\"Official Czech & Slovak Everton Supporters' Club\",\"url\":\"https:\/\/evertonfc.cz\/\",\"logo\":{\"@type\":\"ImageObject\",\"inLanguage\":\"cs\",\"@id\":\"https:\/\/evertonfc.cz\/#\/schema\/logo\/image\/\",\"url\":\"https:\/\/evertonfc.cz\/wp-content\/uploads\/2019\/05\/logo.png\",\"contentUrl\":\"https:\/\/evertonfc.cz\/wp-content\/uploads\/2019\/05\/logo.png\",\"width\":112,\"height\":112,\"caption\":\"Official Czech & Slovak Everton Supporters' Club\"},\"image\":{\"@id\":\"https:\/\/evertonfc.cz\/#\/schema\/logo\/image\/\"},\"sameAs\":[\"https:\/\/www.facebook.com\/everton.fans.cz.sk\"]}]}<\/script>\n<!-- \/ Yoast SEO plugin. -->","yoast_head_json":{"title":"Garbutt op\u011bt na hostov\u00e1n\u00ed - Official Czech &amp; Slovak Everton Supporters&#039; Club","robots":{"index":"index","follow":"follow","max-snippet":"max-snippet:-1","max-image-preview":"max-image-preview:large","max-video-preview":"max-video-preview:-1"},"canonical":"https:\/\/evertonfc.cz\/index.php\/news\/garbutt-opet-na-hostovani\/","og_locale":"cs_CZ","og_type":"article","og_title":"Garbutt op\u011bt na hostov\u00e1n\u00ed - Official Czech &amp; Slovak Everton Supporters&#039; Club","og_description":"Luke Garbutt, kter\u00fd je v Evertonu dlouhodob\u011b necht\u011bn\u00fdm hr\u00e1\u010dem, bude tak\u00e9 v nadch\u00e1zej\u00edc\u00ed sez\u00f3n\u011b nastupovat v t\u0159et\u00ed anglick\u00e9 lize. Po&hellip;","og_url":"https:\/\/evertonfc.cz\/index.php\/news\/garbutt-opet-na-hostovani\/","og_site_name":"Official Czech &amp; Slovak Everton Supporters&#039; Club","article_publisher":"https:\/\/www.facebook.com\/everton.fans.cz.sk","article_modified_time":"2019-07-13T11:13:27+00:00","twitter_card":"summary_large_image","twitter_misc":{"Odhadovan\u00e1 doba \u010dten\u00ed":"1 minuta"},"schema":{"@context":"https:\/\/schema.org","@graph":[{"@type":"WebPage","@id":"https:\/\/evertonfc.cz\/index.php\/news\/garbutt-opet-na-hostovani\/","url":"https:\/\/evertonfc.cz\/index.php\/news\/garbutt-opet-na-hostovani\/","name":"Garbutt op\u011bt na hostov\u00e1n\u00ed - Official Czech &amp; Slovak Everton Supporters&#039; Club","isPartOf":{"@id":"https:\/\/evertonfc.cz\/#website"},"datePublished":"2019-07-13T11:07:15+00:00","dateModified":"2019-07-13T11:13:27+00:00","breadcrumb":{"@id":"https:\/\/evertonfc.cz\/index.php\/news\/garbutt-opet-na-hostovani\/#breadcrumb"},"inLanguage":"cs","potentialAction":[{"@type":"ReadAction","target":["https:\/\/evertonfc.cz\/index.php\/news\/garbutt-opet-na-hostovani\/"]}]},{"@type":"BreadcrumbList","@id":"https:\/\/evertonfc.cz\/index.php\/news\/garbutt-opet-na-hostovani\/#breadcrumb","itemListElement":[{"@type":"ListItem","position":1,"name":"Home","item":"https:\/\/evertonfc.cz\/"},{"@type":"ListItem","position":2,"name":"News","item":"https:\/\/evertonfc.cz\/index.php\/news\/"},{"@type":"ListItem","position":3,"name":"Garbutt op\u011bt na hostov\u00e1n\u00ed"}]},{"@type":"WebSite","@id":"https:\/\/evertonfc.cz\/#website","url":"https:\/\/evertonfc.cz\/","name":"Official Czech &amp; Slovak Everton Supporters&#039; Club","description":"","publisher":{"@id":"https:\/\/evertonfc.cz\/#organization"},"potentialAction":[{"@type":"SearchAction","target":{"@type":"EntryPoint","urlTemplate":"https:\/\/evertonfc.cz\/?s={search_term_string}"},"query-input":{"@type":"PropertyValueSpecification","valueRequired":true,"valueName":"search_term_string"}}],"inLanguage":"cs"},{"@type":"Organization","@id":"https:\/\/evertonfc.cz\/#organization","name":"Official Czech & Slovak Everton Supporters' Club","url":"https:\/\/evertonfc.cz\/","logo":{"@type":"ImageObject","inLanguage":"cs","@id":"https:\/\/evertonfc.cz\/#\/schema\/logo\/image\/","url":"https:\/\/evertonfc.cz\/wp-content\/uploads\/2019\/05\/logo.png","contentUrl":"https:\/\/evertonfc.cz\/wp-content\/uploads\/2019\/05\/logo.png","width":112,"height":112,"caption":"Official Czech & Slovak Everton Supporters' Club"},"image":{"@id":"https:\/\/evertonfc.cz\/#\/schema\/logo\/image\/"},"sameAs":["https:\/\/www.facebook.com\/everton.fans.cz.sk"]}]}},"_links":{"self":[{"href":"https:\/\/evertonfc.cz\/index.php\/wp-json\/wp\/v2\/news\/8436"}],"collection":[{"href":"https:\/\/evertonfc.cz\/index.php\/wp-json\/wp\/v2\/news"}],"about":[{"href":"https:\/\/evertonfc.cz\/index.php\/wp-json\/wp\/v2\/types\/news"}],"author":[{"embeddable":true,"href":"https:\/\/evertonfc.cz\/index.php\/wp-json\/wp\/v2\/users\/6"}],"replies":[{"embeddable":true,"href":"https:\/\/evertonfc.cz\/index.php\/wp-json\/wp\/v2\/comments?post=8436"}],"version-history":[{"count":1,"href":"https:\/\/evertonfc.cz\/index.php\/wp-json\/wp\/v2\/news\/8436\/revisions"}],"predecessor-version":[{"id":8437,"href":"https:\/\/evertonfc.cz\/index.php\/wp-json\/wp\/v2\/news\/8436\/revisions\/8437"}],"wp:attachment":[{"href":"https:\/\/evertonfc.cz\/index.php\/wp-json\/wp\/v2\/media?parent=8436"}],"wp:term":[{"taxonomy":"post_tag","embeddable":true,"href":"https:\/\/evertonfc.cz\/index.php\/wp-json\/wp\/v2\/tags?post=8436"},{"taxonomy":"news-category","embeddable":true,"href":"https:\/\/evertonfc.cz\/index.php\/wp-json\/wp\/v2\/news-category?post=8436"}],"curies":[{"name":"wp","href":"https:\/\/api.w.org\/{rel}","templated":true}]}}